{"id":285711,"date":"2026-09-03T01:22:17","date_gmt":"2026-09-03T01:22:17","guid":{"rendered":"https:\/\/www.europesays.com\/ro\/285711\/"},"modified":"2026-09-03T01:22:17","modified_gmt":"2026-09-03T01:22:17","slug":"anre-a-inregistrat-primele-doua-comunitati-de-energie-in-registrul-national-al-comunitatilor-de-energie","status":"publish","type":"post","link":"https:\/\/www.europesays.com\/ro\/285711\/","title":{"rendered":"ANRE a \u00eenregistrat primele dou\u0103 comunit\u0103\u0163i de energie \u00een Registrul na\u0163ional al comunit\u0103\u0163ilor de energie"},"content":{"rendered":"<p>                        <img loading=\"lazy\" decoding=\"async\" width=\"30\" height=\"30\" src=\"https:\/\/www.europesays.com\/ro\/wp-content\/uploads\/2026\/09\/1788398537_814_google-g.png\" alt=\"Google Split\"\/>    <\/p>\n<p id=\"p-0\">Autoritatea Na\u0163ional\u0103 de Reglementare \u00een domeniul Energiei (ANRE) anun\u0163\u0103 \u00eenregistrarea, \u00een premier\u0103 \u00een Rom\u00e2nia, a primelor dou\u0103 comunit\u0103\u0163i de energie \u00een Registrul na\u0163ional al comunit\u0103\u0163ilor de energie (RNCE), transmite Agerpres.<\/p>\n<p id=\"p-1\">\u201eANRE anun\u0163\u0103 \u00eenregistrarea, \u00een Registrul na\u0163ional al comunit\u0103\u0163ilor de energie, a primei Comunit\u0103\u0163i de Energie din Surse Regenerabile (CESR), Asocia\u0163ia Comunitatea Portului, \u00een conformitate cu prevederile Ordinului pre\u015fedintelui ANRE nr. 50\/2026\u201d, se arat\u0103 \u00eentr-o postare pe Facebook a Autorit\u0103\u0163ii.<\/p>\n<p>&#8211; articolul continu\u0103 mai jos &#8211;<\/p>\n<p id=\"p-2\">Este vorba despre Asocia\u0163ia Comunitatea Portului din Gala\u021bi.<\/p>\n<p id=\"p-3\">ANRE reaminte\u015fte, totodat\u0103, de recenta \u00eenregistrare \u00een Registrul na\u0163ional al comunit\u0103\u0163ilor de energie \u015fi a primei Comunit\u0103\u0163i de Energie a Cet\u0103\u0163enilor (CEC), Societatea Cooperativa Energetic\u0103 Mic\u0103sasa Coop din jude\u0163ul Sibiu.<\/p>\n<p id=\"p-4\">\u00cenregistrarea celor dou\u0103 comunit\u0103\u0163i marcheaz\u0103 opera\u0163ionalizarea efectiv\u0103 a RNCE \u015fi reprezint\u0103 un pas important \u00een dezvoltarea, la nivel na\u0163ional, a acestui nou model de participare activ\u0103 a cet\u0103\u0163enilor \u015fi a actorilor locali la pia\u0163a de energie.<\/p>\n<p id=\"p-5\">ANRE \u00eencurajeaz\u0103 cet\u0103\u0163enii \u015fi entit\u0103\u0163ile eligibile interesate s\u0103 dezvolte \u015fi s\u0103 \u00eenregistreze comunit\u0103\u0163i de energie, contribuind astfel la cre\u015fterea particip\u0103rii active a consumatorilor \u015fi la dezvoltarea produc\u0163iei locale de energie.<\/p>\n<p id=\"p-6\">Registrul Na\u0163ional al Comunit\u0103\u0163ilor de Energie este un instrument administrat de ANRE creat pentru a \u00eenregistra \u015fi opera\u0163ionaliza comunit\u0103\u0163ile de energie din Rom\u00e2nia. RNCE ofer\u0103 cadrul formal pentru ca cet\u0103\u0163enii, IMM-urile \u015fi autorit\u0103\u0163ile locale s\u0103 produc\u0103, s\u0103 consume, s\u0103 stocheze \u015fi s\u0103 v\u00e2nd\u0103 energie regenerabil\u0103 la nivel local.<\/p>\n","protected":false},"excerpt":{"rendered":"Autoritatea Na\u0163ional\u0103 de Reglementare \u00een domeniul Energiei (ANRE) anun\u0163\u0103 \u00eenregistrarea, \u00een premier\u0103 \u00een Rom\u00e2nia, a primelor dou\u0103 comunit\u0103\u0163i&hellip;\n","protected":false},"author":2,"featured_media":285712,"comment_status":"","ping_status":"","sticky":false,"template":"","format":"standard","meta":{"footnotes":"","_share_on_mastodon":"0"},"categories":[10],"tags":[2115,32,33,31,78651,36,37,9935,27,34,35,25,41,40,38,39,26,28,29,30],"class_list":["post-285711","post","type-post","status-publish","format-standard","has-post-thumbnail","category-romania","tag-anre","tag-breaking-news","tag-breakingnews","tag-cele-mai-populare-subiecte","tag-comunitati-de-energie","tag-featured-news","tag-featurednews","tag-galati","tag-headlines","tag-latest-news","tag-latestnews","tag-news","tag-ro","tag-romana","tag-romania","tag-romanian","tag-stiri","tag-titluri","tag-top-stories","tag-topstories"],"share_on_mastodon":{"url":"https:\/\/pubeurope.com\/@ro\/117204494001080747","error":""},"_links":{"self":[{"href":"https:\/\/www.europesays.com\/ro\/wp-json\/wp\/v2\/posts\/285711","targetHints":{"allow":["GET"]}}],"collection":[{"href":"https:\/\/www.europesays.com\/ro\/wp-json\/wp\/v2\/posts"}],"about":[{"href":"https:\/\/www.europesays.com\/ro\/wp-json\/wp\/v2\/types\/post"}],"author":[{"embeddable":true,"href":"https:\/\/www.europesays.com\/ro\/wp-json\/wp\/v2\/users\/2"}],"replies":[{"embeddable":true,"href":"https:\/\/www.europesays.com\/ro\/wp-json\/wp\/v2\/comments?post=285711"}],"version-history":[{"count":0,"href":"https:\/\/www.europesays.com\/ro\/wp-json\/wp\/v2\/posts\/285711\/revisions"}],"wp:featuredmedia":[{"embeddable":true,"href":"https:\/\/www.europesays.com\/ro\/wp-json\/wp\/v2\/media\/285712"}],"wp:attachment":[{"href":"https:\/\/www.europesays.com\/ro\/wp-json\/wp\/v2\/media?parent=285711"}],"wp:term":[{"taxonomy":"category","embeddable":true,"href":"https:\/\/www.europesays.com\/ro\/wp-json\/wp\/v2\/categories?post=285711"},{"taxonomy":"post_tag","embeddable":true,"href":"https:\/\/www.europesays.com\/ro\/wp-json\/wp\/v2\/tags?post=285711"}],"curies":[{"name":"wp","href":"https:\/\/api.w.org\/{rel}","templated":true}]}}