{"id":285797,"date":"2026-09-03T02:43:17","date_gmt":"2026-09-03T02:43:17","guid":{"rendered":"https:\/\/www.europesays.com\/ro\/285797\/"},"modified":"2026-09-03T02:43:17","modified_gmt":"2026-09-03T02:43:17","slug":"lucruri-de-facut-inainte-de-actualizarea-la-ios-27","status":"publish","type":"post","link":"https:\/\/www.europesays.com\/ro\/285797\/","title":{"rendered":"Lucruri de f\u0103cut \u00eenainte de actualizarea la iOS 27"},"content":{"rendered":"<p class=\"PlaygroundEditorTheme__paragraph\" dir=\"ltr\">Sistemul de operare iOS 27 este a\u0219teptat s\u0103 fie lansat \u00een aceast\u0103 toamn\u0103, aduc\u00e2nd o nou\u0103 experien\u021b\u0103 Siri, actualiz\u0103ri Liquid Glass \u0219i \u00eembun\u0103t\u0103\u021biri Visual Intelligence pentru iPhone 11 \u0219i modelele ulterioare. \u00cens\u0103, \u00eenainte de a face upgrade la noua versiune, trebuie s\u0103 face\u021bi c\u00e2teva lucruri importante pentru a evita afectarea datelor de pe iPhone.<\/p>\n<p> Ce trebuie s\u0103 faci pentru a face upgrade la iOS 27 f\u0103r\u0103 probleme \u0219i a evita riscurile pentru iPhone-ul t\u0103u.<\/p>\n<p class=\"PlaygroundEditorTheme__paragraph\" dir=\"ltr\"> Pentru a preveni riscul unor erori software care ar putea duce la pierderea datelor sau ar putea necesita o resetare la set\u0103rile din fabric\u0103, copierea de rezerv\u0103 a iPhone-ului este o prioritate obligatorie \u00eenainte de actualizare. Utilizatorii pot crea \u00een mod proactiv copii de rezerv\u0103 ale datelor prin intermediul platformei cloud iCloud sau \u00ee\u0219i pot conecta iPhone-ul la un computer pentru a le crea copii de rezerv\u0103 prin Finder pe un Mac sau iTunes pe Windows. <\/p>\n<p class=\"PlaygroundEditorTheme__paragraph\" dir=\"ltr\"><img loading=\"lazy\" decoding=\"async\" style=\"cursor:pointer\" src=\"https:\/\/www.europesays.com\/ro\/wp-content\/uploads\/2026\/09\/1788335029720_ios-17883247315152097872933.jpeg\" alt=\"Lucruri de f\u0103cut \u00eenainte de actualizarea la iOS 27 - Imaginea 1.\" width=\"1672\" height=\"941\"\/><\/p>\n<p>S-ar putea s\u0103 v\u0103 plac\u0103 \u0219i<\/p>\n<p class=\"PlaygroundEditorTheme__paragraph\" dir=\"ltr\"> \u00cenainte de a face upgrade la iOS 27, iPhone-urile trebuie preg\u0103tite \u00een c\u00e2teva moduri.<\/p>\n<p class=\"PlaygroundEditorTheme__paragraph\" dir=\"ltr\"> FOTO: CHATGPT<\/p>\n<p class=\"PlaygroundEditorTheme__paragraph\" dir=\"ltr\"> De\u0219i dimensiunea a\u0219teptat\u0103 a pachetului de instalare este sub 5 GB, utilizatorii trebuie totu\u0219i s\u0103 elibereze \u00eentre 18 \u0219i 25 GB de spa\u021biu de stocare pentru a asigura un proces de actualizare f\u0103r\u0103 probleme. Pute\u021bi accesa Stocarea iPhone-ului \u00een General pentru a \u0219terge ata\u0219amentele mari din aplica\u021bia Mesaje sau pentru a \u00eembina fotografiile duplicate. \u00cen plus, func\u021bia Desc\u0103rcare aplica\u021bie ajut\u0103 la eliberarea eficient\u0103 a spa\u021biului de stocare, p\u0103str\u00e2nd \u00een acela\u0219i timp datele personale atunci c\u00e2nd redesc\u0103rca\u021bi aplica\u021bii.<\/p>\n<p class=\"PlaygroundEditorTheme__paragraph\" dir=\"ltr\"> Utilizatorii ar trebui s\u0103 verifice compatibilitatea software-ului important, cum ar fi aplica\u021biile de serviciu, de studiu sau bancare, deoarece este posibil ca dezvoltatorii s\u0103 nu fi lansat \u00eenc\u0103 noi patch-uri. De asemenea, este esen\u021bial s\u0103 v\u0103 aminti\u021bi ID-ul <a class=\"data-link\" data-org-href=\"https:\/\/www.vietnam.vn\/ro\/tag\/apple\" href=\"https:\/\/www.vietnam.vn\/ro\/tag\/apple\" title=\"M\u0103r\" target=\"_blank\" rel=\"nofollow noopener\">Apple<\/a> \u0219i parola ecranului de blocare pentru a evita intrarea \u00een modul Recuperare, ceea ce poate duce la pierderea datelor. Dac\u0103 aplica\u021biile esen\u021biale nu sunt gata, pute\u021bi lua \u00een considerare am\u00e2narea actualiz\u0103rii sau utilizarea temporar\u0103 a unui computer.<\/p>\n<p>S-ar putea s\u0103 v\u0103 plac\u0103 \u0219i<\/p>\n<p class=\"PlaygroundEditorTheme__paragraph\" dir=\"ltr\"> Procesul major de actualizare a sistemului de operare poate dura peste o or\u0103, a\u0219a c\u0103 dispozitivele trebuie s\u0103 fie complet \u00eenc\u0103rcate \u0219i s\u0103 men\u021bin\u0103 o conexiune Wi-Fi stabil\u0103 la domiciliu. De asemenea, utilizatorii pot alege s\u0103 a\u0219tepte c\u00e2teva zile sau s\u0103pt\u0103m\u00e2ni pentru a primi feedback de la comunitatea tehnic\u0103 \u00eenainte de actualizare. Aceast\u0103 \u00eent\u00e2rziere permite Apple s\u0103 remedieze erorile ini\u021biale \u0219i s\u0103 lanseze patch-uri de securitate mai complete.<\/p>\n<p class=\"PlaygroundEditorTheme__paragraph\" dir=\"ltr\"> Surs\u0103: https:\/\/thanhnien.vn\/nhung-dieu-can-lam-truoc-khi-cap-nhat-len-ios-27-185260902114739011.htm<\/p>\n","protected":false},"excerpt":{"rendered":"Sistemul de operare iOS 27 este a\u0219teptat s\u0103 fie lansat \u00een aceast\u0103 toamn\u0103, aduc\u00e2nd o nou\u0103 experien\u021b\u0103 Siri,&hellip;\n","protected":false},"author":2,"featured_media":285798,"comment_status":"","ping_status":"","sticky":false,"template":"","format":"standard","meta":{"footnotes":"","_share_on_mastodon":"0"},"categories":[16],"tags":[4617,73733,78663,68431,65334,41,40,38,39,14381,141,124],"class_list":["post-285797","post","type-post","status-publish","format-standard","has-post-thumbnail","category-tehnologie","tag-actualizare","tag-actualizare-ios","tag-copiere-de-rezerva-pentru-iphone","tag-mar","tag-patch-de-securitate","tag-ro","tag-romana","tag-romania","tag-romanian","tag-siri","tag-technology","tag-tehnologie"],"share_on_mastodon":{"url":"https:\/\/pubeurope.com\/@ro\/117204812574373526","error":""},"_links":{"self":[{"href":"https:\/\/www.europesays.com\/ro\/wp-json\/wp\/v2\/posts\/285797","targetHints":{"allow":["GET"]}}],"collection":[{"href":"https:\/\/www.europesays.com\/ro\/wp-json\/wp\/v2\/posts"}],"about":[{"href":"https:\/\/www.europesays.com\/ro\/wp-json\/wp\/v2\/types\/post"}],"author":[{"embeddable":true,"href":"https:\/\/www.europesays.com\/ro\/wp-json\/wp\/v2\/users\/2"}],"replies":[{"embeddable":true,"href":"https:\/\/www.europesays.com\/ro\/wp-json\/wp\/v2\/comments?post=285797"}],"version-history":[{"count":0,"href":"https:\/\/www.europesays.com\/ro\/wp-json\/wp\/v2\/posts\/285797\/revisions"}],"wp:featuredmedia":[{"embeddable":true,"href":"https:\/\/www.europesays.com\/ro\/wp-json\/wp\/v2\/media\/285798"}],"wp:attachment":[{"href":"https:\/\/www.europesays.com\/ro\/wp-json\/wp\/v2\/media?parent=285797"}],"wp:term":[{"taxonomy":"category","embeddable":true,"href":"https:\/\/www.europesays.com\/ro\/wp-json\/wp\/v2\/categories?post=285797"},{"taxonomy":"post_tag","embeddable":true,"href":"https:\/\/www.europesays.com\/ro\/wp-json\/wp\/v2\/tags?post=285797"}],"curies":[{"name":"wp","href":"https:\/\/api.w.org\/{rel}","templated":true}]}}