{"id":285871,"date":"2026-09-03T04:12:11","date_gmt":"2026-09-03T04:12:11","guid":{"rendered":"https:\/\/www.europesays.com\/ro\/285871\/"},"modified":"2026-09-03T04:12:11","modified_gmt":"2026-09-03T04:12:11","slug":"gol-pentru-birligea-la-primul-meci-ca-titular-pentru-frosinone-decizia-arbitrului-a-schimbat-soarta-meciului","status":"publish","type":"post","link":"https:\/\/www.europesays.com\/ro\/285871\/","title":{"rendered":"Gol pentru B\u00eerligea, la primul meci ca titular pentru Frosinone. Decizia arbitrului a schimbat soarta meciului"},"content":{"rendered":"<p>Miercuri, 02 Septembrie 2026, ora 18:47<\/p>\n<p>1969 citiri<\/p>\n<p><a class=\"news__image\" data-href=\"https:\/\/s1.ziareromania.ro\/?mmid=88b5956b294a01a343\" data-size=\"613x444\" title=\"Gol pentru B\u00eerligea, la primul meci ca titular pentru Frosinone. Decizia arbitrului a schimbat soarta meciului\"><img decoding=\"async\" src=\"https:\/\/www.europesays.com\/ro\/wp-content\/uploads\/2026\/09\/Gol-pentru-B--rligea--la-primul-meci-ca-titular-pentru-Frosinone--Decizia-arbitrului-a-schimbat-soar.jpeg\" alt=\"Gol pentru B\u00eerligea, la primul meci ca titular pentru Frosinone. Decizia arbitrului a schimbat soarta meciului\" title=\"Gol pentru B\u00eerligea, la primul meci ca titular pentru Frosinone. Decizia arbitrului a schimbat soarta meciului\" class=\"img-responsive\"\/><\/a><\/p>\n<p>Daniel B\u00eerligea a semnat cu Frosinone. Foto: X \/ @Frosinone1928<\/p>\n<p>Echipa italian\u0103 Frosinone a pierdut miercuri, la lovituri de departajare, scor 3-4, meciul din Cupa Italiei cu Sassuolo, fiind eliminat\u0103 din competi\u021bie. Daniel B\u00eerligea a marcat pentru Frosinone, dar golul s\u0103u nu a fost validat.<\/p>\n<p>La Reggio nell&#8217;Emilia, pe Mapei Stadium, gazdele de la Sassuolo au deschis scorul \u00een minutul 36, prin Benjamin Dominguez, iar Aleksa Terzic a egalat \u00een minutul 45+2.<\/p>\n<p>B\u00eerligea, care a \u00eenceput ca titular, a \u00eenscris \u00een minutul 56, \u00eens\u0103 golul a fost anulat pentru o pozi\u021bie de ofsaid. Atacantul rom\u00e2n a fost \u00eenlocuit \u00een minutul 63, iar soarta partidei s-a decis la lovituri de departajare.<\/p>\n<p>Sassuolo a \u00eenscris toate cele patru penaltiuri executate (prin Berardi, Sebastiano Esposito, Thorstvedt \u0219i Bakola), \u00een timp ce Frosinone a transformat doar trei (prin Bobcek, Fayer \u0219i Zerbin), rat\u00e2nd dou\u0103 (Amey \u0219i Hasa).<\/p>\n<p>Sassuolo s-a impus cu 4-3 \u0219i merge \u00een optimi, unde se va duela cu <a href=\"https:\/\/ziare.com\/juventus-torino\/\" title=\"Juventus Torino\" rel=\"nofollow noopener\" target=\"_blank\">Juventus Torino<\/a>.<\/p>\n<p>\u021ai-a pl\u0103cut articolul?<\/p>\n<p> Vrem s\u0103 producem mai multe, \u00eens\u0103 avem nevoie de sus\u021binerea ta. Orice dona\u021bie conteaz\u0103 pentru jurnalismul independent <\/p>\n","protected":false},"excerpt":{"rendered":"Miercuri, 02 Septembrie 2026, ora 18:47 1969 citiri Daniel B\u00eerligea a semnat cu Frosinone. Foto: X \/ @Frosinone1928&hellip;\n","protected":false},"author":2,"featured_media":285872,"comment_status":"","ping_status":"","sticky":false,"template":"","format":"standard","meta":{"footnotes":"","_share_on_mastodon":"0"},"categories":[20],"tags":[1581,679,49907,41,40,38,39,185,184],"class_list":["post-285871","post","type-post","status-publish","format-standard","has-post-thumbnail","category-sport","tag-daniel-birligea","tag-fotbal-extern","tag-frosinone","tag-ro","tag-romana","tag-romania","tag-romanian","tag-sport","tag-sports"],"share_on_mastodon":{"url":"https:\/\/pubeurope.com\/@ro\/117205162485271299","error":""},"_links":{"self":[{"href":"https:\/\/www.europesays.com\/ro\/wp-json\/wp\/v2\/posts\/285871","targetHints":{"allow":["GET"]}}],"collection":[{"href":"https:\/\/www.europesays.com\/ro\/wp-json\/wp\/v2\/posts"}],"about":[{"href":"https:\/\/www.europesays.com\/ro\/wp-json\/wp\/v2\/types\/post"}],"author":[{"embeddable":true,"href":"https:\/\/www.europesays.com\/ro\/wp-json\/wp\/v2\/users\/2"}],"replies":[{"embeddable":true,"href":"https:\/\/www.europesays.com\/ro\/wp-json\/wp\/v2\/comments?post=285871"}],"version-history":[{"count":0,"href":"https:\/\/www.europesays.com\/ro\/wp-json\/wp\/v2\/posts\/285871\/revisions"}],"wp:featuredmedia":[{"embeddable":true,"href":"https:\/\/www.europesays.com\/ro\/wp-json\/wp\/v2\/media\/285872"}],"wp:attachment":[{"href":"https:\/\/www.europesays.com\/ro\/wp-json\/wp\/v2\/media?parent=285871"}],"wp:term":[{"taxonomy":"category","embeddable":true,"href":"https:\/\/www.europesays.com\/ro\/wp-json\/wp\/v2\/categories?post=285871"},{"taxonomy":"post_tag","embeddable":true,"href":"https:\/\/www.europesays.com\/ro\/wp-json\/wp\/v2\/tags?post=285871"}],"curies":[{"name":"wp","href":"https:\/\/api.w.org\/{rel}","templated":true}]}}