{"id":285879,"date":"2026-09-03T04:21:10","date_gmt":"2026-09-03T04:21:10","guid":{"rendered":"https:\/\/www.europesays.com\/ro\/285879\/"},"modified":"2026-09-03T04:21:10","modified_gmt":"2026-09-03T04:21:10","slug":"culorile-finale-ale-iphone-18-pro-dezvaluite-de-o-imagine-aparuta-inaintea-lansarii","status":"publish","type":"post","link":"https:\/\/www.europesays.com\/ro\/285879\/","title":{"rendered":"Culorile finale ale iPhone 18 Pro dezv\u0103luite de o imagine ap\u0103rut\u0103 \u00eenaintea lans\u0103rii"},"content":{"rendered":"<p>            <br style=\"clear: both; display: block; float: none;\"\/><br \/>\n<img title=\"iphone 18 pro colorat\" fetchpriority=\"high\" decoding=\"async\" width=\"2560\" height=\"1440\" src=\"https:\/\/www.europesays.com\/ro\/wp-content\/uploads\/2026\/09\/iphone-18-pro-colorat.webp\" alt=\"iphone 18 pro colorat\" class=\"wp-image-656139\"  \/><\/p>\n<p class=\"wp-block-paragraph\">iPhone 18 Pro revine \u00een aten\u021bia fanilor Apple, dup\u0103 ce o imagine ap\u0103rut\u0103 pe internet de la un cunoscut leaker, arat\u0103 c\u0103 viitoarea gam\u0103 premium Apple ar putea veni \u00een trei variante de culoare, f\u0103r\u0103 o op\u021biune neagr\u0103. Informa\u021bia vine dup\u0103 publicarea unei imagini cu t\u0103vi\u021be SIM \u00een culori diferite, atribuite noilor modele.<\/p>\n<p><br style=\"clear: both; display: block; float: none;\"\/><a href=\"https:\/\/google.com\/preferences\/source?q=idevice.ro\" aria-label=\"Adaug\u0103 iDevice.ro ca surs\u0103 preferat\u0103 \u00een Google\" class=\"external\" rel=\"nofollow noopener\" target=\"_blank\"><img loading=\"lazy\" decoding=\"async\" src=\"data:image\/svg+xml,%3Csvg%20xmlns=\" http:=\"\" alt=\"Adaug\u0103 iDevice.ro ca surs\u0103 preferat\u0103 \u00een Google\" width=\"200\" height=\"73\" data-lazy-src=\"https:\/\/www.europesays.com\/ro\/wp-content\/uploads\/2026\/09\/1788409270_211_google_preferred_source_badge_light_en.png\"\/><\/a><\/p>\n<p class=\"wp-block-paragraph\">iPhone 18 pro ar avea t\u0103vi\u021bele SIM vopsite \u00een trei culori, Silver, Dark Cherry \u0219i Sky Blue, iar dac\u0103 aceste detalii se confirm\u0103, Apple ar continua o direc\u021bie vizibil diferit\u0103 fa\u021b\u0103 de a\u0219tept\u0103rile clasice din zona telefoanelor high-end, unde negrul a fost mult timp o alegere standard.<\/p>\n<p><br style=\"clear: both; display: block; float: none;\"\/><\/p>\n<p>Trei culori pentru iPhone 18 Pro<\/p>\n<p class=\"wp-block-paragraph\">Imaginea a fost distribuit\u0103 de Sonny Dickson, un nume cunoscut \u00een zona scurgerilor de informa\u021bii despre produse Apple. Acesta sus\u021bine c\u0103 piesele prezentate apar\u021bin viitoarelor modele iPhone 18 Pro.<\/p>\n<p class=\"wp-block-paragraph\">Conform imaginii \u0219i afirma\u021biilor asociate, culorile care se contureaz\u0103 pentru seria de top ar fi Silver, Dark Cherry \u0219i Sky Blue. Informa\u021bia este important\u0103 mai ales pentru c\u0103 exclude, cel pu\u021bin \u00een aceast\u0103 etap\u0103, o versiune Black despre care s-a discutat anterior.<\/p>\n<p class=\"wp-block-paragraph\">\u00cen prezent, iPhone 17 Pro este oferit \u00een Cosmic Orange, Silver \u0219i Deep Blue. Asta ar \u00eensemna c\u0103 Apple ar preg\u0103ti din nou o schimbare de palet\u0103 pentru noua genera\u021bie, p\u0103str\u00e2nd totu\u0219i argintiul \u00een ofert\u0103.<\/p>\n<p>De unde apare confuzia legat\u0103 de varianta Black<\/p>\n<p class=\"wp-block-paragraph\">Detaliile noi vin dup\u0103 ce, anterior, un alt zvon din China sus\u021binea c\u0103 iPhone 18 Pro ar putea fi lansat \u00een Dark Cherry, Sky Blue \u0219i Black. Mai mult, \u00een luna mai, Sonny Dickson a distribuit \u0219i unit\u0103\u021bi dummy pentru iPhone 18 Pro care includeau o a patra culoare, Black.<\/p>\n<p class=\"wp-block-paragraph\">\u00centrebat despre aceast\u0103 diferen\u021b\u0103, Dickson a spus c\u0103, \u00een ultimele luni, doar cele trei culori din imaginea recent\u0103 sunt cele pe care le-a \u00eent\u00e2lnit. \u00cen privin\u021ba unit\u0103\u021bilor dummy negre, acesta a sus\u021binut c\u0103 astfel de versiuni apar \u00een fiecare an, chiar dac\u0103 nu reflect\u0103 neap\u0103rat o culoare final\u0103 preferat\u0103 de Apple.<\/p>\n<p><img loading=\"lazy\" title=\"sertare SIM iPhone 18 Pro\" decoding=\"async\" width=\"1260\" height=\"1375\" src=\"data:image\/svg+xml,%3Csvg%20xmlns=\" http:=\"\" alt=\"sertare SIM iPhone 18 Pro\" class=\"wp-image-656140\" style=\"width:400px\" data-lazy- data-lazy- data-lazy-src=\"https:\/\/www.europesays.com\/ro\/wp-content\/uploads\/2026\/09\/sertare-SIM-iPhone-18-Pro.webp\"\/>sertarele SIM ale iPhone 18 pro \u00een culorile silver, cherry red li sky blue.<\/p>\n<p class=\"wp-block-paragraph\">Cu alte cuvinte, existen\u021ba unor machete negre nu ar garanta automat \u0219i lansarea unei versiuni comerciale Black. \u00cen acest moment, informa\u021biile r\u0103m\u00e2n la nivel de scurgere \u0219i trebuie privite cu pruden\u021b\u0103.<\/p>\n<p>Un trend care ar putea continua la Apple<\/p>\n<p class=\"wp-block-paragraph\">Absen\u021ba unei culori negre nu ar fi complet surprinz\u0103toare, deoarece anul trecut a fost pentru prima dat\u0103 c\u00e2nd iPhone-urile high-end Apple nu au fost disponibile deloc \u00eentr-o nuan\u021b\u0103 de negru sau gri \u00eenchis.<\/p>\n<p class=\"wp-block-paragraph\">\u00cen aprilie, leakerul chinez Instant Digital a afirmat de asemenea c\u0103 nu ar exista o variant\u0103 neagr\u0103 pentru iPhone 18 Pro. \u00cen aceea\u0219i perioad\u0103, au ap\u0103rut \u0219i alte informa\u021bii potrivit c\u0103rora Apple ar putea preg\u0103ti culori precum Light Blue, Dark Cherry, Dark Gray \u0219i Silver.<\/p>\n<p class=\"wp-block-paragraph\">Aceste variante arat\u0103 c\u0103, \u00een jurul noii genera\u021bii, exist\u0103 \u00eenc\u0103 neconcordan\u021be \u00eentre surse. Totu\u0219i, dou\u0103 dintre nuan\u021be, Dark Cherry \u0219i Silver, apar recurent \u00een informa\u021biile publicate p\u00e2n\u0103 acum, iar Sky Blue este men\u021bionat\u0103 \u0219i ea \u00een mai multe r\u00e2nduri de mai multe leak-uri ap\u0103rute \u00een ultimele luni.<\/p>\n<p>Ce relevan\u021b\u0103 au t\u0103vi\u021bele SIM \u00een aceast\u0103 discu\u021bie<\/p>\n<p class=\"wp-block-paragraph\">De\u0219i poate p\u0103rea un detaliu minor, culoarea t\u0103vi\u021belor SIM este adesea corelat\u0103 cu actuala culoare a carcasei iPhone-ului, deci, tocmai de aceea, astfel de componente pot oferi indicii timpurii despre paleta final\u0103 preg\u0103tit\u0103 de produc\u0103tor.<\/p>\n<p class=\"wp-block-paragraph\">Exist\u0103 \u00eens\u0103 \u0219i o limitare important\u0103. Modelele de iPhone v\u00e2ndute \u00een SUA, Canada \u0219i \u00een alte c\u00e2teva regiuni folosesc eSIM \u0219i nu includ t\u0103vi\u021b\u0103 SIM. \u00cen schimb, dispozitivele comercializate \u00een Europa, Japonia, China \u0219i Australia p\u0103streaz\u0103 aceast\u0103 component\u0103. Excep\u021bia este iPhone Air, care nu a avut t\u0103vi\u021b\u0103 SIM \u00een nicio pia\u021b\u0103 \u00een care a fost v\u00e2ndut.<\/p>\n<p class=\"wp-block-paragraph\">Asta \u00eenseamn\u0103 c\u0103 piesele ap\u0103rute acum ar putea fi relevante doar pentru anumite versiuni regionale ale iPhone 18 Pro, nu neap\u0103rat pentru \u00eentreaga gam\u0103 distribuit\u0103 global.<\/p>\n<p>Lansarea este programat\u0103 pe 9 septembrie<\/p>\n<p class=\"wp-block-paragraph\">Clarificarea ar putea veni rapid. Apple este a\u0219teptat\u0103 s\u0103 prezinte iPhone 18 Pro \u0219i iPhone 18 Pro Max la evenimentul companiei din septembrie, programat s\u0103 aib\u0103 loc s\u0103pt\u0103m\u00e2na viitoare.<\/p>\n<p class=\"wp-block-paragraph\">\u00cen acela\u0219i context, este men\u021bionat \u0219i primul iPhone pliabil al companiei, cunoscut sub numele de \u201eiPhone Ultra\u201d. P\u00e2n\u0103 la anun\u021bul oficial, \u00eens\u0103, detaliile despre culori r\u0103m\u00e2n neconfirmate.<\/p>\n<p class=\"wp-block-paragraph\">Pe scurt, cel mai nou <a href=\"https:\/\/x.com\/SonnyDickson\/status\/2095058007415783801\" target=\"_blank\" rel=\"noopener nofollow\" title=\"\" class=\"external\">leak<\/a> indic\u0103 trei culori pentru iPhone 18 Pro, Silver, Dark Cherry \u0219i Sky Blue, \u00een timp ce varianta Black pare tot mai pu\u021bin probabil\u0103. R\u0103m\u00e2ne de v\u0103zut dac\u0103 Apple va p\u0103stra aceast\u0103 strategie \u0219i la prezentarea oficial\u0103.<\/p>\n<p><br style=\"clear: both; display: block; float: none;\"\/>\t\t\t<\/p>\n","protected":false},"excerpt":{"rendered":"iPhone 18 Pro revine \u00een aten\u021bia fanilor Apple, dup\u0103 ce o imagine ap\u0103rut\u0103 pe internet de la un&hellip;\n","protected":false},"author":2,"featured_media":285880,"comment_status":"","ping_status":"","sticky":false,"template":"","format":"standard","meta":{"footnotes":"","_share_on_mastodon":"0"},"categories":[16],"tags":[83,78686,30909,17335,47804,41,40,38,39,75676,141,124],"class_list":["post-285879","post","type-post","status-publish","format-standard","has-post-thumbnail","category-tehnologie","tag-apple","tag-instant-digital","tag-iphone-18-pro","tag-iphone-18-pro-max","tag-iphone-ultra","tag-ro","tag-romana","tag-romania","tag-romanian","tag-sonny-dickson","tag-technology","tag-tehnologie"],"share_on_mastodon":{"url":"https:\/\/pubeurope.com\/@ro\/117205197855947947","error":""},"_links":{"self":[{"href":"https:\/\/www.europesays.com\/ro\/wp-json\/wp\/v2\/posts\/285879","targetHints":{"allow":["GET"]}}],"collection":[{"href":"https:\/\/www.europesays.com\/ro\/wp-json\/wp\/v2\/posts"}],"about":[{"href":"https:\/\/www.europesays.com\/ro\/wp-json\/wp\/v2\/types\/post"}],"author":[{"embeddable":true,"href":"https:\/\/www.europesays.com\/ro\/wp-json\/wp\/v2\/users\/2"}],"replies":[{"embeddable":true,"href":"https:\/\/www.europesays.com\/ro\/wp-json\/wp\/v2\/comments?post=285879"}],"version-history":[{"count":0,"href":"https:\/\/www.europesays.com\/ro\/wp-json\/wp\/v2\/posts\/285879\/revisions"}],"wp:featuredmedia":[{"embeddable":true,"href":"https:\/\/www.europesays.com\/ro\/wp-json\/wp\/v2\/media\/285880"}],"wp:attachment":[{"href":"https:\/\/www.europesays.com\/ro\/wp-json\/wp\/v2\/media?parent=285879"}],"wp:term":[{"taxonomy":"category","embeddable":true,"href":"https:\/\/www.europesays.com\/ro\/wp-json\/wp\/v2\/categories?post=285879"},{"taxonomy":"post_tag","embeddable":true,"href":"https:\/\/www.europesays.com\/ro\/wp-json\/wp\/v2\/tags?post=285879"}],"curies":[{"name":"wp","href":"https:\/\/api.w.org\/{rel}","templated":true}]}}