{"id":285931,"date":"2026-09-03T05:15:15","date_gmt":"2026-09-03T05:15:15","guid":{"rendered":"https:\/\/www.europesays.com\/ro\/285931\/"},"modified":"2026-09-03T05:15:15","modified_gmt":"2026-09-03T05:15:15","slug":"razvan-lucescu-inca-o-finala-video-al-sadd-a-invins-echipa-lui-florinel-coman-si-va-lupta-pentru-cupa-qatarului-ce-a-facut-jucatorul-roman","status":"publish","type":"post","link":"https:\/\/www.europesays.com\/ro\/285931\/","title":{"rendered":"R\u0103zvan Lucescu, \u00eenc\u0103 o final\u0103! VIDEO. Al-Sadd a \u00eenvins echipa lui Florinel Coman \u0219i va lupta pentru Cupa Qatarului! Ce a f\u0103cut juc\u0103torul rom\u00e2n"},"content":{"rendered":"<ul class=\"bullets\">&#13;<\/p>\n<li>Al-Sadd, forma\u021bie antrenat\u0103 de R\u0103zvan Lucescu (57 de ani), s-a calificat \u00een finala Qatar Cup, dup\u0103 ce a \u00eenvins Al-Gharafa, scor 2-1.<\/li>\n<p>&#13;<br \/>\n&#13;<\/p>\n<li>La oaspe\u021bi, Florinel Coman (28 de ani) a intrat \u00een minutul 58 al meciului.<\/li>\n<p>&#13;\n<\/ul>\n<p><a id=\"google-source-button\" class=\"google-favorite\" target=\"_blank\" href=\"https:\/\/www.google.com\/preferences\/source?q=golazo.ro\" rel=\"nofollow noopener\"><\/p>\n<p>        <img loading=\"lazy\" decoding=\"async\" src=\"https:\/\/golazo.ro\/images\/google-logo.svg\" alt=\"\" width=\"24\" height=\"24\"\/><br \/>\n        <img loading=\"lazy\" decoding=\"async\" src=\"https:\/\/golazo.ro\/images\/check-icon-2.svg\" alt=\"\" width=\"24\" height=\"24\"\/><\/p>\n<p>    Adaug\u0103 GOLAZO.ro la favorite<\/p>\n<p><\/a><\/p>\n<p class=\"\">Al-Gharafa a \u00eenceput excelent partida. Frank Magri (26 de ani) a deschis scorul \u00een minutul 14.<\/p>\n<p>Al-Sadd &#8211; Al-Gharafa 2-1. R\u0103zvan Lucescu, \u00een finala Cupei Qatarului, dup\u0103 ce a \u00eenvins echipa lui Florinel Coman<\/p>\n<p class=\"\">Avantajul oaspe\u021bilor a durat doar 11 minute. Hashim Ali a restabilit egalitatatea, iar echipa antrenat\u0103 de R\u0103zvan Lucescu a reu\u0219it s\u0103 \u00eentoarc\u0103 rezultatul \u00eenainte de pauz\u0103. Mohammad Manai a punctat \u00een minutul 43.<\/p>\n<p class=\"\">Florinel Coman a \u00eenceput meciul ca rezerv\u0103 la Al-Gharafa, \u00eens\u0103 a fost trimis \u00een teren \u00een minutul 58.<\/p>\n<p class=\"\">Fostul juc\u0103tor de la FCSB nu a avut realiz\u0103ri notabile: a terminat partida cu un \u0219ut pe l\u00e2ng\u0103 poart\u0103 din afara careului, 4 din 6 pase reu\u0219ite \u0219i trei dueluri c\u00e2\u0219tigate.<\/p>\n<p>        <img decoding=\"async\" src=\"https:\/\/www.europesays.com\/ro\/wp-content\/uploads\/2026\/09\/62513b8f-389c-4b04-b81b-a3b064f6ed6e.jpeg\" alt=\"R\u0103zvan Lucescu a purtat o vesta albastr\u0103 peste costum la meciul cu Al-Gharafa\/ Foto: captur\u0103 video X @ TheFootballZone\" width=\"684\" height=\"879\" class=\"blur\" loading=\"lazy\"\/><br \/>\n        <img decoding=\"async\" src=\"https:\/\/golazo.ro\/storage\/2026-09-01\/486543\/62513b8f-389c-4b04-b81b-a3b064f6ed6e\" alt=\"R\u0103zvan Lucescu a purtat o vesta albastr\u0103 peste costum la meciul cu Al-Gharafa\/ Foto: captur\u0103 video X @ TheFootballZone\" width=\"684\" height=\"879\" class=\"photo-in-article__main\" loading=\"lazy\"\/><\/p>\n<p>            R\u0103zvan Lucescu a purtat o vesta albastr\u0103 peste costum la meciul cu Al-Gharafa\/ Foto: captur\u0103 video X @ TheFootballZone<\/p>\n<p class=\"\">\u00cen marea final\u0103, Al Sadd o va \u00eent\u00e2lni pe Al-Rayyan, care a trecut la penalty-uri de Shamal, scor 3-3 \u0219i 5-4 la loviturile de departajare.<\/p>\n<p>500,000 de euro<\/p>\n<p>valoreaz\u0103 premiile totale puse la b\u0103taie \u00een Qatar Cup <\/p>\n<p class=\"\">De-a lungul carierei sale de antrenor, R\u0103zvan Lucescu a fost prezent \u00een 10 finale de cup\u0103 al\u0103turi de echipele pe care le-a preg\u0103tit. A c\u00e2\u0219tigat 5 dintre ele:<\/p>\n<ul class=\"\">&#13;<\/p>\n<li>2 Cupe Ale Rom\u00e2niei cu Rapid (2005\u20132006 \u0219i 2006\u20132007)<\/li>\n<p>&#13;<br \/>\n&#13;<\/p>\n<li>1 Cup\u0103 a Qatarului cu El Jaish (2012\u20132013)<\/li>\n<p>&#13;<br \/>\n&#13;<\/p>\n<li>2 Cupe ale Greciei cu PAOK (2017\u20132018 \u0219i 2018\u20132019)<\/li>\n<p>&#13;\n<\/ul>\n<p class=\"\">Ultima final\u0103 de cup\u0103 a tehnicianului rom\u00e2n a avut loc chiar sezonul trecut, c\u00e2nd era \u00eenc\u0103 pe banca lui PAOK. Echipa sa era <a target=\"_blank\" href=\"https:\/\/golazo.ro\/razvan-lucescu-grecia-finala-cupa-greciei-ofi-creta-paok-171965\" data-type=\"link\" data-id=\"https:\/\/golazo.ro\/razvan-lucescu-grecia-finala-cupa-greciei-ofi-creta-paok-171965\" rel=\"nofollow noopener\">\u00eenvins\u0103 de OFI Creta, scor 2-3<\/a>.<\/p>\n<p>Al-Sadd, parcurs perfect \u00een campionat<\/p>\n<p class=\"\">Al Sadd este lider \u00een campionatul Qatarului, cu \u0219ase puncte dup\u0103 primele dou\u0103 etape.<\/p>\n<p class=\"\">Echipa antrenat\u0103 de R\u0103zvan Lucescu a trecut de Al Ahli Doha, scor 3-1, \u0219i a \u00eenvins cu 6-2 pe Qatar SC.<\/p>\n<p>Rezumat VIDEO. Al-Sadd &#8211; Al-Gharafa 2-1<br \/>\nCite\u0219te \u0219i<\/p>\n<p>VIDEO: cele mai noi imagini din sport<\/p>\n","protected":false},"excerpt":{"rendered":"&#13; Al-Sadd, forma\u021bie antrenat\u0103 de R\u0103zvan Lucescu (57 de ani), s-a calificat \u00een finala Qatar Cup, dup\u0103 ce&hellip;\n","protected":false},"author":2,"featured_media":285932,"comment_status":"","ping_status":"","sticky":false,"template":"","format":"standard","meta":{"footnotes":"","_share_on_mastodon":"0"},"categories":[20],"tags":[669,45913,672,76,2466,41,40,38,39,185,184],"class_list":["post-285931","post","type-post","status-publish","format-standard","has-post-thumbnail","category-sport","tag-al-gharafa","tag-al-sadd","tag-florinel-coman","tag-qatar","tag-razvan-lucescu","tag-ro","tag-romana","tag-romania","tag-romanian","tag-sport","tag-sports"],"share_on_mastodon":{"url":"https:\/\/pubeurope.com\/@ro\/117205410052071180","error":""},"_links":{"self":[{"href":"https:\/\/www.europesays.com\/ro\/wp-json\/wp\/v2\/posts\/285931","targetHints":{"allow":["GET"]}}],"collection":[{"href":"https:\/\/www.europesays.com\/ro\/wp-json\/wp\/v2\/posts"}],"about":[{"href":"https:\/\/www.europesays.com\/ro\/wp-json\/wp\/v2\/types\/post"}],"author":[{"embeddable":true,"href":"https:\/\/www.europesays.com\/ro\/wp-json\/wp\/v2\/users\/2"}],"replies":[{"embeddable":true,"href":"https:\/\/www.europesays.com\/ro\/wp-json\/wp\/v2\/comments?post=285931"}],"version-history":[{"count":0,"href":"https:\/\/www.europesays.com\/ro\/wp-json\/wp\/v2\/posts\/285931\/revisions"}],"wp:featuredmedia":[{"embeddable":true,"href":"https:\/\/www.europesays.com\/ro\/wp-json\/wp\/v2\/media\/285932"}],"wp:attachment":[{"href":"https:\/\/www.europesays.com\/ro\/wp-json\/wp\/v2\/media?parent=285931"}],"wp:term":[{"taxonomy":"category","embeddable":true,"href":"https:\/\/www.europesays.com\/ro\/wp-json\/wp\/v2\/categories?post=285931"},{"taxonomy":"post_tag","embeddable":true,"href":"https:\/\/www.europesays.com\/ro\/wp-json\/wp\/v2\/tags?post=285931"}],"curies":[{"name":"wp","href":"https:\/\/api.w.org\/{rel}","templated":true}]}}