{"id":285961,"date":"2026-09-03T05:42:16","date_gmt":"2026-09-03T05:42:16","guid":{"rendered":"https:\/\/www.europesays.com\/ro\/285961\/"},"modified":"2026-09-03T05:42:16","modified_gmt":"2026-09-03T05:42:16","slug":"calcule-in-parlament-dupa-ultimele-transferuri-intre-partide-cate-voturi-ar-strange-noul-guvern","status":"publish","type":"post","link":"https:\/\/www.europesays.com\/ro\/285961\/","title":{"rendered":"Calcule \u00een Parlament, dup\u0103 ultimele transferuri \u00eentre partide. C\u00e2te voturi ar str\u00e2nge noul guvern"},"content":{"rendered":"<p>Pentru a trece noul Guvern, indiferent de numele sau componenta sa, e nevoie ca viitorul premier desemnat s\u0103 str\u00e2ng\u0103 \u00een jurul s\u0103u o majoritate de 233 de voturi. Av\u00e2nd \u00een vedere c\u0103 tocmai ce a \u00eenceput noua sesiune, avem \u0219i primele mi\u0219c\u0103ri de for\u021b\u0103 \u00een Parlament.<\/p>\n<ul>\n<li>Un senator ales pe listele POT care activa \u00een grupul neafilia\u021bilor trece la PNL. Este vorba de Liviu Fodoca.<\/li>\n<li>Un senator care a fost ales pe listele S.O.S. Rom\u00e2nia \u0219i era afiliat grupului PSD, a trecut la grupul PACE \u00cent\u00e2i Rom\u00e2nia. Este vorba de Ionel Carp.<\/li>\n<\/ul>\n<p>Cum s-a reconfigurat aritmetica din Parlament dup\u0103 cele dou\u0103 mut\u0103ri<\/p>\n<p>PSD: 126 (35 senatori + 91 deputa\u021bi)<br \/>AUR: 91 (29 senatori + 62 deputa\u021bi)<br \/>PNL: 80 (26 senatori + 54 deputa\u021bi)<br \/>USR: 59 (19 senatori + 40 deputa\u021bi)<br \/>UDMR: 31 (10 senatori + 21 deputa\u021bi)<br \/>PACE: 8 (senatori)<br \/>Minorit\u0103\u021bi: 17 (deputa\u021bi)<br \/>UPR: 18 (deputa\u021bi)<br \/>SOS Rom\u00e2nia: 13 (deputa\u021bi)<br \/>Neafilia\u021bi: 21 (7 senatori + 14 deputa\u021bi)<\/p>\n<p>*Sursa datelor: site-urile<a href=\"https:\/\/www.cdep.ro\/ords\/pls\/parlam\/structura2015.gp?idl=1\" rel=\"nofollow noopener\" target=\"_blank\"> Camerei Deputa\u021bilor<\/a> \u0219i <a href=\"https:\/\/www.senat.ro\/EnumGrupuri.aspx\" rel=\"nofollow noopener\" target=\"_blank\">Senatului<\/a><\/p>\n<p>Cum ar putea ar\u0103ta noua majoritate<\/p>\n<p>Un guvern \u00een jurul PSD se bazeaz\u0103 din start pe votul celor 18 deputa\u021bi UPR \u0219i cele 8 voturi de la PACE.<\/p>\n<p>Minorit\u0103\u021bile ar putea sus\u021bine \u0219i ei un astfel de guvern cu cele 17 voturi.<\/p>\n<p>\u00cen cazul ale\u0219ilor neafilia\u021bi, din cei 21, 19 ar putea sus\u021bine guvernul. Excep\u021bii aproape sigure sunt Victoria Stoiciu \u0219i Tasica Simu.<\/p>\n<p>Social-democra\u021bii se mai pot baza pe cele 15-16 voturi din tab\u0103ra anti-Bolojan din PNL.<\/p>\n<p>Semnul de \u00eentrebare este legat de UDMR. Uniunea ar putea pune la b\u0103taie 31 de voturi. F\u0103r\u0103 acestea, majoritatea nu ar putea sa se contureze.<\/p>\n<p>TOTAL: 234<\/p>\n<p>*PSD (126) + PACE (8) + UPR (18) + Minorit\u0103\u021bi (17) + Neafilia\u021bi (19) + Tab\u0103ra anti-Bolojan PNL (15) + 31 (UDMR)<\/p>\n<p>Nicu\u0219or Dan nu ar mai a\u0219tepta o majoritate<\/p>\n<p>Pre\u0219edintele Nicu\u0219or Dan \u0219i-ar dori s\u0103 desemneze un premier independent, av\u00e2nd \u00een vedere situa\u021bia de acum, de\u0219i \u00eentr-un scenariu ideal, \u0219eful statului consider\u0103 c\u0103 premierul ar trebui s\u0103 fie politic.<\/p>\n<p>De data aceasta, Nicu\u0219or Dan nu ar mai a\u0219tepta ca partidele s\u0103 \u00eei prezinte o majoritate, iar o desemnare ar putea veni la finalul acestei sapt\u0103m\u00e2ni, conform surselor Cotidianul.<\/p>\n<p>Printre variantele luate \u00een calcul sunt Sorin Grindeanu sau Alexandru Nazare. Radu Burnete \u0219i Eugen Tomac nu ar mai fi pe lista de favori\u021bi ai pre\u0219edintelui Nicu\u0219or Dan.<\/p>\n<p>\n\t\t\t\t\t\t\t\tZiarul Cotidianul \u00ee\u0219i propune s\u0103 g\u0103zduiasc\u0103 informa\u021bii \u0219i puncte de vedere diverse \u0219i contradictorii. Publica\u021bia roag\u0103 cititorii s\u0103 evite atacurile la persoan\u0103, vulgarit\u0103\u021bile, atitudinile extremiste, antisemite, rasiste sau discriminatorii. De asemenea, invit\u0103 cititorii s\u0103 comenteze subiectele articolelor sau s\u0103 se exprime doar pe seama aspectelor importante din via\u021ba lor si a societ\u0103\u021bii, folosind un limbaj \u00eengrijit, \u00eentr-un spa\u021biu de o dimensiune rezonabil\u0103. Am fi de-a dreptul bucuro\u0219i ca unii comentatori s\u0103 semneze cu numele lor sau cu pseudonime decente. Pentru acurate\u021bea spa\u021biului afectat, redac\u021bia va modera comentariile, renun\u021b\u00eend la cele pe care le consider\u0103 nepotrivite.\n\t\t\t\t\t\t\t<\/p>\n","protected":false},"excerpt":{"rendered":"Pentru a trece noul Guvern, indiferent de numele sau componenta sa, e nevoie ca viitorul premier desemnat s\u0103&hellip;\n","protected":false},"author":2,"featured_media":285962,"comment_status":"","ping_status":"","sticky":false,"template":"","format":"standard","meta":{"footnotes":"","_share_on_mastodon":"0"},"categories":[5],"tags":[32,33,31,50068,36,37,859,27,34,35,24513,12851,52697,25,358,1679,824,1124,1123,41,40,38,39,26,78709,28,29,30,1451,78710,890],"class_list":["post-285961","post","type-post","status-publish","format-standard","has-post-thumbnail","category-titluri","tag-breaking-news","tag-breakingnews","tag-cele-mai-populare-subiecte","tag-desemnare","tag-featured-news","tag-featurednews","tag-guvern","tag-headlines","tag-latest-news","tag-latestnews","tag-majoritate","tag-minoritati","tag-neafiliati","tag-news","tag-nicusor-dan","tag-pace","tag-parlament","tag-pnl","tag-psd","tag-ro","tag-romana","tag-romania","tag-romanian","tag-stiri","tag-tabara-anti-bolojan-din-pnl","tag-titluri","tag-top-stories","tag-topstories","tag-udmr","tag-upr","tag-usr"],"share_on_mastodon":{"url":"https:\/\/pubeurope.com\/@ro\/117205515985957174","error":""},"_links":{"self":[{"href":"https:\/\/www.europesays.com\/ro\/wp-json\/wp\/v2\/posts\/285961","targetHints":{"allow":["GET"]}}],"collection":[{"href":"https:\/\/www.europesays.com\/ro\/wp-json\/wp\/v2\/posts"}],"about":[{"href":"https:\/\/www.europesays.com\/ro\/wp-json\/wp\/v2\/types\/post"}],"author":[{"embeddable":true,"href":"https:\/\/www.europesays.com\/ro\/wp-json\/wp\/v2\/users\/2"}],"replies":[{"embeddable":true,"href":"https:\/\/www.europesays.com\/ro\/wp-json\/wp\/v2\/comments?post=285961"}],"version-history":[{"count":0,"href":"https:\/\/www.europesays.com\/ro\/wp-json\/wp\/v2\/posts\/285961\/revisions"}],"wp:featuredmedia":[{"embeddable":true,"href":"https:\/\/www.europesays.com\/ro\/wp-json\/wp\/v2\/media\/285962"}],"wp:attachment":[{"href":"https:\/\/www.europesays.com\/ro\/wp-json\/wp\/v2\/media?parent=285961"}],"wp:term":[{"taxonomy":"category","embeddable":true,"href":"https:\/\/www.europesays.com\/ro\/wp-json\/wp\/v2\/categories?post=285961"},{"taxonomy":"post_tag","embeddable":true,"href":"https:\/\/www.europesays.com\/ro\/wp-json\/wp\/v2\/tags?post=285961"}],"curies":[{"name":"wp","href":"https:\/\/api.w.org\/{rel}","templated":true}]}}