{"id":285995,"date":"2026-09-03T06:05:08","date_gmt":"2026-09-03T06:05:08","guid":{"rendered":"https:\/\/www.europesays.com\/ro\/285995\/"},"modified":"2026-09-03T06:05:08","modified_gmt":"2026-09-03T06:05:08","slug":"cauza-mortii-actorului-tim-curry-dezvaluita-la-o-saptamana-dupa-deces","status":"publish","type":"post","link":"https:\/\/www.europesays.com\/ro\/285995\/","title":{"rendered":"Cauza mor\u021bii actorului Tim Curry, dezv\u0103luit\u0103 la o s\u0103pt\u0103m\u00e2n\u0103 dup\u0103 deces"},"content":{"rendered":"<p>\t    <img loading=\"lazy\" decoding=\"async\" class=\"mg-x-auto\" width=\"30\" height=\"30\" src=\"https:\/\/www.europesays.com\/ro\/wp-content\/uploads\/2026\/09\/1788415508_687_google-g-w.png\" alt=\"\"\/>\t\t\t    <\/p>\n<p id=\"p-0\">Documentele, ob\u021binute de revista People, men\u021bioneaz\u0103, de asemenea, un istoric de accident vascular cerebral \u0219i cancer renal drept afec\u021biuni semnificative care au contribuit la deces. Tim Curry a murit la domiciliul s\u0103u din cartierul Toluca Lake, Los Angeles, la 25 august, la ora local\u0103 23:18. Potrivit documentelor, nu au fost efectuate interven\u021bii chirurgicale pentru boala coronarian\u0103, cancerul renal sau antecedentele de accident vascular cerebral.<\/p>\n<p id=\"p-1\">Curry a suferit un accident vascular cerebral major \u00een 2012, \u00een urma c\u0103ruia a r\u0103mas cu probleme de mobilitate \u0219i s-a retras \u00een mare parte din activitatea public\u0103. \u00cen septembrie 2025, la o proiec\u021bie aniversar\u0103 dedicat\u0103 \u00eemplinirii a 50 de ani de la lansarea filmului \u201eThe Rocky Horror Picture Show\u201d, actorul declara c\u0103 \u00eenc\u0103 nu putea merge \u0219i c\u0103 avea probleme la piciorul st\u00e2ng.<\/p>\n<p>O carier\u0103 de peste cinci decenii<\/p>\n<p id=\"p-2\">N\u0103scut \u00een 1946, la Grappenhall, \u00een Anglia, Tim Curry \u0219i-a \u00eenceput cariera pe scena londonez\u0103, dup\u0103 ce a studiat la Universitatea din Birmingham. A debutat \u00een West End \u00een musicalul \u201eHair\u201d, \u00een 1968, iar consacrarea interna\u021bional\u0103 a venit \u00een 1975, odat\u0103 cu rolul excentricului Dr. Frank-N-Furter din \u201eThe Rocky Horror Picture Show\u201d, interpretare care a devenit una dintre cele mai cunoscute din cariera sa.<\/p>\n<p id=\"p-3\">Actorul a avut ulterior o carier\u0103 prolific\u0103 at\u00e2t \u00een teatru, c\u00e2t \u0219i \u00een cinematografie \u0219i televiziune. A primit trei nominaliz\u0103ri la premiile Tony \u0219i dou\u0103 la Laurence Olivier pentru activitatea sa teatral\u0103.<\/p>\n<p id=\"p-4\">Printre rolurile sale cinematografice se num\u0103r\u0103 Rooster Hannigan \u00een \u201eAnnie\u201d (1982), majordomul Wadsworth \u00een \u201eClue\u201d (1985) \u0219i Long John Silver \u00een \u201eMuppet Treasure Island\u201d (1996). Curry a fost, de asemenea, foarte activ ca actor de voce, inclusiv \u00een produc\u021bii de anima\u021bie \u0219i jocuri video.<\/p>\n<p id=\"p-5\">\u00cen octombrie 2025, actorul \u0219i-a publicat memoriile, intitulate \u201eVagabond\u201d, \u00een care a rememorat principalele momente ale carierei sale \u0219i experien\u021bele de dup\u0103 accidentul vascular cerebral.<\/p>\n","protected":false},"excerpt":{"rendered":"Documentele, ob\u021binute de revista People, men\u021bioneaz\u0103, de asemenea, un istoric de accident vascular cerebral \u0219i cancer renal drept&hellip;\n","protected":false},"author":2,"featured_media":285996,"comment_status":"","ping_status":"","sticky":false,"template":"","format":"standard","meta":{"footnotes":"","_share_on_mastodon":"0"},"categories":[18],"tags":[171,170,41,40,38,39,77070,77069,78717],"class_list":["post-285995","post","type-post","status-publish","format-standard","has-post-thumbnail","category-divertisment","tag-divertisment","tag-entertainment","tag-ro","tag-romana","tag-romania","tag-romanian","tag-the-rocky-horror-picture-show","tag-tim-curry","tag-tim-curry-cauza-deces"],"share_on_mastodon":{"url":"https:\/\/pubeurope.com\/@ro\/117205606524896411","error":""},"_links":{"self":[{"href":"https:\/\/www.europesays.com\/ro\/wp-json\/wp\/v2\/posts\/285995","targetHints":{"allow":["GET"]}}],"collection":[{"href":"https:\/\/www.europesays.com\/ro\/wp-json\/wp\/v2\/posts"}],"about":[{"href":"https:\/\/www.europesays.com\/ro\/wp-json\/wp\/v2\/types\/post"}],"author":[{"embeddable":true,"href":"https:\/\/www.europesays.com\/ro\/wp-json\/wp\/v2\/users\/2"}],"replies":[{"embeddable":true,"href":"https:\/\/www.europesays.com\/ro\/wp-json\/wp\/v2\/comments?post=285995"}],"version-history":[{"count":0,"href":"https:\/\/www.europesays.com\/ro\/wp-json\/wp\/v2\/posts\/285995\/revisions"}],"wp:featuredmedia":[{"embeddable":true,"href":"https:\/\/www.europesays.com\/ro\/wp-json\/wp\/v2\/media\/285996"}],"wp:attachment":[{"href":"https:\/\/www.europesays.com\/ro\/wp-json\/wp\/v2\/media?parent=285995"}],"wp:term":[{"taxonomy":"category","embeddable":true,"href":"https:\/\/www.europesays.com\/ro\/wp-json\/wp\/v2\/categories?post=285995"},{"taxonomy":"post_tag","embeddable":true,"href":"https:\/\/www.europesays.com\/ro\/wp-json\/wp\/v2\/tags?post=285995"}],"curies":[{"name":"wp","href":"https:\/\/api.w.org\/{rel}","templated":true}]}}