{"id":286005,"date":"2026-09-03T06:12:12","date_gmt":"2026-09-03T06:12:12","guid":{"rendered":"https:\/\/www.europesays.com\/ro\/286005\/"},"modified":"2026-09-03T06:12:12","modified_gmt":"2026-09-03T06:12:12","slug":"horoscopul-zilei-de-3-august-2","status":"publish","type":"post","link":"https:\/\/www.europesays.com\/ro\/286005\/","title":{"rendered":"Horoscopul zilei de 3 august"},"content":{"rendered":"<p><a href=\"http:\/\/www.tvr.ro\/recomandari\/\" style=\"color:white; font-weight:bold\" rel=\"nofollow noopener\" target=\"_blank\">RECOMANDARI<\/a>&#13;<br \/>\n                                               \t\t\t\t\t&#13;<br \/>\n&#13;<br \/>\n\t\t\t\t\t               &#13;<br \/>\n               \t\t\t\t\t\t\t&#13;<br \/>\n&#13;<br \/>\n\t\t\t\t\t               &#13;<br \/>\n               \t\t\t\t\t\t\t&#13;<br \/>\n&#13;<br \/>\n\t\t\t\t\t               &#13;<br \/>\n               \t\t\t\t\t\t\t&#13;<br \/>\n&#13;<br \/>\n\t\t\t\t\t               &#13;<br \/>\n               \t\t\t\t\t\t\t&#13;<br \/>\n&#13;<br \/>\n\t\t\t\t\t               &#13;<br \/>\n               \t\t\t\t\t\t\t&#13;<br \/>\n&#13;<br \/>\n\t\t\t\t\t               &#13;<br \/>\n               \t\t\t\t\t\t\t&#13;<br \/>\n&#13;<br \/>\n\t\t\t\t\t               &#13;<br \/>\n               \t\t                               \t\t\t\t\t&#13;<br \/>\n&#13;<br \/>\n\t\t\t\t\t               &#13;<br \/>\n               \t\t\t\t\t\t\t&#13;<br \/>\n&#13;<br \/>\n\t\t\t\t\t               &#13;<br \/>\n               \t\t\t\t\t\t\t&#13;<br \/>\n&#13;<br \/>\n\t\t\t\t\t               &#13;<br \/>\n               \t\t\t\t\t\t\t&#13;<br \/>\n&#13;<br \/>\n\t\t\t\t\t               &#13;<br \/>\n               \t\t\t\t\t\t\t&#13;<br \/>\n&#13;<br \/>\n\t\t\t\t\t               &#13;<br \/>\n               \t\t\t\t\t\t\t&#13;<br \/>\n&#13;<br \/>\n\t\t\t\t\t               &#13;<br \/>\n               \t\t\t\t\t\t\t&#13;<br \/>\n&#13;<br \/>\n\t\t\t\t\t               &#13;<br \/>\n               \t\t                                           &#13;<br \/>\n&#13;<br \/>\n               &#13;\n <\/p>\n<p>                  \u00cen prima parte a zilei, Luna \u00ee\u0219i continu\u0103 parcursul prin Taur, dar nu mai formeaz\u0103 aspecte, adic\u0103 merge \u201ef\u0103r\u0103 direc\u021bie\u201d. Este \u0219i o ocazie pentru noi s\u0103 \u00eencetinim ritmul \u0219i s\u0103 gestion\u0103m cu r\u0103bdare chestiunile curente care ne asigur\u0103 confortul \u0219i stabilitatea, f\u0103r\u0103 s\u0103 for\u021b\u0103m rezolvarea unor situa\u021bii sau s\u0103 ini\u021biem ac\u021biuni importante. Dup\u0103-amiaz\u0103, c\u00e2nd Luna ajunge \u00een semnul Gemenilor, s-ar putea s\u0103 trecem \u00een cealalt\u0103 extrem\u0103, disip\u00e2ndu-ne energia \u00een prea multe direc\u021bii. Trigonul Lunii cu Pluto retrograd \u00een V\u0103rs\u0103tor poate face discu\u021biile s\u0103 devin\u0103 profunde, ajut\u00e2ndu-ne s\u0103 punem sub semnul \u00eentreb\u0103rii convingeri vechi, mecanisme de control sau moduri de a func\u021biona care nu sprijin\u0103 evolu\u021bia noastr\u0103. Sextilul Lunii cu Neptun retrograd \u00een Berbec vine cu inspira\u021bie, poate chiar de unde ne a\u0219tept\u0103m mai pu\u021bin: dintr-un mesaj, o conversa\u021bie, o melodie, o fraz\u0103 dintr-o carte. S-ar putea s\u0103 apar\u0103 tot felul de op\u021biuni, poate solu\u021bii, persoane sau contexte care s\u0103 ne deschid\u0103 calea spre ce dorim s\u0103 realiz\u0103m. <\/p>\n<p>                   \u00a0  <\/p>\n<p style=\"text-align: justify;\">Berbec<\/p>\n<p style=\"text-align: justify;\">Prima parte a zilei este potrivit\u0103 pentru \u00eentre\u021binerea chestiunilor de rutin\u0103 \u0219i revizuirea resurselor. Mai pu\u021bin pentru a \u00eencepe lucruri noi sau a lua decizii importante. Dup\u0103-amiaz\u0103 sunt favorizate schimburile de idei \u00een comunitate, studiul, drumurile scurte cu folos.<\/p>\n<p style=\"text-align: justify;\">Taur<\/p>\n<p style=\"text-align: justify;\">Dac\u0103 sim\u021bi c\u0103 ai nevoie de o pauz\u0103 ca s\u0103 te ocupi doar de tine chiar de cum ai \u00eenceput ziua, urmeaz\u0103-\u021bi instinctul. Apoi ai s\u0103 po\u021bi s\u0103 te dedici aspectelor ce privesc siguran\u021ba \u0219i stima de sine. Ai oportunitatea s\u0103 rescrii vechile convingeri despre ce meri\u021bi s\u0103 ob\u021bii, c\u00e2\u0219tigi, de\u021bii. Poate \u0219i s\u0103-\u021bi revezi rolul social \u0219i ambi\u021biile profesionale de p\u00e2n\u0103 acum \u0219i s\u0103 \u00eenchei capitolul \u00een care \u021bi-a lipsit \u00eencrederea \u00een tine.<\/p>\n<p style=\"text-align: justify;\">Gemeni<\/p>\n<p style=\"text-align: justify;\">Nevoia ta de odihn\u0103 merit\u0103 ascultat\u0103. Poate \u00een timpul pe care-l petreci \u00een propria companie ceva cap\u0103t\u0103 cu totul alt sens, poate vezi ansamblul unei situa\u021bii, poate rolul t\u0103u \u00eentr-un context se schimb\u0103. \u0218i asta doar pentru c\u0103 e\u0219ti dispus s\u0103 g\u00e2nde\u0219ti diferit. E\u0219ti ghidat intuitiv spre acele grupuri care \u00ee\u021bi sus\u021bin planurile, visele, viziunea. Profit\u0103 de oportunit\u0103\u021bi pentru a face schimburi constructive de idei.<\/p>\n<p style=\"text-align: justify;\">Rac<\/p>\n<p style=\"text-align: justify;\">\u00ce\u021bi va prinde bine azi s\u0103 te retragi din agita\u021bie pentru a reflecta. Poate ai ocazia s\u0103 revezi rolul \u0219i influen\u021ba ta at\u00e2t \u00een planul rela\u021biilor private, c\u00e2t \u0219i \u00een cel profesional. Cu c\u00e2t \u00ee\u021bi pui mai multe \u00eentreb\u0103ri, cu at\u00e2t vei afla ce temeri au stat \u00een spatele unor alegeri \u0219i ce ar trebui s\u0103 reconsideri ca s\u0103 te sim\u021bi din nou la c\u00e2rma propriei vie\u021bi.<\/p>\n<p style=\"text-align: justify;\">Leu<\/p>\n<p style=\"text-align: justify;\">Dac\u0103 rutina a devenit foarte obositoare \u0219i \u00ee\u021bi lipse\u0219te ac\u021biunea \u00een via\u021ba social\u0103, poate ar trebui s\u0103-\u021bi mu\u021bi aten\u021bia \u00een alt\u0103 direc\u021bie. Cum ar fi c\u0103tre parteneriate \u0219i asocieri. Conversa\u021biile cu un partener, asociat, prieten ar putea s\u0103 te conduc\u0103 azi dincolo de suprafa\u021b\u0103, vei \u00een\u021belege altfel ni\u0219te aspecte rela\u021bionale din trecut. Poate din aceste discu\u021bii \u00ee\u021bi vei extrage \u0219i inspira\u021bia pentru ce vrei s\u0103 faci mai departe.<\/p>\n<p style=\"text-align: justify;\">Fecioara<\/p>\n<p style=\"text-align: justify;\">Poate c\u0103 lucrurile nu se mi\u0219c\u0103 \u00eenc\u0103 \u00een direc\u021bia dorit\u0103 sau ritmul \u00een care evoluezi e mai lent dec\u00e2t te a\u0219teptai. Dar asta \u00ee\u021bi d\u0103 timp s\u0103-\u021bi reconsideri priorit\u0103\u021bile \u0219i resursele pe care trebuie s\u0103 le implici ca s\u0103 ob\u021bii ce vrei. Ai s\u0103 \u00eencepi s\u0103 vezi ce tipare mentale sau de comportament ar trebui s\u0103 schimbi ca s\u0103 evoluezi profesional.<\/p>\n<p style=\"text-align: justify;\">Balan\u021ba<\/p>\n<p style=\"text-align: justify;\">Nu este o zi potrivit\u0103 s\u0103 semnezi \u00een\u021belegeri, s\u0103 iei decizii privind schimburile de resurse, ci mai degrab\u0103 s\u0103 analizezi obiectiv alegerile de p\u00e2n\u0103 acum. Vor ie\u0219i la iveal\u0103 motiva\u021biile ascunse, temerile \u0219i ata\u0219amentele care te-au limitat p\u00e2n\u0103 acum. Dar \u0219i ce te face cu adev\u0103rat fericit, care e adev\u0103rul la care \u021bii, cum vrei s\u0103 arate viitorul t\u0103u liber de constr\u00e2ngeri.<\/p>\n<p style=\"text-align: justify;\">Scorpion<\/p>\n<p style=\"text-align: justify;\">Las\u0103 pentru moment contractele, asocierile, parteneriatele a\u0219a cum sunt, nu e cazul s\u0103 iei decizii. Dac\u0103 te confrun\u021bi cu o situa\u021bie ce presupune \u00eemp\u0103r\u021birea unor resurse sau gestionarea unor bunuri ori a responsabilit\u0103\u021bilor comune \u00een familie, \u00een a doua parte a zilei o nou\u0103 informa\u021bie te poate face s\u0103 vezi lucrurile diferit. Poate fi ceva de schimbat \u00een rutin\u0103, dac\u0103 nu chiar de o alt\u0103 abordare a lucrurilor pe care le ai de f\u0103cut zi de zi.<\/p>\n<p style=\"text-align: justify;\">S\u0103get\u0103tor<\/p>\n<p style=\"text-align: justify;\">Dac\u0103 sarcinile la serviciu nu se rezolv\u0103 a\u0219a de repede cum \u021bi-ai fi dorit \u0219i ai senza\u021bia c\u0103 stagnezi, nu te \u00eengrijora, e doar temporar. Intrarea Lunii \u00een Gemeni \u00ee\u021bi va oferi dup\u0103-amiaz\u0103 ocazii s\u0103 g\u0103se\u0219ti solu\u021bii inedite, posibil prin conversa\u021biile cu ceilal\u021bi. Fii gata s\u0103 te adaptezi \u0219i s\u0103-\u021bi schimbi perspectiva dac\u0103 argumentele celuilalt sunt bine \u00eentemeiate.<\/p>\n<p style=\"text-align: justify;\">Capricorn<\/p>\n<p style=\"text-align: justify;\">\u00cenainte de a lua cu asalt treburile de zi cu zi, acord\u0103 timp lucrurilor simple care fac via\u021ba mai frumoas\u0103. Un \u201ddolce far niente\u201d \u00een primele ore ale zilei va face minuni. Poate apoi vei reconsidera ce e cu adev\u0103rat valoros pentru tine, unde merit\u0103 s\u0103-\u021bi investe\u0219ti energia, poate \u0219i celelalte resurse. G\u00e2nde\u0219te-te ce mici schimb\u0103ri \u00een rutin\u0103 ar putea s\u0103-\u021bi aduc\u0103 o stare de bine.<\/p>\n<p style=\"text-align: justify;\">V\u0103rs\u0103tor<\/p>\n<p style=\"text-align: justify;\">Dac\u0103 \u00een prima parte a zilei ar fi cel mai bine s\u0103 te relaxezi \u00een spa\u021biul privat, \u00een cea de-a doua parte vei avea ocazii s\u0103 dai o direc\u021bie ideilor creative. Latura ta nonconformist\u0103 poate fi pus\u0103 \u00een valoare azi printr-un proiect, un hobby, o rela\u021bie. Ai curajul s\u0103 recuno\u0219ti cu ce convingeri nu te mai identifici, \u00een ce fel ai vrea s\u0103-\u021bi schimbi imaginea \u0219i cum \u021bi-ar pl\u0103cea s\u0103 te exprimi de acum \u00eencolo.<\/p>\n<p style=\"text-align: justify;\">Pe\u0219ti<\/p>\n<p style=\"text-align: justify;\">Nu e un prilej potrivit pentru ini\u021bierea unor negocieri, discu\u021bii importante, decizii. Po\u021bi reflecta \u00eens\u0103 la problemele care te apas\u0103, fiind deschis \u0219i la idei care par ciudate la prima vedere, dar intuitiv \u0219tii c\u0103 ar putea fi de ajutor. Mai ales dac\u0103 ai de gestionat o situa\u021bie familial\u0103, cu posibile implica\u021bii financiare.<\/p>\n<p style=\"text-align: justify;\">Foto:\u00a0Shutterstock_Astral chart\/ Davizro Photography<\/p>\n<p style=\"text-align: justify;\">*Conform reglement\u0103rilor Consiliului Na\u021bional al                              Audiovizualului (Decizia 573\/25.06.2025 &#8211; art 15), acest     con\u021binut are caracter de divertisment \u0219i nu se   bazeaz\u0103     pe        criterii            \u0219tiin\u021bifice.      Informa\u021biile   prezentate     sunt        generale \u0219i nu      constituie       recomand\u0103ri                personalizate.<\/p>\n","protected":false},"excerpt":{"rendered":"RECOMANDARI&#13; &#13; &#13; &#13; &#13; &#13; &#13; &#13; &#13; &#13; &#13; &#13; &#13; &#13; &#13; &#13; &#13; &#13;&hellip;\n","protected":false},"author":2,"featured_media":286006,"comment_status":"","ping_status":"","sticky":false,"template":"","format":"standard","meta":{"footnotes":"","_share_on_mastodon":"0"},"categories":[18],"tags":[171,170,25,41,40,38,39],"class_list":["post-286005","post","type-post","status-publish","format-standard","has-post-thumbnail","category-divertisment","tag-divertisment","tag-entertainment","tag-news","tag-ro","tag-romana","tag-romania","tag-romanian"],"share_on_mastodon":{"url":"https:\/\/pubeurope.com\/@ro\/117205633985489436","error":""},"_links":{"self":[{"href":"https:\/\/www.europesays.com\/ro\/wp-json\/wp\/v2\/posts\/286005","targetHints":{"allow":["GET"]}}],"collection":[{"href":"https:\/\/www.europesays.com\/ro\/wp-json\/wp\/v2\/posts"}],"about":[{"href":"https:\/\/www.europesays.com\/ro\/wp-json\/wp\/v2\/types\/post"}],"author":[{"embeddable":true,"href":"https:\/\/www.europesays.com\/ro\/wp-json\/wp\/v2\/users\/2"}],"replies":[{"embeddable":true,"href":"https:\/\/www.europesays.com\/ro\/wp-json\/wp\/v2\/comments?post=286005"}],"version-history":[{"count":0,"href":"https:\/\/www.europesays.com\/ro\/wp-json\/wp\/v2\/posts\/286005\/revisions"}],"wp:featuredmedia":[{"embeddable":true,"href":"https:\/\/www.europesays.com\/ro\/wp-json\/wp\/v2\/media\/286006"}],"wp:attachment":[{"href":"https:\/\/www.europesays.com\/ro\/wp-json\/wp\/v2\/media?parent=286005"}],"wp:term":[{"taxonomy":"category","embeddable":true,"href":"https:\/\/www.europesays.com\/ro\/wp-json\/wp\/v2\/categories?post=286005"},{"taxonomy":"post_tag","embeddable":true,"href":"https:\/\/www.europesays.com\/ro\/wp-json\/wp\/v2\/tags?post=286005"}],"curies":[{"name":"wp","href":"https:\/\/api.w.org\/{rel}","templated":true}]}}