{"id":286017,"date":"2026-09-03T06:21:13","date_gmt":"2026-09-03T06:21:13","guid":{"rendered":"https:\/\/www.europesays.com\/ro\/286017\/"},"modified":"2026-09-03T06:21:13","modified_gmt":"2026-09-03T06:21:13","slug":"meta-dezactiveaza-camerele-ochelarilor-inteligenti-modificati-pentru-a-ascunde-led-ul-de-inregistrare","status":"publish","type":"post","link":"https:\/\/www.europesays.com\/ro\/286017\/","title":{"rendered":"Meta dezactiveaz\u0103 camerele ochelarilor inteligen\u021bi modifica\u021bi pentru a ascunde LED-ul de \u00eenregistrare"},"content":{"rendered":"<p class=\"wp-block-paragraph\"><a href=\"https:\/\/www.connect.ro\/2022\/01\/12\/meta-va-solicita-angajatilor-sa-faca-doza-booster-a-vaccinului-pentru-covid-19\/\" rel=\"nofollow noopener\" target=\"_blank\">Meta<\/a> a \u00eenceput acum s\u0103 dezactiveze func\u021biile de fotografiere \u0219i filmare pe ochelarii inteligen\u021bi al c\u0103ror indicator luminos a fost acoperit sau distrus. M\u0103sura a fost aplicat\u0103 pe mii de dispozitive, dup\u0103 apari\u021bia unor situa\u021bii \u00een care utilizatorii ar fi filmat persoane f\u0103r\u0103 consim\u021b\u0103m\u00e2nt. Un nou update poate detecta interven\u021biile asupra LED-ului care indic\u0103 activarea camerei. Dac\u0103 sistemul identific\u0103 o modificare, camera ochelarilor Meta este blocat\u0103, iar dispozitivul r\u0103m\u00e2ne utilizabil cel pu\u021bin pentru func\u021biile sale de c\u0103\u0219ti Bluetooth.<\/p>\n<p>Ochelarii Meta pot detecta modificarea LED-ului<\/p>\n<p class=\"wp-block-paragraph\">Indicatorul luminos are rolul de a-i avertiza pe cei din jur c\u0103 utilizatorul fotografiaz\u0103 sau \u00eenregistreaz\u0103 video. Acoperirea acestuia elimin\u0103 unul dintre pu\u021binele semnale vizibile prin care o persoan\u0103 poate afla c\u0103 se afl\u0103 \u00een raza camerei. Meta a introdus mecanismul de detectare dup\u0103 ce unii utilizatori ar fi filmat persoane necunoscute f\u0103r\u0103 acordul lor. Alte cazuri ar fi implicat h\u0103r\u021buirea oamenilor \u00een spa\u021bii publice, cu scopul de a ob\u021bine materiale pentru re\u021belele sociale.<\/p>\n<p class=\"wp-block-paragraph\">Compania estimeaz\u0103 c\u0103 mai pu\u021bin de 0,1% dintre ochelarii comercializa\u021bi au fost modifica\u021bi \u00een acest mod. Meta nu a oferit un num\u0103r exact, \u00eens\u0103 \u0219apte milioane de dispozitive au fost v\u00e2ndute numai \u00een 2025. Dup\u0103 includerea v\u00e2nz\u0103rilor din 2026, Semafor estimeaz\u0103 c\u0103 num\u0103rul utilizatorilor afecta\u021bi ajunge la c\u00e2teva mii.<\/p>\n<p class=\"wp-block-paragraph\">Nu este clar dac\u0103 blocarea camerei este permanent\u0103 sau dac\u0103 func\u021bia poate fi recuperat\u0103 dup\u0103 repararea indicatorului. Meta nu a explicat nici dac\u0103 proprietarii dispozitivelor vor avea la dispozi\u021bie o procedur\u0103 oficial\u0103 de service.<\/p>\n<p>Meta preg\u0103te\u0219te \u0219i o campanie de informare<\/p>\n<p class=\"wp-block-paragraph\">Compania va derula o campanie pe re\u021belele sociale \u0219i pe panouri publicitare pentru a explica modul \u00een care oamenii pot observa dac\u0103 ochelarii \u00eenregistreaz\u0103. Mesajele vor eviden\u021bia rolul indicatorului luminos \u0219i faptul c\u0103 acesta este destinat protej\u0103rii persoanelor aflate \u00een fa\u021ba camerei.<\/p>\n<p class=\"wp-block-paragraph\">\u201eA fost un mic joc de-a \u0219oarecele \u0219i pisica\u201d, a declarat Alex Himel, vicepre\u0219edinte pentru <a href=\"https:\/\/www.connect.ro\/2022\/05\/06\/samsung-oferte-smartphone-wearables-televizoare-electrocasnice\/\" rel=\"nofollow noopener\" target=\"_blank\">wearables<\/a> la Meta (via <a href=\"https:\/\/www.semafor.com\/article\/09\/01\/2026\/meta-disables-cameras-on-thousands-of-tampered-smart-glasses\" target=\"_blank\" rel=\"noreferrer noopener nofollow\">Semafor<\/a>). Reprezentantul companiei admite c\u0103 pot ap\u0103rea alte metode de ocolire a protec\u021biilor \u0219i spune c\u0103 Meta va continua s\u0103 monitorizeze situa\u021bia.<\/p>\n<p class=\"wp-block-paragraph\">Ochelarii cu camer\u0103 au fost deja interzi\u0219i \u00een unele spa\u021bii de lucru, pe fondul preocup\u0103rilor privind confiden\u021bialitatea. Spre deosebire de un <a href=\"https:\/\/www.connect.ro\/2022\/06\/15\/review-realme-gt2-pro\/\" rel=\"nofollow noopener\" target=\"_blank\">telefon<\/a>, ace\u0219tia permit \u00eenregistrarea f\u0103r\u0103 ca utilizatorul s\u0103 \u021bin\u0103 un dispozitiv vizibil \u00eendreptat c\u0103tre subiect.<\/p>\n<p>Acelea\u0219i camere sunt folosite \u0219i pentru accesibilitate<\/p>\n<p class=\"wp-block-paragraph\">Meta promoveaz\u0103 ochelarii \u0219i ca instrument pentru persoanele nev\u0103z\u0103toare sau cu deficien\u021be de vedere. Camera poate <a href=\"https:\/\/www.connect.ro\/2023\/12\/18\/analiza-romania-vehicule-electrice\/\" rel=\"nofollow noopener\" target=\"_blank\">analiza<\/a> obiectele din fa\u021ba utilizatorului \u0219i poate, de exemplu, s\u0103 citeasc\u0103 un meniu. Compania inten\u021bioneaz\u0103 s\u0103 doneze 130.000 de perechi veteranilor americani declara\u021bi legal nev\u0103z\u0103tori \u0219i \u00eencearc\u0103 s\u0103 ob\u021bin\u0103 clasificarea produsului drept dispozitiv asistiv \u00een Statele Unite. O asemenea \u00eencadrare ar putea permite acoperirea costurilor prin programe precum Medicare \u0219i Medicaid. Recunoa\u0219terea facial\u0103 este solicitat\u0103 frecvent de comunitatea utilizatorilor cu deficien\u021be de vedere, dar Meta spune c\u0103 nu inten\u021bioneaz\u0103 s\u0103 introduc\u0103 acum aceast\u0103 func\u021bie. Compania trebuie astfel s\u0103 echilibreze utiliz\u0103rile pentru accesibilitate cu riscurile asociate film\u0103rii \u0219i identific\u0103rii persoanelor f\u0103r\u0103 consim\u021b\u0103m\u00e2nt.<\/p>\n","protected":false},"excerpt":{"rendered":"Meta a \u00eenceput acum s\u0103 dezactiveze func\u021biile de fotografiere \u0219i filmare pe ochelarii inteligen\u021bi al c\u0103ror indicator luminos&hellip;\n","protected":false},"author":2,"featured_media":286018,"comment_status":"","ping_status":"","sticky":false,"template":"","format":"standard","meta":{"footnotes":"","_share_on_mastodon":"0"},"categories":[16],"tags":[44397,2066,51672,86,61896,37305,25039,41,40,38,39,43954,141,124],"class_list":["post-286017","post","type-post","status-publish","format-standard","has-post-thumbnail","category-tehnologie","tag-ai-glasses","tag-camere-video","tag-confidentialitate","tag-meta","tag-meta-glasses","tag-meta-ray-ban","tag-ochelari-inteligenti","tag-ro","tag-romana","tag-romania","tag-romanian","tag-smart-glasses","tag-technology","tag-tehnologie"],"share_on_mastodon":{"url":"https:\/\/pubeurope.com\/@ro\/117205669424237588","error":""},"_links":{"self":[{"href":"https:\/\/www.europesays.com\/ro\/wp-json\/wp\/v2\/posts\/286017","targetHints":{"allow":["GET"]}}],"collection":[{"href":"https:\/\/www.europesays.com\/ro\/wp-json\/wp\/v2\/posts"}],"about":[{"href":"https:\/\/www.europesays.com\/ro\/wp-json\/wp\/v2\/types\/post"}],"author":[{"embeddable":true,"href":"https:\/\/www.europesays.com\/ro\/wp-json\/wp\/v2\/users\/2"}],"replies":[{"embeddable":true,"href":"https:\/\/www.europesays.com\/ro\/wp-json\/wp\/v2\/comments?post=286017"}],"version-history":[{"count":0,"href":"https:\/\/www.europesays.com\/ro\/wp-json\/wp\/v2\/posts\/286017\/revisions"}],"wp:featuredmedia":[{"embeddable":true,"href":"https:\/\/www.europesays.com\/ro\/wp-json\/wp\/v2\/media\/286018"}],"wp:attachment":[{"href":"https:\/\/www.europesays.com\/ro\/wp-json\/wp\/v2\/media?parent=286017"}],"wp:term":[{"taxonomy":"category","embeddable":true,"href":"https:\/\/www.europesays.com\/ro\/wp-json\/wp\/v2\/categories?post=286017"},{"taxonomy":"post_tag","embeddable":true,"href":"https:\/\/www.europesays.com\/ro\/wp-json\/wp\/v2\/tags?post=286017"}],"curies":[{"name":"wp","href":"https:\/\/api.w.org\/{rel}","templated":true}]}}