{"id":286089,"date":"2026-09-03T07:15:14","date_gmt":"2026-09-03T07:15:14","guid":{"rendered":"https:\/\/www.europesays.com\/ro\/286089\/"},"modified":"2026-09-03T07:15:14","modified_gmt":"2026-09-03T07:15:14","slug":"darius-olaru-o-noua-victorie-in-belgia-union-saint-gilloise-a-facut-spectacol-in-deplasare","status":"publish","type":"post","link":"https:\/\/www.europesays.com\/ro\/286089\/","title":{"rendered":"Darius Olaru, o nou\u0103 victorie \u00een Belgia! Union Saint-Gilloise a f\u0103cut spectacol \u00een deplasare"},"content":{"rendered":"<p>\t    <img loading=\"lazy\" decoding=\"async\" class=\"mg-x-auto\" width=\"30\" height=\"30\" src=\"https:\/\/www.europesays.com\/ro\/wp-content\/uploads\/2026\/09\/1788419712_802_google-g.png\" alt=\"\"\/><\/p>\n<p id=\"p-0\">Darius Olaru a ob\u021binut un nou succes \u00een Belgia, \u00eens\u0103 interna\u021bionalul rom\u00e2n n-a contribuit cu nimic la victoria net\u0103 \u00een deplasare a lui Union Saint-Gilloise.<\/p>\n<p id=\"p-1\">Echipa fostului c\u0103pitan de la FCSB s-a impus pe terenul lui St. Trond, scor 3-0, \u00een etapa a patra din Jupiler Pro League.<\/p>\n<p>Union Saint-Gilloise, succes clar \u00een deplasare cu St. Trond. Darius Olaru a intrat dup\u0103 pauz\u0103<\/p>\n<p id=\"p-2\">Union Saint-Gilloise, <a style=\"color: #0000ff;\" href=\"https:\/\/www.prosport.ro\/fotbal-extern\/europa-league\/adversari-europa-league-darius-olaru-ionut-radu-marius-corbu-20512595\" rel=\"nofollow noopener\" target=\"_blank\">echipa unde s-a transferat \u00een aceast\u0103 var\u0103 Darius Olaru<\/a>, a c\u00e2\u0219tigat net \u00een etapa a patra din campionatul Belgiei.<\/p>\n<p id=\"p-3\">Trupa interna\u021bionalului rom\u00e2n a triumfat \u00een deplasare cu St. Trond, scor 3-0, \u00eens\u0103 Olaru nu a contribuit cu nimic la succesul clar.<\/p>\n<p id=\"p-4\">Oaspe\u0163ii au modificat tabela prin Louis Patris, \u00een minutul 22, Kevin Mac Allister a dublat avantajul lui USG, \u00een minutul 54, iar Mofokeng a \u00eenchis meciul cu reu\u0219ita din minutul 62.<\/p>\n<p>                <a href=\"https:\/\/www.prosport.ro\/poze\/union-saint-gilloise-victorie-belgia-darius-olaru-spectacol-deplasare-20516493\" rel=\"nofollow noopener\" target=\"_blank\">&#13;<br \/>\n                                            <img decoding=\"async\" loading=\"lazy\" fetchpriority=\"low\" src=\"https:\/\/www.europesays.com\/ro\/wp-content\/uploads\/2026\/09\/https:\/\/www.prosport.ro\/wp-content\/uploads\/2026\/08\/darius-olaru-gol-reactie-belgieni1.jpg\" width=\"458\" height=\"305\"\/>&#13;<br \/>\n                                    <\/a><\/p>\n<p>                <a href=\"https:\/\/www.prosport.ro\/poze\/union-saint-gilloise-victorie-belgia-darius-olaru-spectacol-deplasare-20516493\" rel=\"nofollow noopener\" target=\"_blank\">&#13;<br \/>\n                                            <img decoding=\"async\" loading=\"lazy\" fetchpriority=\"low\" src=\"https:\/\/www.europesays.com\/ro\/wp-content\/uploads\/2026\/09\/https:\/\/www.prosport.ro\/wp-content\/uploads\/2026\/08\/adversari-europa-league-darius-olaru-ionut-radu-m.jpeg\" width=\"227\" height=\"151\"\/>&#13;<br \/>\n                                    <\/a><\/p>\n<p id=\"p-5\">La trei minute distan\u021b\u0103, antrenorul David Hubert l-a trimis \u00een teren \u0219i pe Darius Olaru, dar nimic nu s-a mai \u00eent\u00e2mplat p\u00e2n\u0103 la final \u0219i St Trond \u2013 Union St Gilloise s-a \u00eencheiat 0-3.<\/p>\n<p id=\"p-6\">Union Saint-Gilloise este pe locul doi \u00een clasament, cu 10 puncte acumulate \u0219i 11-1 golaveraj, \u00eentr-o ierarhie condus\u0103 de Charleroi, care are punctaj maxim dup\u0103 patru runde, golaveraj 9-2.<\/p>\n<p><img aria-describedby=\"caption-attachment-20502035\" class=\"size-large wp-image-20502035\" src=\"https:\/\/www.europesays.com\/ro\/wp-content\/uploads\/2026\/09\/https:\/\/www.prosport.ro\/wp-content\/uploads\/2026\/08\/drama-darius-olaru-eliminare-champions-league-e17.webp\" alt=\"\" width=\"900\" height=\"545\" loading=\"lazy\" decoding=\"async\" \/><\/p>\n<p id=\"caption-attachment-20502035\" class=\"wp-caption-text\">Sursa Foto: PROFIMEDIA, 11.08.2026<\/p>\n<p>Evolu\u021bie slab\u0103, not\u0103 mic\u0103<\/p>\n<p id=\"p-7\">Rom\u00e2nul nu a ie\u0219it cu nimic \u00een eviden\u021b\u0103 \u00een jum\u0103tatea de or\u0103 \u00een care a jucat, cu tot cu prelungirile dictate de arbitru.<\/p>\n<p id=\"p-8\">Portalul Sofascore l-a notat cu 6.7, una dintre cele mai mici note, \u00een condi\u021biile \u00een care media echipei sale a fost de 7.3.<\/p>\n<p id=\"p-9\">Pentru Union Saint-Gilloise este al doilea succes net cu 3-0, dup\u0103 victoria din derby-ul cu Anderlecht, \u00een care Darius Olaru a r\u0103mas pe banca de rezerve.<\/p>\n<p>\u0218i-a pierdut locul \u00een echip\u0103<\/p>\n<p id=\"p-10\">Darius Olaru a jucat p\u00e2n\u0103 acum \u00een cinci meciuri oficiale pentru Union Saint-Gilloise. A debutat \u00een succesul din Supercupa Belgiei, Club Brugge \u2013 Union Saint-Gilloise 1-1 (4-5 d.l.d.), c\u00e2nd a intrat titular \u0219i a fost schimbat \u00een minutul 71. Ulterior a evoluat 56 de minute \u00een disputa Real Union SG \u2013 Bodo\/Glimt 3-3 din preliminariile Champions League.<\/p>\n<p id=\"p-11\">Apoi a fost rezerv\u0103 \u0219i a a prins doar 22 de minute \u00een duelul Westerlo \u2013 Royale Union SG 1-5, c\u00e2nd a \u0219i marcat primul s\u0103u gol pentru gruparea flamand\u0103.<\/p>\n<p id=\"p-12\">Interna\u021bionalul rom\u00e2n s-a \u00eentors printre titulari \u00een <a style=\"color: #0000ff;\" href=\"https:\/\/www.prosport.ro\/fotbal-extern\/liga-campionilor\/istvan-kovacs-scandal-meci-liga-campionilor-20502170\" rel=\"nofollow noopener\" target=\"_blank\">man\u0219a secund\u0103 din Liga Campionilor Bodo\/Glimt \u2013 Union Saint-Gilloise<\/a>, scor 3-2, c\u00e2nd a reu\u0219it s\u0103 livereze o pas\u0103 de gol.<\/p>\n<p id=\"p-13\">Au urmat apoi dou\u0103 partide \u00een care a r\u0103mas pe banca de rezerve, iar acum a fost introdus cu St. Trond, la scorul de 3-0, c\u00e2nd soarta partidei fusese deja decis\u0103.<\/p>\n<p id=\"p-14\">\u00a0<\/p>\n","protected":false},"excerpt":{"rendered":"Darius Olaru a ob\u021binut un nou succes \u00een Belgia, \u00eens\u0103 interna\u021bionalul rom\u00e2n n-a contribuit cu nimic la victoria&hellip;\n","protected":false},"author":2,"featured_media":286090,"comment_status":"","ping_status":"","sticky":false,"template":"","format":"standard","meta":{"footnotes":"","_share_on_mastodon":"0"},"categories":[20],"tags":[6529,78740,41,40,38,39,185,184,11697],"class_list":["post-286089","post","type-post","status-publish","format-standard","has-post-thumbnail","category-sport","tag-darius-olaru","tag-darius-olaru-belgia","tag-ro","tag-romana","tag-romania","tag-romanian","tag-sport","tag-sports","tag-union-saint-gilloise"],"share_on_mastodon":{"url":"https:\/\/pubeurope.com\/@ro\/117205881645369273","error":""},"_links":{"self":[{"href":"https:\/\/www.europesays.com\/ro\/wp-json\/wp\/v2\/posts\/286089","targetHints":{"allow":["GET"]}}],"collection":[{"href":"https:\/\/www.europesays.com\/ro\/wp-json\/wp\/v2\/posts"}],"about":[{"href":"https:\/\/www.europesays.com\/ro\/wp-json\/wp\/v2\/types\/post"}],"author":[{"embeddable":true,"href":"https:\/\/www.europesays.com\/ro\/wp-json\/wp\/v2\/users\/2"}],"replies":[{"embeddable":true,"href":"https:\/\/www.europesays.com\/ro\/wp-json\/wp\/v2\/comments?post=286089"}],"version-history":[{"count":0,"href":"https:\/\/www.europesays.com\/ro\/wp-json\/wp\/v2\/posts\/286089\/revisions"}],"wp:featuredmedia":[{"embeddable":true,"href":"https:\/\/www.europesays.com\/ro\/wp-json\/wp\/v2\/media\/286090"}],"wp:attachment":[{"href":"https:\/\/www.europesays.com\/ro\/wp-json\/wp\/v2\/media?parent=286089"}],"wp:term":[{"taxonomy":"category","embeddable":true,"href":"https:\/\/www.europesays.com\/ro\/wp-json\/wp\/v2\/categories?post=286089"},{"taxonomy":"post_tag","embeddable":true,"href":"https:\/\/www.europesays.com\/ro\/wp-json\/wp\/v2\/tags?post=286089"}],"curies":[{"name":"wp","href":"https:\/\/api.w.org\/{rel}","templated":true}]}}