{"id":286147,"date":"2026-09-03T07:57:18","date_gmt":"2026-09-03T07:57:18","guid":{"rendered":"https:\/\/www.europesays.com\/ro\/286147\/"},"modified":"2026-09-03T07:57:18","modified_gmt":"2026-09-03T07:57:18","slug":"gigi-becali-a-anuntat-cand-va-reveni-radoi-la-fcsb-il-iubesc-pe-mirel","status":"publish","type":"post","link":"https:\/\/www.europesays.com\/ro\/286147\/","title":{"rendered":"Gigi Becali a anun\u021bat c\u00e2nd va reveni R\u0103doi la FCSB: \u201e\u00cel iubesc pe Mirel\u201d"},"content":{"rendered":"<ul class=\"bullets\">&#13;<\/p>\n<li>Gigi Becali (68 de ani), patronul FCSB, a vorbit despre o posibil\u0103 revenire a lui Mirel R\u0103doi (45 de ani) pe banca ro\u0219-alba\u0219trilor, la scurt timp dup\u0103 victoria cu FC Arge\u0219, <a target=\"_blank\" href=\"https:\/\/golazo.ro\/fc-arges-fcsb-live-cupa-romaniei-grupe-185118\" rel=\"nofollow noopener\">scor 5-0<\/a>, din Cupa Rom\u00e2niei.<\/li>\n<p>&#13;\n<\/ul>\n<p><a id=\"google-source-button\" class=\"google-favorite\" target=\"_blank\" href=\"https:\/\/www.google.com\/preferences\/source?q=golazo.ro\" rel=\"nofollow noopener\"><\/p>\n<p>        <img loading=\"lazy\" decoding=\"async\" src=\"https:\/\/golazo.ro\/images\/google-logo.svg\" alt=\"\" width=\"24\" height=\"24\"\/><br \/>\n        <img loading=\"lazy\" decoding=\"async\" src=\"https:\/\/golazo.ro\/images\/check-icon-2.svg\" alt=\"\" width=\"24\" height=\"24\"\/><\/p>\n<p>    Adaug\u0103 GOLAZO.ro la favorite<\/p>\n<p><\/a><\/p>\n<p class=\"\">Mirel R\u0103doi <a href=\"https:\/\/golazo.ro\/mirel-radoi-gaziantep-turcia-conducere-contract-184943\" target=\"_blank\" rel=\"noreferrer noopener nofollow\">a fost concediat recent de Gaziantep<\/a> \u0219i s-a speculat c\u0103 <a href=\"https:\/\/golazo.ro\/mirel-radoi-mihai-stoica-fcsb-marius-baciu-184971\" target=\"_blank\" rel=\"noreferrer noopener nofollow\">s-ar putea \u00eentoarce la FCSB<\/a>.<\/p>\n<p>Gigi Becali vrea s\u0103-l mai aduc\u0103 o dat\u0103 pe R\u0103doi la FCSB: \u201e\u00cel iubesc pe Mirel\u201d<\/p>\n<p class=\"\">\u00centrebat din nou despre posibilitatea revenirii lui R\u0103doi la FCSB, Becali a subliniat c\u0103, momentan, vrea s\u0103 \u00eel p\u0103streze pe Marius Baciu pe banca tehnic\u0103.<\/p>\n<p class=\"\">\u201eDac\u0103 coment\u0103m asta dup\u0103 5-0, \u00eenseamn\u0103 c\u0103 d\u0103m \u00een om. A\u0219a cum este el, este \u0219i el un om, Baciu. Este antrenor. <\/p>\n<p class=\"\">C\u00e2nd va fi vremea, va pleca, dar nu acum, dup\u0103 5-0, s\u0103 vorbim c\u0103 vine R\u0103doi.<\/p>\n<p class=\"\">Nu am vorbit cu Mirel, ca s\u0103 vedem ce zice, poate nu vrea. Nici nu mi-a trecut prin cap s\u0103 \u00eel aduc pe Mirel. O s\u0103 vorbesc cu el, probabil e sup\u0103rat de ce s-a \u00eent\u00e2mplat\u201d, a spus Becali, la Prima Sport.<\/p>\n<p class=\"\">FOTO. FCSB, antrenament \u00eenaintea meciului cu FC Arge\u0219<\/p>\n<p>    <img decoding=\"async\" src=\"https:\/\/www.europesays.com\/ro\/wp-content\/uploads\/2026\/09\/img-5480.jpeg\" alt=\"FCSB, la antrenamentul dinaintea meciului cu FC Arge\u0219 din Cupa Rom\u00e2niei. Foto: Iosif Popescu \/ GOLAZO.ro\" data-blur=\"https:\/\/www.europesays.com\/ro\/wp-content\/uploads\/2026\/09\/img-5480.jpeg\" width=\"684\" height=\"456\" class=\"blur\" loading=\"lazy\"\/><\/p>\n<p>            <img decoding=\"async\" src=\"https:\/\/www.europesays.com\/ro\/wp-content\/uploads\/2026\/09\/1788422238_267_img-5480.jpeg\" loading=\"lazy\" alt=\"FCSB, la antrenamentul dinaintea meciului cu FC Arge\u0219 din Cupa Rom\u00e2niei. Foto: Iosif Popescu \/ GOLAZO.ro\" width=\"684\" height=\"456\"\/><\/p>\n<p>        Galerie foto (24 imagini)<\/p>\n<p>                    <a href=\"https:\/\/golazo.ro\/fcsb-la-antrenamentul-dinaintea-meciului-cu-fc-arges-din-cupa-romaniei-foto-iosif-popescu-golazoro-185048-g1?articleSource=185170\" class=\"gallery-link\" aria-label=\"Show gallery\" rel=\"nofollow noopener\" target=\"_blank\"><\/p>\n<p>                +24 Foto<br \/>\n            <\/a><\/p>\n<p>    <a href=\"https:\/\/golazo.ro\/fcsb-la-antrenamentul-dinaintea-meciului-cu-fc-arges-din-cupa-romaniei-foto-iosif-popescu-golazoro-185048-g1\/fcsb-la-antrenamentul-dinaintea-meciului-cu-fc-arges-din-cupa-romaniei-foto-iosif-popescu-golazoro-486429?articleSource=185170\" class=\"link\" rel=\"nofollow noopener\" target=\"_blank\">labels.photo-gallery<\/a><\/p>\n<p class=\"\">R\u0103doi revenise la FCSB \u00een luna martie, \u00eens\u0103 s-a desp\u0103r\u021bit de ro\u0219-alba\u0219tri dup\u0103 doar cinci meciuri oficiale, pentru a da curs ofertei din Turcia.<\/p>\n<p class=\"\">Becali a recunoscut c\u0103 \u0219i-ar dori s\u0103 mai colaboreze cu el \u00een viitor.<\/p>\n<blockquote class=\"quote\"><p>\n    Odat\u0103 \u0219i odat\u0103 o s\u0103 vreau s\u0103-l aduc pe Mirel, c\u00e2nd o s\u0103 am o echip\u0103 puternic\u0103, \u00een a\u0219a fel \u00eenc\u00e2t s\u0103 nu mai dea el gre\u0219. Eu s\u0103 am valoare mare, iar el s\u0103 vin\u0103 cu experien\u021ba lui. E p\u0103cat c\u0103, la c\u00e2t fotbal \u0219tie, nu are rezultate ca antrenor. \u00cel iubesc pe Mirel, are a\u0219a o aur\u0103 de om nevinovat. Gigi Becali, patron FCSB\n<\/p><\/blockquote>\n<p>Cite\u0219te \u0219i<\/p>\n<p>VIDEO: cele mai noi imagini din sport<\/p>\n","protected":false},"excerpt":{"rendered":"&#13; Gigi Becali (68 de ani), patronul FCSB, a vorbit despre o posibil\u0103 revenire a lui Mirel R\u0103doi&hellip;\n","protected":false},"author":2,"featured_media":286148,"comment_status":"","ping_status":"","sticky":false,"template":"","format":"standard","meta":{"footnotes":"","_share_on_mastodon":"0"},"categories":[20],"tags":[351,3183,67,269,196,909,577,41,40,38,39,185,184],"class_list":["post-286147","post","type-post","status-publish","format-standard","has-post-thumbnail","category-sport","tag-antrenor","tag-cupa-romaniei","tag-fc-arges","tag-fcsb","tag-gigi-becali","tag-marius-baciu","tag-mirel-radoi","tag-ro","tag-romana","tag-romania","tag-romanian","tag-sport","tag-sports"],"share_on_mastodon":{"url":"https:\/\/pubeurope.com\/@ro\/117206047096989999","error":""},"_links":{"self":[{"href":"https:\/\/www.europesays.com\/ro\/wp-json\/wp\/v2\/posts\/286147","targetHints":{"allow":["GET"]}}],"collection":[{"href":"https:\/\/www.europesays.com\/ro\/wp-json\/wp\/v2\/posts"}],"about":[{"href":"https:\/\/www.europesays.com\/ro\/wp-json\/wp\/v2\/types\/post"}],"author":[{"embeddable":true,"href":"https:\/\/www.europesays.com\/ro\/wp-json\/wp\/v2\/users\/2"}],"replies":[{"embeddable":true,"href":"https:\/\/www.europesays.com\/ro\/wp-json\/wp\/v2\/comments?post=286147"}],"version-history":[{"count":0,"href":"https:\/\/www.europesays.com\/ro\/wp-json\/wp\/v2\/posts\/286147\/revisions"}],"wp:featuredmedia":[{"embeddable":true,"href":"https:\/\/www.europesays.com\/ro\/wp-json\/wp\/v2\/media\/286148"}],"wp:attachment":[{"href":"https:\/\/www.europesays.com\/ro\/wp-json\/wp\/v2\/media?parent=286147"}],"wp:term":[{"taxonomy":"category","embeddable":true,"href":"https:\/\/www.europesays.com\/ro\/wp-json\/wp\/v2\/categories?post=286147"},{"taxonomy":"post_tag","embeddable":true,"href":"https:\/\/www.europesays.com\/ro\/wp-json\/wp\/v2\/tags?post=286147"}],"curies":[{"name":"wp","href":"https:\/\/api.w.org\/{rel}","templated":true}]}}