{"id":286273,"date":"2026-09-03T09:35:13","date_gmt":"2026-09-03T09:35:13","guid":{"rendered":"https:\/\/www.europesays.com\/ro\/286273\/"},"modified":"2026-09-03T09:35:13","modified_gmt":"2026-09-03T09:35:13","slug":"italienii-au-dat-verdictul-despre-daniel-birligea-dupa-ce-a-avut-un-gol-anulat-la-primul-meci-ca-titular-la-frosinone","status":"publish","type":"post","link":"https:\/\/www.europesays.com\/ro\/286273\/","title":{"rendered":"Italienii au dat verdictul despre Daniel B\u00eerligea, dup\u0103 ce a avut un gol anulat la primul meci ca titular la Frosinone"},"content":{"rendered":"<p>\t    <img loading=\"lazy\" decoding=\"async\" class=\"mg-x-auto\" width=\"30\" height=\"30\" src=\"https:\/\/www.europesays.com\/ro\/wp-content\/uploads\/2026\/09\/1788428112_228_google-g.png\" alt=\"\"\/><\/p>\n<p id=\"p-0\">Atacantul Daniel B\u00eerligea (26 de ani) a debutat oficial pentru Frosinone \u00een Cupa Italiei, fiind utilizat timp de 63 de minute \u00eenainte de a fi \u00eenlocuit cu Bobcek, \u00eentr-o partid\u0103 \u00een care rom\u00e2nul a marcat un gol superb, anulat \u00eens\u0103 de arbitri pe motiv de ofsaid.<\/p>\n<p id=\"p-1\">Este practic al doilea meci \u00een tricoul echipei italiene. Pe 29 august, la 3-0 cu Fiorentina, el a intrat pe final de joc la meciul din campionat \u0219i nu a apucat s\u0103 ias\u0103 cu nimic \u00een eviden\u021b\u0103.<\/p>\n<p>Presa din Italia laud\u0103 faza golului chiar dac\u0103 acesta a fost anulat<\/p>\n<p id=\"p-2\">Confruntarea contra celor de la Sassuolo s-a \u00eencheiat la egalitate, scor 1-1 \u00een timpul regulamentar, dup\u0103 reu\u0219itele semnate de Dom\u00ednguez (minutul 35) \u0219i Terzi\u0107 (minutul 45+2). Din p\u0103cate pentru noul elev al lui Frosinone, <a style=\"color: #0000ff;\" href=\"https:\/\/www.prosport.ro\/fotbal-extern\/campionate-externe\/italia\/daniel-birligea-reactii-ostile-fani-frosinone-20511803\" rel=\"nofollow noopener\" target=\"_blank\">echipa sa a pierdut calificarea la loviturile de departajare<\/a>, scor 4-3, dar jurnali\u0219tii italieni au tras deja primele concluzii extrem de interesante despre evolu\u021bia tricolorului.<\/p>\n<p>                <a href=\"https:\/\/www.prosport.ro\/poze\/daniel-barligea-gol-anulat-in-cupa-italiei-20516228\" rel=\"nofollow noopener\" target=\"_blank\">&#13;<br \/>\n                                            <img decoding=\"async\" loading=\"lazy\" fetchpriority=\"low\" src=\"https:\/\/www.europesays.com\/ro\/wp-content\/uploads\/2026\/09\/https:\/\/www.prosport.ro\/wp-content\/uploads\/2026\/09\/birlgea.webp\" width=\"458\" height=\"305\"\/>&#13;<br \/>\n                                    <\/a><\/p>\n<p>                <a href=\"https:\/\/www.prosport.ro\/poze\/daniel-barligea-gol-anulat-in-cupa-italiei-20516228\" rel=\"nofollow noopener\" target=\"_blank\">&#13;<br \/>\n                                            <img decoding=\"async\" loading=\"lazy\" fetchpriority=\"low\" src=\"https:\/\/www.europesays.com\/ro\/wp-content\/uploads\/2026\/09\/https:\/\/www.prosport.ro\/wp-content\/uploads\/2026\/09\/birligea-2.webp\" width=\"227\" height=\"151\"\/>&#13;<br \/>\n                                    <\/a><\/p>\n<p id=\"p-3\">Presta\u021bia atacantului \u00eemprumutat de la FCSB a fost analizat\u0103 la s\u00e2nge de renumita publica\u021bie Tuttomercatoweb, jurnali\u0219tii italieni declar\u00e2ndu-se per ansamblu mul\u021bumi\u021bi de implicarea rom\u00e2nului \u00een jocul ofensiv.<\/p>\n<p id=\"p-4\">\u201dA demonstrat c\u0103 este un adev\u0103rat atacant central, atac\u00e2nd deseori \u00een ad\u00e2ncime. Periculos, dar nu letal, prea altruist \u00een dorin\u021ba de a-i pasa lui Zerbin, chiar \u0219i din pozi\u021bii favorabile, au titrat jurnali\u0219tii de la <a style=\"color: #000000;\" href=\"https:\/\/www.tuttomercatoweb.com\/serie-a\/sassuolo-frosinone-1-1-dcr-pagelle-fini-indomabile-2269658\" target=\"_blank\" rel=\"noopener nofollow\">Tuttomercatoweb<\/a>.<\/p>\n<p id=\"p-5\">Faza care a aprins tribunele s-a petrecut \u00een minutul 56 al partidei. Lansat perpendicular pe poart\u0103 printr-o pas\u0103 de geniu, <a style=\"color: #0000ff;\" href=\"https:\/\/www.prosport.ro\/fotbal-intern\/superliga\/daniel-birligea-dezvaluire-motiv-plecare-fcsb-frosinone-20515268\" rel=\"nofollow noopener\" target=\"_blank\">Daniel B\u00eerligea a demonstrat o tehnic\u0103 de clas\u0103<\/a>. A \u021b\u00e2\u0219nit spre buturile adverse \u0219i, f\u0103r\u0103 s\u0103 aib\u0103 nevoie de preluare, a expediat un \u0219ut violent, pe jos, direct la col\u021bul scurt, \u00eenving\u00e2ndu-l f\u0103r\u0103 speran\u021be pe portarul Turati. Bucuria a fost \u00eens\u0103 curmat\u0103 instant de arbitrajul video, relu\u0103rile ar\u0103t\u00e2nd c\u0103 atacantul se afla \u00eentr-o pozi\u021bie milimetric\u0103 de afara jocului \u00een momentul pasei, l\u0103s\u00e2nd tabela neschimbat\u0103.<\/p>\n<p>Debutul pe e\u0219antionul de elit\u0103 contra celor de la Venezia<\/p>\n<p id=\"p-6\">Trecut peste botezul de foc din Cupa Italiei, pentru Daniel B\u00eerligea urmeaz\u0103 marele examen \u00een campionat. Frosinone se preg\u0103te\u0219te intens pentru primul meci de pe teren propriu din noul sezon de Serie A, o confruntare de uzur\u0103 \u00eempotriva celor de la Venezia.<\/p>\n<p id=\"p-7\">Meciul este programat duminic\u0103, 6 septembrie, de la ora 16:00, \u0219i promite s\u0103 fie o oportunitate perfect\u0103 pentru atacant de a sparge ghea\u021ba.<br \/>Av\u00e2nd \u00een vedere adaptarea sa rapid\u0103 la limba italian\u0103 \u0219i determinarea ar\u0103tat\u0103 la antrenamente, fanii sper\u0103 ca antrenorul s\u0103 \u00eei acorde din nou statutul de titular.<\/p>\n","protected":false},"excerpt":{"rendered":"Atacantul Daniel B\u00eerligea (26 de ani) a debutat oficial pentru Frosinone \u00een Cupa Italiei, fiind utilizat timp de&hellip;\n","protected":false},"author":2,"featured_media":286274,"comment_status":"","ping_status":"","sticky":false,"template":"","format":"standard","meta":{"footnotes":"","_share_on_mastodon":"0"},"categories":[20],"tags":[1581,49907,78789,41,40,38,39,547,185,184],"class_list":["post-286273","post","type-post","status-publish","format-standard","has-post-thumbnail","category-sport","tag-daniel-birligea","tag-frosinone","tag-jurnalistii-italieni","tag-ro","tag-romana","tag-romania","tag-romanian","tag-sassuolo","tag-sport","tag-sports"],"share_on_mastodon":{"url":"https:\/\/pubeurope.com\/@ro\/117206432357396226","error":""},"_links":{"self":[{"href":"https:\/\/www.europesays.com\/ro\/wp-json\/wp\/v2\/posts\/286273","targetHints":{"allow":["GET"]}}],"collection":[{"href":"https:\/\/www.europesays.com\/ro\/wp-json\/wp\/v2\/posts"}],"about":[{"href":"https:\/\/www.europesays.com\/ro\/wp-json\/wp\/v2\/types\/post"}],"author":[{"embeddable":true,"href":"https:\/\/www.europesays.com\/ro\/wp-json\/wp\/v2\/users\/2"}],"replies":[{"embeddable":true,"href":"https:\/\/www.europesays.com\/ro\/wp-json\/wp\/v2\/comments?post=286273"}],"version-history":[{"count":0,"href":"https:\/\/www.europesays.com\/ro\/wp-json\/wp\/v2\/posts\/286273\/revisions"}],"wp:featuredmedia":[{"embeddable":true,"href":"https:\/\/www.europesays.com\/ro\/wp-json\/wp\/v2\/media\/286274"}],"wp:attachment":[{"href":"https:\/\/www.europesays.com\/ro\/wp-json\/wp\/v2\/media?parent=286273"}],"wp:term":[{"taxonomy":"category","embeddable":true,"href":"https:\/\/www.europesays.com\/ro\/wp-json\/wp\/v2\/categories?post=286273"},{"taxonomy":"post_tag","embeddable":true,"href":"https:\/\/www.europesays.com\/ro\/wp-json\/wp\/v2\/tags?post=286273"}],"curies":[{"name":"wp","href":"https:\/\/api.w.org\/{rel}","templated":true}]}}