{"id":286295,"date":"2026-09-03T09:51:36","date_gmt":"2026-09-03T09:51:36","guid":{"rendered":"https:\/\/www.europesays.com\/ro\/286295\/"},"modified":"2026-09-03T09:51:36","modified_gmt":"2026-09-03T09:51:36","slug":"calvin-klein-lanseaza-campania-de-toamna-2026-dedicata-denimului-feel-the-fit-avand-o-ca-protagonista-pe-sadie-sink-prwave-ro","status":"publish","type":"post","link":"https:\/\/www.europesays.com\/ro\/286295\/","title":{"rendered":"Calvin Klein lanseaz\u0103 campania de toamn\u0103 2026 dedicat\u0103 denimului \u201eFeel the Fit\u201d, av\u00e2nd-o ca protagonist\u0103 pe Sadie Sink &#8211; PRwave.ro"},"content":{"rendered":"<p>Noua campanie structurat\u0103 \u00een mai multe capitole surprinde senza\u021bia pe care o ai atunci c\u00e2nd \u00eembraci perechea perfect\u0103 de blugi<\/p>\n<p>Calvin Klein dezv\u0103luie ast\u0103zi cel de-al doilea capitol al campaniei sale dedicat\u0103 denimului \u201eFeel the Fit\u201d pentru toamna anului 2026, av\u00e2nd-o ca protagonist\u0103 pe apreciata actri\u021b\u0103 nominalizat\u0103 la premiile Tony, Sadie Sink. Celebr\u00e2nd \u00eencrederea redat\u0103 de o croial\u0103 perfect\u0103, campania o prezint\u0103 pe Sadie aduc\u00e2ndu-\u0219i stilul instinctiv \u0219i atitudinea modern\u0103 blugilor iconici Calvin Klein.<\/p>\n<p>\u201eDenimul a fost \u00eentotdeauna un element de baz\u0103 \u00een garderoba mea, a\u0219a c\u0103 parteneriatul cu Calvin Klein pentru aceast\u0103 campanie a fost ceva complet natural\u201d, a declarat Sadie Sink. \u201e\u00cemi place ideea din spatele \u2018Feel the Fit\u2019. Perechea potrivit\u0103 de blugi are un mod aparte de a-\u021bi schimba atitudinea din momentul \u00een care o \u00eembraci. Fiecare \u021binut\u0103 mi-a permis s\u0103 explorez o alt\u0103 latur\u0103 a stilului meu, sim\u021bindu-m\u0103 \u00een acela\u0219i timp complet eu \u00eens\u0103mi.\u201d<\/p>\n<p>Regizat\u0103 de Aidan Zamiri, campania o dezv\u0103luie pe Sadie \u00eentr-o serie de scene din via\u021ba de zi cu zi, \u00een care \u00eembr\u0103carea blugilor ei Calvin Klein declan\u0219eaz\u0103 o schimbare de energie. Pe m\u0103sur\u0103 ce \u00een jurul ei se desf\u0103\u0219oar\u0103 momente nea\u0219teptate, Sadie trece prin fiecare cu o \u00eencredere natural\u0103 \u0219i lejeritate, ar\u0103t\u00e2nd cum blugii potrivi\u021bi pot schimba totul. O coloan\u0103 sonor\u0103 \u00eendr\u0103znea\u021b\u0103 intensific\u0103 ac\u021biunea, infuz\u00e2nd fiecare cadru cu energia emblematic\u0103 Calvin Klein.<\/p>\n<p><img loading=\"lazy\" decoding=\"async\" class=\"aligncenter size-full wp-image-358926\" src=\"https:\/\/www.europesays.com\/ro\/wp-content\/uploads\/2026\/09\/Feel-the-Fit-FA26-CK-Sadie-Sink-scaled.jpg\" alt=\"Feel the Fit FA26 - CK - Sadie Sink\" width=\"2560\" height=\"769\"  \/><\/p>\n<p>Pentru campania de toamn\u0103 2026, Calvin Klein introduce o gam\u0103 de croieli de denim concepute pentru a face g\u0103sirea perechii perfecte o sarcin\u0103 simpl\u0103. Emblematicul 90s Straight Jean revine \u00een sp\u0103l\u0103ri noi de culoare, pentru un stil de toamn\u0103 relaxat \u0219i rafinat. Croiala joas\u0103 \u0219i larg\u0103 a modelului Low Rise Baggy Jean adaug\u0103 o not\u0103 relaxat\u0103 oric\u0103rei \u021binute, \u00een timp ce High Rise Loose Jean ofer\u0103 o siluet\u0103 elegant\u0103, ce pune \u00een eviden\u021b\u0103 linia corpului, \u00een nuan\u021be \u00eenchise \u0219i bogate. Stylingul din \u00eentreaga campanie arat\u0103 cum fiecare croial\u0103 aduce propria atitudine denimului emblematic Calvin Klein.<\/p>\n<p>Campania a fost lansat\u0103 global pe 1 septembrie 2026, \u00een toate magazinele Calvin Klein, pe calvinklein.com \u0219i pe platformele de social media.<\/p>\n<p>\u201eFeel The Fit\u201d continu\u0103 tradi\u021bia Calvin Klein de a surprinde talente de referin\u021b\u0103 din spa\u021biul cultural \u00een piese emblematice de denim, aduc\u00e2nd perspectiva unei noi genera\u021bii asupra senzualit\u0103\u021bii iconice \u0219i stilului minimalist al brandului.<\/p>\n<p>R\u0103m\u00e2ne\u021bi aproape pentru capitolul final.<\/p>\n<p>Campaign Credits:<br \/>Regizat\u0103 \u0219i fotografiat\u0103 de Aidan Zamiri<\/p>\n<p>Editorial Credits:<br \/>Calvin Klein<\/p>\n<p>Social: @calvinklein<\/p>\n","protected":false},"excerpt":{"rendered":"Noua campanie structurat\u0103 \u00een mai multe capitole surprinde senza\u021bia pe care o ai atunci c\u00e2nd \u00eembraci perechea perfect\u0103&hellip;\n","protected":false},"author":2,"featured_media":286296,"comment_status":"","ping_status":"","sticky":false,"template":"","format":"standard","meta":{"footnotes":"","_share_on_mastodon":"0"},"categories":[16],"tags":[77225,78803,76902,78804,76903,77228,77230,77231,913,41,40,38,39,78805,141,124],"class_list":["post-286295","post","type-post","status-publish","format-standard","has-post-thumbnail","category-tehnologie","tag-90s-straight-jean","tag-aidan-zamiri","tag-calvin-klein","tag-campania-de-toamna-2026","tag-denim","tag-feel-the-fit","tag-high-rise-loose-jean","tag-low-rise-baggy-jean","tag-moda","tag-ro","tag-romana","tag-romania","tag-romanian","tag-sadie-sink","tag-technology","tag-tehnologie"],"share_on_mastodon":{"url":"https:\/\/pubeurope.com\/@ro\/117206495278295843","error":""},"_links":{"self":[{"href":"https:\/\/www.europesays.com\/ro\/wp-json\/wp\/v2\/posts\/286295","targetHints":{"allow":["GET"]}}],"collection":[{"href":"https:\/\/www.europesays.com\/ro\/wp-json\/wp\/v2\/posts"}],"about":[{"href":"https:\/\/www.europesays.com\/ro\/wp-json\/wp\/v2\/types\/post"}],"author":[{"embeddable":true,"href":"https:\/\/www.europesays.com\/ro\/wp-json\/wp\/v2\/users\/2"}],"replies":[{"embeddable":true,"href":"https:\/\/www.europesays.com\/ro\/wp-json\/wp\/v2\/comments?post=286295"}],"version-history":[{"count":0,"href":"https:\/\/www.europesays.com\/ro\/wp-json\/wp\/v2\/posts\/286295\/revisions"}],"wp:featuredmedia":[{"embeddable":true,"href":"https:\/\/www.europesays.com\/ro\/wp-json\/wp\/v2\/media\/286296"}],"wp:attachment":[{"href":"https:\/\/www.europesays.com\/ro\/wp-json\/wp\/v2\/media?parent=286295"}],"wp:term":[{"taxonomy":"category","embeddable":true,"href":"https:\/\/www.europesays.com\/ro\/wp-json\/wp\/v2\/categories?post=286295"},{"taxonomy":"post_tag","embeddable":true,"href":"https:\/\/www.europesays.com\/ro\/wp-json\/wp\/v2\/tags?post=286295"}],"curies":[{"name":"wp","href":"https:\/\/api.w.org\/{rel}","templated":true}]}}