{"id":286301,"date":"2026-09-03T09:55:22","date_gmt":"2026-09-03T09:55:22","guid":{"rendered":"https:\/\/www.europesays.com\/ro\/286301\/"},"modified":"2026-09-03T09:55:22","modified_gmt":"2026-09-03T09:55:22","slug":"zeci-de-mii-de-euro-gasiti-de-politie-ingropati-in-curtea-unui-camatar","status":"publish","type":"post","link":"https:\/\/www.europesays.com\/ro\/286301\/","title":{"rendered":"Zeci de mii de euro, g\u0103si\u021bi de poli\u021bie \u00eengropa\u021bi \u00een curtea unui c\u0103m\u0103tar"},"content":{"rendered":"<p>Miercuri, 02 Septembrie 2026, ora 19:06<\/p>\n<p>40785 citiri<\/p>\n<p><a class=\"news__image\" data-href=\"https:\/\/s1.ziareromania.ro\/?mmid=0d80056b2a6886a75b\" data-size=\"887x616\" title=\"Zeci de mii de euro, g\u0103si\u021bi de poli\u021bie \u00eengropa\u021bi \u00een curtea unui c\u0103m\u0103tar\"><img decoding=\"async\" src=\"https:\/\/www.europesays.com\/ro\/wp-content\/uploads\/2026\/09\/Zeci-de-mii-de-euro--g--si--i-de-poli--ie---ngropa--i---n-curtea-unui-c--m--tar.jpg\" alt=\"Zeci de mii de euro, g\u0103si\u021bi de poli\u021bie \u00eengropa\u021bi \u00een curtea unui c\u0103m\u0103tar\" title=\"Zeci de mii de euro, g\u0103si\u021bi de poli\u021bie \u00eengropa\u021bi \u00een curtea unui c\u0103m\u0103tar\" class=\"img-responsive\"\/><\/a><\/p>\n<p>Cercet\u0103rile sunt continuate, sub coordonarea procurorului de caz FOTO Poli\u021bia rom\u00e2n\u0103<\/p>\n<p>Aproape 200.000 de lei au fost g\u0103si\u021bi \u00eengropa\u021bi \u00een curtea uneia dintre cele dou\u0103 locuin\u021be din jude\u021bul D\u00e2mbovi\u021ba, perchezi\u021bionate de poli\u021bi\u0219ti \u00een cazul unor suspiciuni de cam\u0103t\u0103. Potrivit anchetatorilor, \u00een cursul zilei de miercuri, opt persoane vor fi duse la audieri la sediul Poli\u021biei, \u0219ase dintre acestea fiind p\u0103gubi\u021bi.<\/p>\n<p>Inspectoratul Jude\u021bean de poli\u021bie D\u00e2mbovi\u021ba informeaz\u0103 c\u0103 miercuri, 2 septembrie, poli\u021bi\u0219ti din cadrul institu\u021biei, sub coordonarea unui <a href=\"https:\/\/ziare.com\/stiri\/procuror\/\" title=\"procuror\" rel=\"nofollow noopener\" target=\"_blank\">procuror<\/a> de la Parchetul de pe l\u00e2ng\u0103 Judec\u0103toria R\u0103cari, au pus \u00een aplicare dou\u0103 mandate de perchezi\u021bie domiciliar\u0103, \u00een localit\u0103\u021bile Odobe\u0219ti \u0219i Brani\u0219tea, la locuin\u021bele a dou\u0103 persoane, b\u0103nuite de s\u0103v\u00e2r\u0219irea infrac\u021biunii de cam\u0103t\u0103.<\/p>\n<p>&#8222;\u00cen urma descinderilor, au fost descoperi\u021bi 191.500 de lei, \u00eengropa\u021bi \u00een curtea locuin\u021bei uneia dintre persoanele vizate&#8221;, precizeaz\u0103 sursa citat\u0103.<\/p>\n<p>Potrivit poli\u021bi\u0219tilor, \u00een cursul zilei de miercuri, vor fi duse la sediul Poli\u021biei, pentru audieri, opt persoane, dintre care \u0219ase sunt persoane v\u0103t\u0103mate.<\/p>\n<p>Cercet\u0103rile sunt continuate, sub coordonarea procurorului de caz.<\/p>\n<p>Activit\u0103\u021bile au beneficiat de sprijinul jandarmilor din cadrul Inspectoratului de Jandarmi Jude\u021bean D\u00e2mbovi\u021ba.<\/p>\n<p>\u021ai-a pl\u0103cut articolul?<\/p>\n<p> Vrem s\u0103 producem mai multe, \u00eens\u0103 avem nevoie de sus\u021binerea ta. Orice dona\u021bie conteaz\u0103 pentru jurnalismul independent <\/p>\n","protected":false},"excerpt":{"rendered":"Miercuri, 02 Septembrie 2026, ora 19:06 40785 citiri Cercet\u0103rile sunt continuate, sub coordonarea procurorului de caz FOTO Poli\u021bia&hellip;\n","protected":false},"author":2,"featured_media":286302,"comment_status":"","ping_status":"","sticky":false,"template":"","format":"standard","meta":{"footnotes":"","_share_on_mastodon":"0"},"categories":[5],"tags":[1312,32,33,31,2989,36,37,27,34,35,25,1360,1879,41,40,38,39,26,28,29,30],"class_list":["post-286301","post","type-post","status-publish","format-standard","has-post-thumbnail","category-titluri","tag-bani","tag-breaking-news","tag-breakingnews","tag-cele-mai-populare-subiecte","tag-dambovita","tag-featured-news","tag-featurednews","tag-headlines","tag-latest-news","tag-latestnews","tag-news","tag-perchezitii","tag-politie","tag-ro","tag-romana","tag-romania","tag-romanian","tag-stiri","tag-titluri","tag-top-stories","tag-topstories"],"share_on_mastodon":{"url":"https:\/\/pubeurope.com\/@ro\/117206510692463572","error":""},"_links":{"self":[{"href":"https:\/\/www.europesays.com\/ro\/wp-json\/wp\/v2\/posts\/286301","targetHints":{"allow":["GET"]}}],"collection":[{"href":"https:\/\/www.europesays.com\/ro\/wp-json\/wp\/v2\/posts"}],"about":[{"href":"https:\/\/www.europesays.com\/ro\/wp-json\/wp\/v2\/types\/post"}],"author":[{"embeddable":true,"href":"https:\/\/www.europesays.com\/ro\/wp-json\/wp\/v2\/users\/2"}],"replies":[{"embeddable":true,"href":"https:\/\/www.europesays.com\/ro\/wp-json\/wp\/v2\/comments?post=286301"}],"version-history":[{"count":0,"href":"https:\/\/www.europesays.com\/ro\/wp-json\/wp\/v2\/posts\/286301\/revisions"}],"wp:featuredmedia":[{"embeddable":true,"href":"https:\/\/www.europesays.com\/ro\/wp-json\/wp\/v2\/media\/286302"}],"wp:attachment":[{"href":"https:\/\/www.europesays.com\/ro\/wp-json\/wp\/v2\/media?parent=286301"}],"wp:term":[{"taxonomy":"category","embeddable":true,"href":"https:\/\/www.europesays.com\/ro\/wp-json\/wp\/v2\/categories?post=286301"},{"taxonomy":"post_tag","embeddable":true,"href":"https:\/\/www.europesays.com\/ro\/wp-json\/wp\/v2\/tags?post=286301"}],"curies":[{"name":"wp","href":"https:\/\/api.w.org\/{rel}","templated":true}]}}