{"id":286321,"date":"2026-09-03T10:14:16","date_gmt":"2026-09-03T10:14:16","guid":{"rendered":"https:\/\/www.europesays.com\/ro\/286321\/"},"modified":"2026-09-03T10:14:16","modified_gmt":"2026-09-03T10:14:16","slug":"rugina-depusa-pe-portavionul-uss-abraham-lincoln-dupa-286-de-zile-pe-mare-ii-socheaza-pe-americani-le-va-lua-30-de-zile-s-o-curete","status":"publish","type":"post","link":"https:\/\/www.europesays.com\/ro\/286321\/","title":{"rendered":"Rugina depus\u0103 pe portavionul USS Abraham Lincoln, dup\u0103 286 de zile pe mare, \u00eei \u0219ocheaz\u0103 pe americani. \u201eLe va lua 30 de zile s-o cure\u021be\u201d"},"content":{"rendered":"<p>\u00cen momentul \u00een care portavionul american USS Abraham Lincoln a ajuns miercuri \u00een portul Laem Chabang, l\u00e2n\u0103 Pattaya, \u00een Thailanda, lumea adunat\u0103 pe mal a fost <a href=\"https:\/\/www.antena3.ro\/externe\/ruginit-nuclear-si-cu-avioanele-pe-punte-portavionul-uss-abraham-lincoln-a-ajuns-in-thailanda-echipajul-se-recreeaza-la-pattaya-801711.html\" target=\"_blank\" rel=\"noopener nofollow\">\u0219ocat\u0103 de starea \u00een care se afla nava<\/a>: aproape \u00eentreaga suprafa\u021b\u0103 exterioar\u0103 a portavionului, de la prov\u0103 p\u00e2n\u0103\u00a0la pupa, era acoperit\u0103 de rugin\u0103. Exper\u021bii <a href=\"https:\/\/edition.cnn.com\/2026\/09\/03\/asia\/aircraft-carrier-abraham-lincoln-rust-intl-hnk-ml?fbclid=IwY2xjawUF_HdwZG9mAWV4dG4DYWVtAjEwAGJyaWQRMGlrNGFsUjczcERLOHJIRUJzcnRjBmFwcF9pZBAyMjIwMzkxNzg4MjAwODkyAAEeDeTvBn-TLTsmxe5uxc1dcAAHxyCSIff1s--UhY-IfHyj0zlahwkYUd3dFjE_aem_nx5GuNXW_gGnEEcjgpn4Jw\" target=\"_blank\" rel=\"noopener nofollow\">consulta\u021bi de CNN<\/a> au spus c\u0103 a\u0219a ceva era de a\u0219teptat, dup\u0103 ce nava s-a aflat 286 de zile ne\u00eentrerupte pe mare.<\/p>\n<p><img decoding=\"async\" src=\"https:\/\/www.europesays.com\/ro\/wp-content\/uploads\/2026\/09\/rugina-depusa-pe-portavionul-uss-abraham-lincoln-dupa-286-de-zile-pe-mare-ii-socheaza-pe-americani-l.jpeg\" alt=\"Before\"\/><img decoding=\"async\" src=\"https:\/\/www.europesays.com\/ro\/wp-content\/uploads\/2026\/09\/1788430455_241_rugina-depusa-pe-portavionul-uss-abraham-lincoln-dupa-286-de-zile-pe-mare-ii-socheaza-pe-americani-l.jpeg\" alt=\"After\"\/><\/p>\n<p>Imagine comparativ\u0103 a provei portavionului USS Abraham Lincoln din 2005 (st\u00e2nga), fa\u021b\u0103 de 2026 (dreapta). Foto: Profimedia Images<\/p>\n<p>Portavionul, cu 5.000 de marinari la bord, a p\u0103r\u0103sit portul San Diego \u00een luna noiembrie 2025. USS Abraham Lincoln a fost implicat timp de luni de zile \u00een conflictul din Iran \u0219i a participat inclusiv la blocada naval\u0103 american\u0103 impus\u0103 de administra\u021bia Trump \u00een zona Str\u00e2mtorii Ormuz.<\/p>\n<p><img decoding=\"async\" src=\"https:\/\/www.europesays.com\/ro\/wp-content\/uploads\/2026\/09\/1788430455_532_rugina-depusa-pe-portavionul-uss-abraham-lincoln-dupa-286-de-zile-pe-mare-ii-socheaza-pe-americani-l.jpeg\"\/><\/p>\n<p>Imagine a portavionului USS Abraham Lincoln f\u0103cut\u0103 \u00een martie 2026. Foto: Profimedia Images<\/p>\n<p>\u201eApari\u021bia ruginei pe p\u0103r\u021bile aflate \u00een permanent contact cu apa la o nav\u0103 care a petrecut mai mult de 60 de zile pe mare nu e ceva neobi\u0219nuit\u201d, a spus Carl Schuster, un fost c\u0103pitan de portavion, care a comandat o nav\u0103 din clasa Nimitz, aceea\u0219i \u00een care se afl\u0103 USS Abraham Lincoln.<\/p>\n<p><img decoding=\"async\" src=\"https:\/\/www.europesays.com\/ro\/wp-content\/uploads\/2026\/09\/1788430456_532_rugina-depusa-pe-portavionul-uss-abraham-lincoln-dupa-286-de-zile-pe-mare-ii-socheaza-pe-americani-l.jpeg\"\/><\/p>\n<p>Portavionul USS Abraham Lincoln, cu 5.000 de oameni la bord, a ajuns la Pattaya, \u00een Thailanda, o cunoscut\u0103 destina\u021bie a turismului sexual. Foto: Getty Images<\/p>\n<p>\u00cen schimb, \u00eenl\u0103turarea ruginei nu este o sarcin\u0103 posibil\u0103 pe mare, mai ales c\u00e2nd vorbim de o nav\u0103 implicat\u0103 \u00een opera\u021biuni de lupt\u0103, a ad\u0103ugat Schuster.<\/p>\n<p>\u201eDin ce v\u0103d din imaginile publicate, e vorba de o munc\u0103 de 30 de zile, necesar\u0103 pentru a \u00eenl\u0103tura toat\u0103 rugina\u201d, a spus fostul c\u0103pitan de portavion american.<\/p>\n<p>O astfel de activitate nu va puta fi desf\u0103\u0219urat\u0103 \u00een timpul scurtei vizite \u201ede recreere\u201d din Thailanda, unde marinarii vor sta 7 zile.<\/p>\n<p>\u201eRugina e ca o boal\u0103 contagioas\u0103. Prin urmare, ori te ocupi de ea la \u00eenceput, ori vei avea o problem\u0103 mult mai mare, mai t\u00e2rziu\u201d, a precizat Schuster. \u201eRugina sl\u0103be\u0219te structura de o\u021bel. Prin urmare, trebuie s\u0103 o \u00eenl\u0103turi \u00eenainte de a afecta majora componente precum puntea navei, zonele de tranzit sau rutele de evacuare\u201d, a spus fostul comandant de portavion.<\/p>\n","protected":false},"excerpt":{"rendered":"\u00cen momentul \u00een care portavionul american USS Abraham Lincoln a ajuns miercuri \u00een portul Laem Chabang, l\u00e2n\u0103 Pattaya,&hellip;\n","protected":false},"author":2,"featured_media":286322,"comment_status":"","ping_status":"","sticky":false,"template":"","format":"standard","meta":{"footnotes":"","_share_on_mastodon":"0"},"categories":[12],"tags":[32,33,31,36,37,27,74,34,35,25,41,40,38,39,26,28,29,30,71,72,73],"class_list":["post-286321","post","type-post","status-publish","format-standard","has-post-thumbnail","category-international","tag-breaking-news","tag-breakingnews","tag-cele-mai-populare-subiecte","tag-featured-news","tag-featurednews","tag-headlines","tag-international","tag-latest-news","tag-latestnews","tag-news","tag-ro","tag-romana","tag-romania","tag-romanian","tag-stiri","tag-titluri","tag-top-stories","tag-topstories","tag-world","tag-world-news","tag-worldnews"],"share_on_mastodon":{"url":"https:\/\/pubeurope.com\/@ro\/117206585777152390","error":""},"_links":{"self":[{"href":"https:\/\/www.europesays.com\/ro\/wp-json\/wp\/v2\/posts\/286321","targetHints":{"allow":["GET"]}}],"collection":[{"href":"https:\/\/www.europesays.com\/ro\/wp-json\/wp\/v2\/posts"}],"about":[{"href":"https:\/\/www.europesays.com\/ro\/wp-json\/wp\/v2\/types\/post"}],"author":[{"embeddable":true,"href":"https:\/\/www.europesays.com\/ro\/wp-json\/wp\/v2\/users\/2"}],"replies":[{"embeddable":true,"href":"https:\/\/www.europesays.com\/ro\/wp-json\/wp\/v2\/comments?post=286321"}],"version-history":[{"count":0,"href":"https:\/\/www.europesays.com\/ro\/wp-json\/wp\/v2\/posts\/286321\/revisions"}],"wp:featuredmedia":[{"embeddable":true,"href":"https:\/\/www.europesays.com\/ro\/wp-json\/wp\/v2\/media\/286322"}],"wp:attachment":[{"href":"https:\/\/www.europesays.com\/ro\/wp-json\/wp\/v2\/media?parent=286321"}],"wp:term":[{"taxonomy":"category","embeddable":true,"href":"https:\/\/www.europesays.com\/ro\/wp-json\/wp\/v2\/categories?post=286321"},{"taxonomy":"post_tag","embeddable":true,"href":"https:\/\/www.europesays.com\/ro\/wp-json\/wp\/v2\/tags?post=286321"}],"curies":[{"name":"wp","href":"https:\/\/api.w.org\/{rel}","templated":true}]}}