{"id":286327,"date":"2026-09-03T10:17:14","date_gmt":"2026-09-03T10:17:14","guid":{"rendered":"https:\/\/www.europesays.com\/ro\/286327\/"},"modified":"2026-09-03T10:17:14","modified_gmt":"2026-09-03T10:17:14","slug":"baga-bani-la-liesti-dar-tine-cu-dinamo-cine-e-deputatul-care-sustine-financiar-echipa-din-galati-si-este-nelipsit-de-la-meciurile-cainilor","status":"publish","type":"post","link":"https:\/\/www.europesays.com\/ro\/286327\/","title":{"rendered":"Bag\u0103 bani la Lie\u0219ti, dar \u021bine cu Dinamo \/ Cine e deputatul care sus\u021bine financiar echipa din Gala\u021bi \u0219i este nelipsit de la meciurile \u201ec\u00e2inilor\u201d"},"content":{"rendered":"<ul class=\"bullets\">&#13;<\/p>\n<li>Meciul Sporting Lie\u0219ti &#8211; Dinamo (1-4) din Cupa Rom\u00e2niei, la Gala\u021bi, a fost un eveniment special pentru finan\u021batorul echipei din Liga 3.<\/li>\n<p>&#13;<br \/>\n&#13;<\/p>\n<li>George Scarlat, deputat PNL de Gala\u021bi \u0219i vicepre\u0219edinte al Comisiei pentru politic\u0103 economic\u0103 din Camera Deputa\u021bilor, este un mare fan al forma\u021biei din \u0218tefan cel Mare. <\/li>\n<p>&#13;\n<\/ul>\n<p><a id=\"google-source-button\" class=\"google-favorite\" target=\"_blank\" href=\"https:\/\/www.google.com\/preferences\/source?q=golazo.ro\" rel=\"nofollow noopener\"><\/p>\n<p>        <img loading=\"lazy\" decoding=\"async\" src=\"https:\/\/golazo.ro\/images\/google-logo.svg\" alt=\"\" width=\"24\" height=\"24\"\/><br \/>\n        <img loading=\"lazy\" decoding=\"async\" src=\"https:\/\/golazo.ro\/images\/check-icon-2.svg\" alt=\"\" width=\"24\" height=\"24\"\/><\/p>\n<p>    Adaug\u0103 GOLAZO.ro la favorite<\/p>\n<p><\/a><\/p>\n<p class=\"\">Pe pieptul tricourilor forma\u021biei din Lie\u0219ti apare numele \u0218erb\u0103ne\u0219ti Livada, companie controlat\u0103 de George Scarlat, omul care sus\u021bine financiar echipa din Liga 3.<\/p>\n<p>Finan\u021batorul lui Sporting Lie\u0219ti, mare fan Dinamo<\/p>\n<p class=\"\">Finan\u021batorul lui Sporting este recunoscut ca un suporter \u00eenfocat al echipei Dinamo Bucure\u0219ti.<\/p>\n<p class=\"\">Deputatul PNL din Gala\u021bi este activ \u0219i \u00een comunit\u0103\u021bile dinamoviste de pe Facebook. <\/p>\n<p class=\"\">Merge la meciurile lui Dinamo, posteaz\u0103 fotografii din tribune \u0219i interac\u021bioneaz\u0103 cu suporterii \u201ec\u00e2inilor\u201d.<\/p>\n<p>Cine este George Scarlat, finan\u021batorul echipei Sporting Lie\u0219ti<\/p>\n<p class=\"\">George Scarlat are 47 de ani \u0219i este deputat PNL de Gala\u021bi. \u00cen actuala legislatur\u0103 este vicepre\u0219edinte al Comisiei pentru politic\u0103 economic\u0103, reform\u0103 \u0219i privatizare din Camera Deputa\u021bilor. <\/p>\n<p class=\"\">A mai fost parlamentar \u00een perioada 2012-2016, iar \u00eentre 2020 \u0219i 2024 a fost senator. \u00cen 2019-2020 a ocupat func\u021bia de secretar de stat \u00een Ministerul Agriculturii.<\/p>\n<p class=\"\">Scarlat vine \u00eens\u0103 din mediul de afaceri. \u0218i-a construit averea \u00een agricultur\u0103 \u0219i zootehnie, fiind implicat \u00een Fermsuin, firm\u0103 specializat\u0103 \u00een cre\u0219terea porcilor, \u0219i \u00een \u0218erb\u0103ne\u0219ti Livada, compania care apare ast\u0103zi pe tricourile lui Sporting Lie\u0219ti.<\/p>\n<p class=\"\"><a target=\"_blank\" href=\"https:\/\/www.zf.ro\/companii\/retail-agrobusiness\/in-ce-afaceri-este-implicat-trio-ul-care-va-conduce-comisia-pentru-19831621\" rel=\"nofollow noopener\">Ziarul Financiar<\/a> scria \u00een 2020 c\u0103 Scarlat a \u00eenfiin\u021bat Fermsuin \u00een 2005, iar \u0218erb\u0103ne\u0219ti Livada, afacere \u00eenceput\u0103 \u00een 1995, a preluat-o de la p\u0103rin\u021bii s\u0103i.<\/p>\n<p class=\"\">Leg\u0103tura lui George Scarlat cu fotbalul nu este una ap\u0103rut\u0103 recent. Acesta a fost pre\u0219edintele lui Sporting Lie\u0219ti \u00een perioada \u00een care clubul a f\u0103cut pasul c\u0103tre Liga 3, \u00een 2013.<\/p>\n<p>    <img decoding=\"async\" src=\"https:\/\/www.europesays.com\/ro\/wp-content\/uploads\/2026\/09\/cupa-romaniei-tragere-la-sorti-grupe-1.jpeg\" alt=\"\" data-blur=\"https:\/\/www.europesays.com\/ro\/wp-content\/uploads\/2026\/09\/cupa-romaniei-tragere-la-sorti-grupe-1.jpeg\" width=\"684\" height=\"456\" class=\"blur\" loading=\"lazy\"\/><\/p>\n<p>            <img decoding=\"async\" src=\"https:\/\/www.europesays.com\/ro\/wp-content\/uploads\/2026\/09\/1788430633_587_cupa-romaniei-tragere-la-sorti-grupe-1.jpeg\" loading=\"lazy\" alt=\"\" width=\"684\" height=\"456\"\/><\/p>\n<p>        Galerie foto (13 imagini)<\/p>\n<p>                    <a href=\"https:\/\/golazo.ro\/cupa-romaniei-tragerea-la-sorti-a-grupelor-foto-iosif-popescu-golazoro-183912-g1?articleSource=185125\" class=\"gallery-link\" aria-label=\"Show gallery\" rel=\"nofollow noopener\" target=\"_blank\"><\/p>\n<p>                +13 Foto<br \/>\n            <\/a><\/p>\n<p>    <a href=\"https:\/\/golazo.ro\/cupa-romaniei-tragerea-la-sorti-a-grupelor-foto-iosif-popescu-golazoro-183912-g1?articleSource=185125\" class=\"link\" rel=\"nofollow noopener\" target=\"_blank\">labels.photo-gallery<\/a><\/p>\n<p>Scarlat nu este singurul dinamovist de la Lie\u0219ti<\/p>\n<p class=\"\">George Scarlat nu este singurul om din conducerea lui Sporting Lie\u0219ti care simpatizeaz\u0103 cu Dinamo. <\/p>\n<p class=\"\">Directorul sportiv Dorinel Matei \u0219i-a exprimat public ata\u0219amentul fa\u021b\u0103 de forma\u021bia din \u0218tefan cel Mare \u0219i spune c\u0103 este \u201edinamovist convins\u201d.<\/p>\n<p class=\"\">\u201eSunt cunoscut ca \u0219i dinamovist convins, finan\u021batorul nostru George Scarlat mai ceva. Va fi frumos. <\/p>\n<p class=\"\">De c\u00e2nd m-am apucat de fotbal am sperat c\u0103 \u00eei pot aduce odat\u0103 pe Dinamo la Lie\u0219ti \u0219i dup\u0103 m\u0103 pot l\u0103sa. Visul s-a \u00eendeplinit\u201d, a declarat Dorinel Matei, citat de <a target=\"_blank\" href=\"https:\/\/sportgalati.com\/2026\/08\/sporting-liesti-si%E2%80%91a-aflat-adversarele-din-grupele-cupei-romaniei-dorinel-matei-sa-ajungi-sa-joci-cu-dinamo-este-fantastic.html\" rel=\"nofollow noopener\">Sport Gala\u021bi<\/a>, dup\u0103 <a target=\"_blank\" href=\"https:\/\/golazo.ro\/cupa-romaniei-live-program-tragere-la-sorti-rapid-dinamo-fcsb-u-craiova-cfr-cluj-183870\" rel=\"nofollow noopener\">tragerea la sor\u021bi a grupelor Cupei Rom\u00e2niei.<\/a><\/p>\n<p>Cu cine mai joac\u0103 Lie\u0219ti \u00een grupa din Cupa Rom\u00e2niei<\/p>\n<p class=\"\">\u00cen afar\u0103 de Dinamo, Lie\u0219ti mai \u00eent\u00e2lne\u0219te FC Bac\u0103u (28 octombrie) \u0219i Chindia (3 decembrie) \u00een grupa D din Cupa Rom\u00e2niei.<\/p>\n<p class=\"\">Din grup\u0103 mai fac parte Universitatea Craiova \u0219i FC Voluntari. \u00cen primul meci din grup\u0103: Chindia &#8211; FC Voluntari 0-1.<\/p>\n<p class=\"\">Programul meciurilor: <\/p>\n<ul class=\"\">&#13;<\/p>\n<li>Etapa 1: FC Bac\u0103u &#8211; Universitatea Craiova, Sporting Lie\u0219ti &#8211; Dinamo, Chindia &#8211; FC Voluntari; <\/li>\n<p>&#13;<br \/>\n&#13;<\/p>\n<li>Etapa 2: FC Voluntari &#8211; Universitatea Craiova, Dinamo &#8211; Chindia, Sporting Lie\u0219ti &#8211; FC Bac\u0103u; <\/li>\n<p>&#13;<br \/>\n&#13;<\/p>\n<li>Etapa 3: Universitatea Craiova &#8211; Dinamo, FC Bac\u0103u &#8211; FC Voluntari, Sporting Lie\u0219ti &#8211; Chindia.<\/li>\n<p>&#13;\n<\/ul>\n<p class=\"\">Primele dou\u0103 clasate se vor califica \u00een sferturile de final\u0103, programate pe 3 martie 2027, semifinale se vor juca pe 21 aprilie 2027, iar finala va avea loc pe 12 mai 2027.<\/p>\n<p>    <img decoding=\"async\" src=\"https:\/\/www.europesays.com\/ro\/wp-content\/uploads\/2026\/09\/liesti-dinamo.jpg\" alt=\"Finan\u021batorul echipei Sporting Lie\u0219ti, George Scarlat, a f\u0103cut oficiile de gazd\u0103 \u0219i i-a str\u00e2ns m\u00e2na c\u0103pitanului lui Dinamo, C\u0103t\u0103lin C\u00e2rjan (foto: Sport Pictures)\" data-blur=\"https:\/\/www.europesays.com\/ro\/wp-content\/uploads\/2026\/09\/liesti-dinamo.jpg\" width=\"684\" height=\"456\" class=\"blur\" loading=\"lazy\"\/><\/p>\n<p>            <img decoding=\"async\" src=\"https:\/\/www.europesays.com\/ro\/wp-content\/uploads\/2026\/09\/1788430634_432_liesti-dinamo.jpg\" loading=\"lazy\" alt=\"Finan\u021batorul echipei Sporting Lie\u0219ti, George Scarlat, a f\u0103cut oficiile de gazd\u0103 \u0219i i-a str\u00e2ns m\u00e2na c\u0103pitanului lui Dinamo, C\u0103t\u0103lin C\u00e2rjan (foto: Sport Pictures)\" width=\"684\" height=\"456\"\/><\/p>\n<p>        Galerie foto (9 imagini)<\/p>\n<p>                    <a href=\"https:\/\/golazo.ro\/liesti-dinamo-cupa-romaniei-185177-g1?articleSource=185125\" class=\"gallery-link\" aria-label=\"Show gallery\" rel=\"nofollow noopener\" target=\"_blank\"><\/p>\n<p>                +9 Foto<br \/>\n            <\/a><\/p>\n<p>    <a href=\"https:\/\/golazo.ro\/liesti-dinamo-cupa-romaniei-185177-g1\/finantatorul-echipei-sporting-liesti-george-scarlat-a-facut-oficiile-de-gazda-si-i-a-strans-mana-capitanului-lui-dinamo-catalin-carjan-foto-sport-pictures-487104?articleSource=185125\" class=\"link\" rel=\"nofollow noopener\" target=\"_blank\">labels.photo-gallery<\/a><\/p>\n<p>Cite\u0219te \u0219i<\/p>\n<p>VIDEO: cele mai noi imagini din sport<\/p>\n","protected":false},"excerpt":{"rendered":"&#13; Meciul Sporting Lie\u0219ti &#8211; Dinamo (1-4) din Cupa Rom\u00e2niei, la Gala\u021bi, a fost un eveniment special pentru&hellip;\n","protected":false},"author":2,"featured_media":286328,"comment_status":"","ping_status":"","sticky":false,"template":"","format":"standard","meta":{"footnotes":"","_share_on_mastodon":"0"},"categories":[20],"tags":[7385,49,21366,78811,41,40,38,39,185,13453,184],"class_list":["post-286327","post","type-post","status-publish","format-standard","has-post-thumbnail","category-sport","tag-deputat","tag-dinamo","tag-finantator","tag-george-scarlat","tag-ro","tag-romana","tag-romania","tag-romanian","tag-sport","tag-sporting-liesti","tag-sports"],"share_on_mastodon":{"url":"https:\/\/pubeurope.com\/@ro\/117206597854163879","error":""},"_links":{"self":[{"href":"https:\/\/www.europesays.com\/ro\/wp-json\/wp\/v2\/posts\/286327","targetHints":{"allow":["GET"]}}],"collection":[{"href":"https:\/\/www.europesays.com\/ro\/wp-json\/wp\/v2\/posts"}],"about":[{"href":"https:\/\/www.europesays.com\/ro\/wp-json\/wp\/v2\/types\/post"}],"author":[{"embeddable":true,"href":"https:\/\/www.europesays.com\/ro\/wp-json\/wp\/v2\/users\/2"}],"replies":[{"embeddable":true,"href":"https:\/\/www.europesays.com\/ro\/wp-json\/wp\/v2\/comments?post=286327"}],"version-history":[{"count":0,"href":"https:\/\/www.europesays.com\/ro\/wp-json\/wp\/v2\/posts\/286327\/revisions"}],"wp:featuredmedia":[{"embeddable":true,"href":"https:\/\/www.europesays.com\/ro\/wp-json\/wp\/v2\/media\/286328"}],"wp:attachment":[{"href":"https:\/\/www.europesays.com\/ro\/wp-json\/wp\/v2\/media?parent=286327"}],"wp:term":[{"taxonomy":"category","embeddable":true,"href":"https:\/\/www.europesays.com\/ro\/wp-json\/wp\/v2\/categories?post=286327"},{"taxonomy":"post_tag","embeddable":true,"href":"https:\/\/www.europesays.com\/ro\/wp-json\/wp\/v2\/tags?post=286327"}],"curies":[{"name":"wp","href":"https:\/\/api.w.org\/{rel}","templated":true}]}}