{"id":286347,"date":"2026-09-03T10:33:17","date_gmt":"2026-09-03T10:33:17","guid":{"rendered":"https:\/\/www.europesays.com\/ro\/286347\/"},"modified":"2026-09-03T10:33:17","modified_gmt":"2026-09-03T10:33:17","slug":"samsung-ia-57-de-distinctii-de-design-la-idea-si-red-dot-design-award-2026-dar-doua-ies-in-fata-accesibilitatea-si-privacy-display","status":"publish","type":"post","link":"https:\/\/www.europesays.com\/ro\/286347\/","title":{"rendered":"Samsung ia 57 de distinc\u021bii de design la IDEA \u0219i Red Dot Design Award 2026, dar dou\u0103 ies \u00een fa\u021b\u0103: accesibilitatea \u0219i Privacy Display"},"content":{"rendered":"<p>Samsung a str\u00e2ns 57 de distinc\u021bii la IDEA \u0219i Red Dot Design Award 2026, dar dincolo de num\u0103rul mare de trofee sunt dou\u0103 proiecte care spun mai bine \u00eencotro merge designul companiei: accesibilitatea electrocasnicelor \u0219i Privacy Display de pe Galaxy S26 Ultra. Samsung a detaliat rezultatele \u00eentr-un <a href=\"https:\/\/news.samsung.com\/global\/samsungs-human-centered-design-wins-idea-and-red-dot-design-award-2026\" rel=\"nofollow noopener noreferrer\" target=\"_blank\">comunicat oficial<\/a>, cu 45 de recunoa\u0219teri la IDEA \u0219i alte 12 la Red Dot.<\/p>\n<p>Privit\u0103 ca simpl\u0103 contabilitate de premii, \u0219tirea ar suna a raport anual: un Impact Award, nou\u0103 Bronze Awards, 35 de proiecte finaliste la IDEA, plus 12 premii Red Dot. Mai util este s\u0103 vedem ce anume a fost premiat, pentru c\u0103 lista trece de la electrocasnice \u0219i telefoane p\u00e2n\u0103 la SSD-uri, ambalaje, televizoare \u0219i instrumente de proiectare cu AI.<\/p>\n<blockquote>\n<p>45 distinc\u021bii IDEA 2026<br \/>12 premii Red Dot 2026<br \/>1 Best of the Best pentru Privacy Display<\/p>\n<\/blockquote>\n<p>Accesibilitatea electrocasnicelor ia primul Impact Award<\/p>\n<p>Cea mai interesant\u0103 distinc\u021bie IDEA nu merge c\u0103tre un telefon sau televizor, ci c\u0103tre Accessibility Design for Home Appliances, proiect care a primit primul Impact Award acordat de organiza\u021bie. Premiul este nou \u00een 2026 \u0219i vizeaz\u0103 proiecte cu impact social \u0219i de sustenabilitate.<\/p>\n<p style=\"text-align: center;\"><a href=\"https:\/\/www.mobilissimo.ro\/imgs\/uploaded\/images\/9\/IDEA_Accessibility Design for Home Appliances.jpg\" rel=\"nofollow noopener\" target=\"_blank\"><img decoding=\"async\" alt=\"Accessibility Design for Home Appliances\" src=\"https:\/\/www.europesays.com\/ro\/wp-content\/uploads\/2026\/09\/IDEA_Accessibility Design for Home Appliances.jpg\" style=\"height:333px; width:592px\"\/><\/a><\/p>\n<p>Aici sunt \u0219i c\u00e2teva func\u021bii u\u0219or de tradus \u00een utilizare real\u0103. Easy Mode simplific\u0103 interfa\u021ba \u0219i m\u0103re\u0219te textul, iar ghidarea vocal\u0103 ajut\u0103 utilizatorii cu deficien\u021be de vedere. Auto Open Door permite deschiderea unor u\u0219i prin atingere u\u0219oar\u0103 sau comand\u0103 vocal\u0103, ceea ce poate conta pentru persoanele cu mobilitate sau for\u021b\u0103 fizic\u0103 reduse.<\/p>\n<p>Mai interesant\u0103 este ideea de a muta profilul de accesibilitate \u00eentre dispozitive. Samsung spune c\u0103 set\u0103rile f\u0103cute pe telefon pot fi transferate c\u0103tre electrocasnicele conectate, iar Voice ID poate recunoa\u0219te utilizatorul \u0219i aplica automat preferin\u021bele sale. Asta mut\u0103 accesibilitatea din zona unor op\u021biuni ascunse prin meniuri c\u0103tre un profil care te poate urma prin ecosistem. Ambi\u021bios pe h\u00e2rtie; valoarea real\u0103 depinde, evident, de c\u00e2t de uniform func\u021bioneaz\u0103 \u00eentre aparate.<\/p>\n<p>Privacy Display prime\u0219te Best of the Best<\/p>\n<p>La Red Dot, premiul principal din aceast\u0103 rund\u0103 merge c\u0103tre Privacy Display de pe Galaxy S26 Ultra, tehnologie deja testat\u0103 \u0219i explicat\u0103 pe Mobilissimo. Ea permite reducerea vizibilit\u0103\u021bii ecranului din lateral \u0219i poate fi activat\u0103 doar \u00een anumite situa\u021bii: la introducerea PIN-ului sau parolelor, pentru anumite aplica\u021bii ori pentru notific\u0103ri.<\/p>\n<p style=\"text-align: center;\"><a href=\"https:\/\/www.mobilissimo.ro\/imgs\/uploaded\/images\/9\/RedDot_Privacy Display.jpg\" rel=\"nofollow noopener\" target=\"_blank\"><img decoding=\"async\" alt=\"Privacy Display de pe Galaxy S26 Ultra\" src=\"https:\/\/www.europesays.com\/ro\/wp-content\/uploads\/2026\/09\/RedDot_Privacy Display.jpg\" style=\"height:320px; width:592px\"\/><\/a><\/p>\n<p>Aici premiul are o justificare mai u\u0219or de \u00een\u021beles dec\u00e2t o formulare generic\u0103 despre \u201edesign centrat pe om\u201d. <a href=\"https:\/\/www.mobilissimo.ro\/stiri-despre\/Privacy+Display\" rel=\"nofollow noopener\" target=\"_blank\">Privacy Display<\/a> \u00eencearc\u0103 s\u0103 rezolve o problem\u0103 foarte banal\u0103: cineva care \u00ee\u021bi vede ecranul \u00een metrou, \u00een avion sau la cafenea. Mobilissimo a testat deja func\u021bia pe <a href=\"https:\/\/www.mobilissimo.ro\/recenzii-telefoane\/samsung-galaxy-s26-ultra-review-detaliat-in-limba-romana-evaluare-mobilissimo\" rel=\"nofollow noopener\" target=\"_blank\">Galaxy S26 Ultra<\/a> \u0219i a observat \u0219i compromisul ei: activarea modului Privacy reduce puternic luminozitatea m\u0103surat\u0103 a ecranului.<\/p>\n<p>E un exemplu bun de design func\u021bional tocmai pentru c\u0103 nu e gratuit. Nu vorbim despre o anima\u021bie sau o schimbare cosmetic\u0103, ci despre o func\u021bie cu beneficiu concret \u0219i cu un cost vizibil \u00een anumite condi\u021bii. Interesant este \u0219i c\u0103 ideea \u00eencepe deja s\u0103 apar\u0103 \u00een ecosistemele rivale, cu indicii recente despre un Smart Privacy Display preg\u0103tit de Xiaomi.<\/p>\n<p>De la aluminiu reciclat la gemeni digitali<\/p>\n<p>Restul listei IDEA este mult mai eterogen \u0219i arat\u0103 c\u00e2t de larg este folosit ast\u0103zi termenul \u201edesign\u201d. Printre cele nou\u0103 proiecte Samsung premiate cu Bronze se afl\u0103:<\/p>\n<ul>\n<li>Portable SSD T7 Resurrected, cu o carcas\u0103 realizat\u0103 integral din aluminiu reciclat;<\/li>\n<li>Samsung Mobile Origami Package, un concept de ambalaj pentru smartphone realizat dintr-o singur\u0103 foaie de h\u00e2rtie reciclat\u0103;<\/li>\n<li>Infinite AI Air Purifier, unde accentul cade pe integrarea aparatului \u00een interior;<\/li>\n<li>Micro RGB Brand Identity, adic\u0103 identitatea vizual\u0103 construit\u0103 \u00een jurul tehnologiei Micro RGB;<\/li>\n<li>AI Design Companion, un instrument care folose\u0219te AI, gemeni digitali \u0219i simul\u0103ri virtuale pentru evaluarea ergonomiei \u0219i utiliz\u0103rii produselor.<\/li>\n<\/ul>\n<p>Ultimul este probabil cel mai neobi\u0219nuit din list\u0103. Samsung nu premiaz\u0103 aici un produs pe care \u00eel g\u0103se\u0219ti \u00een magazin, ci chiar o unealt\u0103 folosit\u0103 \u00een procesul de proiectare. AIDC genereaz\u0103 \u0219i ajusteaz\u0103 modele digitale pentru a simula, printre altele, felul \u00een care un produs se potrive\u0219te unor utilizatori diferi\u021bi. E mai pu\u021bin spectaculos dec\u00e2t un telefon nou, dar spune ceva despre direc\u021bia \u00een care AI-ul intr\u0103 \u00een industrie: nu doar \u00een produsul final, ci \u0219i \u00een modul \u00een care acesta este conceput.<\/p>\n<p class=\"photoGallery\"><a class=\"ui-action-gallery-overlay\" data-photo-gallery-id=\"15784\"><img class=\"articleGalleryPreviewImage\" src=\"https:\/\/www.europesays.com\/ro\/wp-content\/uploads\/2026\/09\/6a96cc8f5ee68.jpg\" alt=\"Samsung ia 57 de distinc\u021bii de design la IDEA \u0219i Red Dot Design Award 2026 (galerie)\" width=\"2000\" height=\"1125\" loading=\"lazy\" decoding=\"async\"\/>Samsung ia 57 de distinc\u021bii de design la IDEA \u0219i Red Dot Design Award 2026 (galerie)<\/a><\/p>\n<p>La Red Dot mai apar Vision AI Companion, Galaxy XR Package, sistemul Samsung b.IoT Digital Twin \u0219i identitatea Movingstyle. Este o list\u0103 \u00een care hardware-ul propriu-zis reprezint\u0103 doar o parte din poveste; restul \u021bine de interfe\u021be, ambalare, servicii \u0219i felul \u00een care acestea sunt prezentate sau folosite.<\/p>\n<p>Samsung comunic\u0103 toate aceste premii sub umbrela \u201ehuman-centered design\u201d. Formula este suficient de larg\u0103 \u00eenc\u00e2t s\u0103 poat\u0103 acoperi aproape orice proiect, dar exemplele cele mai conving\u0103toare sunt \u0219i cele mai concrete: un frigider mai u\u0219or de folosit de o persoan\u0103 cu mobilitate redus\u0103 \u0219i un telefon care \u00ee\u0219i poate ascunde informa\u021biile de privirile laterale. Restul trofeelor completeaz\u0103 imaginea, \u00eens\u0103 acestea dou\u0103 explic\u0103 mult mai bine ideea dec\u00e2t cele 57 de premii puse \u00eentr-un singur total.<\/p>\n","protected":false},"excerpt":{"rendered":"Samsung a str\u00e2ns 57 de distinc\u021bii la IDEA \u0219i Red Dot Design Award 2026, dar dincolo de num\u0103rul&hellip;\n","protected":false},"author":2,"featured_media":286348,"comment_status":"","ping_status":"","sticky":false,"template":"","format":"standard","meta":{"footnotes":"","_share_on_mastodon":"0"},"categories":[16],"tags":[78820,274,1368,15939,4994,78819,179,36275,65329,41,40,38,39,163,141,124],"class_list":["post-286347","post","type-post","status-publish","format-standard","has-post-thumbnail","category-tehnologie","tag-accesibilitate","tag-android","tag-design","tag-electrocasnice","tag-galaxy-s26-ultra","tag-idea-2026","tag-inteligenta-artificiala","tag-privacy-display","tag-red-dot-design-award","tag-ro","tag-romana","tag-romania","tag-romanian","tag-samsung","tag-technology","tag-tehnologie"],"share_on_mastodon":{"url":"https:\/\/pubeurope.com\/@ro\/117206660778672253","error":""},"_links":{"self":[{"href":"https:\/\/www.europesays.com\/ro\/wp-json\/wp\/v2\/posts\/286347","targetHints":{"allow":["GET"]}}],"collection":[{"href":"https:\/\/www.europesays.com\/ro\/wp-json\/wp\/v2\/posts"}],"about":[{"href":"https:\/\/www.europesays.com\/ro\/wp-json\/wp\/v2\/types\/post"}],"author":[{"embeddable":true,"href":"https:\/\/www.europesays.com\/ro\/wp-json\/wp\/v2\/users\/2"}],"replies":[{"embeddable":true,"href":"https:\/\/www.europesays.com\/ro\/wp-json\/wp\/v2\/comments?post=286347"}],"version-history":[{"count":0,"href":"https:\/\/www.europesays.com\/ro\/wp-json\/wp\/v2\/posts\/286347\/revisions"}],"wp:featuredmedia":[{"embeddable":true,"href":"https:\/\/www.europesays.com\/ro\/wp-json\/wp\/v2\/media\/286348"}],"wp:attachment":[{"href":"https:\/\/www.europesays.com\/ro\/wp-json\/wp\/v2\/media?parent=286347"}],"wp:term":[{"taxonomy":"category","embeddable":true,"href":"https:\/\/www.europesays.com\/ro\/wp-json\/wp\/v2\/categories?post=286347"},{"taxonomy":"post_tag","embeddable":true,"href":"https:\/\/www.europesays.com\/ro\/wp-json\/wp\/v2\/tags?post=286347"}],"curies":[{"name":"wp","href":"https:\/\/api.w.org\/{rel}","templated":true}]}}