{"id":286367,"date":"2026-09-03T10:47:16","date_gmt":"2026-09-03T10:47:16","guid":{"rendered":"https:\/\/www.europesays.com\/ro\/286367\/"},"modified":"2026-09-03T10:47:16","modified_gmt":"2026-09-03T10:47:16","slug":"pret-si-disponibilitate-huawei-watch-gt-7-46mm-in-romania","status":"publish","type":"post","link":"https:\/\/www.europesays.com\/ro\/286367\/","title":{"rendered":"Pre\u021b \u0219i disponibilitate HUAWEI Watch GT 7 46mm \u00een Rom\u00e2nia"},"content":{"rendered":"<p>Te afli \u00een c\u0103utarea unui smartwatch care s\u0103 \u00eembine func\u021bionalitatea Health&amp;Fitness cu design-ul elegant \u0219i sportiv? \u021ai-ai putea opri privirea asupra lui HUAWEI Watch GT 7 46mm, un ceas inteligent proasp\u0103t anun\u021bat \u0219i destinat publicului masculin, av\u00e2nd un cadran mai mare \u0219i look mai robust. Exist\u0103 \u0219i o variant\u0103 de 41mm pentru publicul feminin, dar despre pre\u021burile aceleia vorbim \u00eentr-un articol Pre\u021b \u0219i Disponibilitate separat.\u00a0<\/p>\n<p style=\"text-align:center\"><a href=\"https:\/\/www.europesays.com\/ro\/wp-content\/uploads\/2026\/09\/46mm.jpg\" target=\"_blank\"><img decoding=\"async\" alt=\"HUAWEI Watch GT 7 46mm\" src=\"https:\/\/www.europesays.com\/ro\/wp-content\/uploads\/2026\/09\/46mm.jpg\" style=\"height:400px; width:354px\"\/><\/a><\/p>\n<p>Ca design, ceasul opteaz\u0103 pentru o carcas\u0103 din o\u021bel inoxidabil \u0219i bifeaz\u0103 astfel certific\u0103rile IP69, 5ATM pentru rezisten\u021b\u0103 la ap\u0103 \u0219i praf. Vine pe negru, galben, sau albastru, oferind o curea din fluoroelastomer EasyCross care ne scap\u0103 de mecanismul convern\u021bional cu acele prinderi care \u00eengroa\u0219\u0103 cureaua la \u00eencheietur\u0103. O parte a curelei intr\u0103 pe sub cealalt\u0103.<\/p>\n<p>HUAWEI Watch GT 7 46mm, pre\u021buri actualizate:<\/p>\n<p>HUAWEI pune aici ecran AMOLED de 1.47 inch, senzor puls, SpO2, termometru, iar pentru localizare ne baz\u0103m pe GPS, BDS, GALILEO, QZSS, NavIC, Glonass. Primim conectivitate Bluetooth 6.0, c\u00e2t \u0219i NFC pe care \u00eel utiliz\u0103m pentru pl\u0103\u021bi contactless via Curve Pay.<\/p>\n<p>Smartwatch-ul aduce \u0219i func\u021bia\u00a0Physical Readiness, care se traduce \u00een gradul de preg\u0103tire fizic\u0103. Se evalueaz\u0103 condi\u021bia fizic\u0103 pe baza datelor de somn, HRV, stare emo\u021bional\u0103, calorii arse \u0219i se clasific\u0103 \u00een 5 praguri: excelent\u0103, bun\u0103, moderat\u0103, sc\u0103zut\u0103 \u0219i aten\u021bie necesar\u0103.<\/p>\n<p>Video hands-on HUAWEI Watch GT 7 \/ 7 Pro<\/p>\n","protected":false},"excerpt":{"rendered":"Te afli \u00een c\u0103utarea unui smartwatch care s\u0103 \u00eembine func\u021bionalitatea Health&amp;Fitness cu design-ul elegant \u0219i sportiv? \u021ai-ai putea&hellip;\n","protected":false},"author":2,"featured_media":286368,"comment_status":"","ping_status":"","sticky":false,"template":"","format":"standard","meta":{"footnotes":"","_share_on_mastodon":"0"},"categories":[16],"tags":[78830,38098,59521,5701,39526,78829,78833,156,69656,78831,520,78832,3076,1202,41,40,38,39,215,3651,4347,141,124,63263,68254],"class_list":["post-286367","post","type-post","status-publish","format-standard","has-post-thumbnail","category-tehnologie","tag-46mm","tag-cat-costa","tag-conditie-fizica","tag-debut","tag-disponibilitate","tag-gt7","tag-hrv","tag-huawei","tag-huawei-watch-gt-7-46mm","tag-huawei-watch-gt-7-pro-46mm","tag-lansare","tag-physical-readiness","tag-precomanda","tag-pret","tag-ro","tag-romana","tag-romania","tag-romanian","tag-sanatate","tag-smartwatch","tag-somn","tag-technology","tag-tehnologie","tag-varianta","tag-watch-gt-7"],"share_on_mastodon":{"url":"https:\/\/pubeurope.com\/@ro\/117206715743518177","error":""},"_links":{"self":[{"href":"https:\/\/www.europesays.com\/ro\/wp-json\/wp\/v2\/posts\/286367","targetHints":{"allow":["GET"]}}],"collection":[{"href":"https:\/\/www.europesays.com\/ro\/wp-json\/wp\/v2\/posts"}],"about":[{"href":"https:\/\/www.europesays.com\/ro\/wp-json\/wp\/v2\/types\/post"}],"author":[{"embeddable":true,"href":"https:\/\/www.europesays.com\/ro\/wp-json\/wp\/v2\/users\/2"}],"replies":[{"embeddable":true,"href":"https:\/\/www.europesays.com\/ro\/wp-json\/wp\/v2\/comments?post=286367"}],"version-history":[{"count":0,"href":"https:\/\/www.europesays.com\/ro\/wp-json\/wp\/v2\/posts\/286367\/revisions"}],"wp:featuredmedia":[{"embeddable":true,"href":"https:\/\/www.europesays.com\/ro\/wp-json\/wp\/v2\/media\/286368"}],"wp:attachment":[{"href":"https:\/\/www.europesays.com\/ro\/wp-json\/wp\/v2\/media?parent=286367"}],"wp:term":[{"taxonomy":"category","embeddable":true,"href":"https:\/\/www.europesays.com\/ro\/wp-json\/wp\/v2\/categories?post=286367"},{"taxonomy":"post_tag","embeddable":true,"href":"https:\/\/www.europesays.com\/ro\/wp-json\/wp\/v2\/tags?post=286367"}],"curies":[{"name":"wp","href":"https:\/\/api.w.org\/{rel}","templated":true}]}}