{"id":286373,"date":"2026-09-03T10:51:09","date_gmt":"2026-09-03T10:51:09","guid":{"rendered":"https:\/\/www.europesays.com\/ro\/286373\/"},"modified":"2026-09-03T10:51:09","modified_gmt":"2026-09-03T10:51:09","slug":"primarul-galatiului-il-compara-pe-bolojan-cu-ceausescu-unul-a-vrut-sa-plateasca-datoria-externa-celalalt-sa-reduca-deficitul-cu-orice-pret","status":"publish","type":"post","link":"https:\/\/www.europesays.com\/ro\/286373\/","title":{"rendered":"Primarul Gala\u021biului \u00eel compar\u0103 pe Bolojan cu Ceau\u0219escu: \u201eUnul a vrut s\u0103 pl\u0103teasc\u0103 datoria extern\u0103, cel\u0103lalt s\u0103 reduc\u0103 deficitul cu orice pre\u021b\u201d"},"content":{"rendered":"<p>Ionu\u021b Pucheanu, primarul municipiului Gala\u021bi, a declarat joi, 3 septembrie, la \u201eInterviurile Adev\u0103rul\u201d, c\u0103 PSD a\u0219teapt\u0103 o invita\u021bie la negocieri din partea pre\u0219edintelui. El \u00eel compar\u0103 pe liderul PNL Ilie Bolojan cu Nicolae Ceau\u0219escu.<\/p>\n<p>\u201eLa fel ca majoritatea partidelor politice sau a oamenilor politici, a\u0219tept\u0103m invita\u021bia domnului pre\u0219edinte. Eu cred c\u0103 va veni cel mai probabil ori m\u00e2ine, ori \u00een acest weekend, o strigare, o chemare la discu\u021bii.<\/p>\n<p>(&#8230;) \u00centr-adev\u0103r, \u00een politic\u0103, totul e negociabil. Dincolo de principii, dincolo de moral\u0103, dincolo de interese, totul e negociabil\u201d, a spus acesta.<\/p>\n<p>Prim-vicepre\u0219edintele PSD adaug\u0103 c\u0103 \u00eemp\u0103r\u021birea func\u021biilor \u00een Parlament este stabilit\u0103 printr-un algoritm convenit de partide \u00eenc\u0103 de la constituirea Parlamentului, iar PSD a pierdut o func\u021bie de chestor la Senat deoarece aceasta revenea UDMR \u00een a doua parte a sesiunii din 2026.<\/p>\n<p>publicitate&#8221;); background-position: center center; background-repeat: no-repeat;&#8221;&gt;<\/p>\n<p>\u201eAsta nu \u00eenseamn\u0103 c\u0103, dac\u0103 partidul PNL \u0219i USR au pierdut fiecare c\u00e2te o func\u021bie, aceste pierderi de func\u021bii au survenit \u00een urma unor negocieri. Pur \u0219i simplu, ele au intervenit natural \u00een urma algoritmului care se aplic\u0103 la fiecare sesiune.\u201d<\/p>\n<p>Ionu\u021b Pucheanu mai spune c\u0103, dac\u0103 sunt adunate voturile parlamentarilor care \u0219i-au anun\u021bat sus\u021binerea pentru un eventual guvern construit \u00een jurul PSD, acesta ar putea ob\u021bine pu\u021bin peste 240 de voturi \u00een Parlament.<\/p>\n<p>\u201eDac\u0103 adun\u0103m \u0219i punem \u00een aceea\u0219i traist\u0103 toate voturile celor care au spus c\u0103 vor vota, ar trebui s\u0103 treac\u0103. Acum ar fi undeva pu\u021bin peste 240 de voturi.<\/p>\n<p>127 sunt de la PSD, de la PACE cred c\u0103 sunt 17. Diziden\u021bii din PNL cred c\u0103 sunt vreo 19 \u00een momentul de fa\u021b\u0103. Posibil s\u0103 fie chiar mai mul\u021bi, \u00een func\u021bie, cel mai probabil, de nominalizarea de premier. <\/p>\n<p>Avem SOS, care cred c\u0103 are 12. Mai sunt minorit\u0103\u021bile, cred c\u0103 \u00eenc\u0103 17. Cifrele sunt aproximative. Mai sunt independen\u021bi \u0219i neafilia\u021bi, cred c\u0103 22, mai e UDMR \u0219i cred c\u0103 se face cifra pe care v-am lansat-o pu\u021bin mai devreme.\u201d<\/p>\n<p> \u201e\u00cen afar\u0103 de cei 127 de la PSD, oriunde sunt semne de \u00eentrebare\u201d <\/p>\n<p>Cu toate acesta, prim-vicepre\u0219edintele PSD\u00a0spune c\u0103, \u00een afara celor 127 de parlamentari PSD, nu exist\u0103 certitudini privind sus\u021binerea unui guvern.<\/p>\n<p>\u201e\u0218i la investirea Guvernului Ve\u0219tea, cel mai probabil acelea\u0219i calcule fuseser\u0103 f\u0103cute, aceea\u0219i siguran\u021b\u0103 afi\u0219at\u0103, ceea ce m\u0103 bucur\u0103. Spre deosebire de investitura Guvernului Ve\u0219tea, c\u00e2nd optimismul era cvasi-prezent pe toate holurile Parlamentului, acum v\u0103d ceva mai mult\u0103 pruden\u021b\u0103.<\/p>\n<p>publicitate&#8221;); background-position: center center; background-repeat: no-repeat;&#8221;&gt;<\/p>\n<p>Asta \u00eenseamn\u0103 c\u0103 situa\u021bia este luat\u0103 mult mai \u00een serios, nu mai merge doar pe simple promisiuni, simple discu\u021bii. \u0218i sper c\u0103 abordarea asta ceva mai serioas\u0103, mai profund\u0103, s\u0103 duc\u0103 la un rezultat mai bun.\u201d<\/p>\n<p>Pucheanu spune c\u0103 este foarte greu ca negocierile de la nivel na\u021bional s\u0103 se traduc\u0103 \u00een \u00een\u021belegeri concrete \u00een teritoriu.<\/p>\n<p>\u201eEu \u0219tiu ni\u0219te aspecte ce \u021bin de plan local, la nivel na\u021bional. S\u0103 vin\u0103 cineva s\u0103 spun\u0103, de la AUR sau din opozi\u021bia din PNL: \u00abDomnule, uite, noi am votat sau am sus\u021bine. Mai am pe cineva care ar veni l\u00e2ng\u0103 mine dac\u0103 la Gala\u021bi ar primi o func\u021bie de viceprimar.\u00bb Greu de crezut c\u0103 se \u00eent\u00e2mpl\u0103 lucrurile acestea.<\/p>\n<p>De obicei, negocierile \u021bin doar de Bucure\u0219ti \u0219i de spectrul na\u021bional. <\/p>\n<p>Rar spre foarte rar s-au rev\u0103rsat cu efecte \u0219i la nivel local. Dac\u0103, \u00eentr-adev\u0103r, am vorbit de o alian\u021b\u0103 politic\u0103 la nivel na\u021bional, care s\u0103 formeze \u00een momentul de fa\u021b\u0103 [n.r. un guvern] \u0219i cu care s\u0103 mergem \u00een fa\u021ba rom\u00e2nilor \u00een 2028, atunci, da, ar fi logic s\u0103 se r\u0103sfr\u00e2ng\u0103 inclusiv la nivel na\u021bional \u0219i la nivel local.\u201d<\/p>\n<p>Pucheanu spune c\u0103, de\u0219i PSD \u0219i PNL au fost alia\u021bi la nivel na\u021bional, \u00een teritoriu cele dou\u0103 partide au continuat s\u0103 se lupte politic. El consider\u0103 c\u0103 o eventual\u0103 alian\u021b\u0103 na\u021bional\u0103 ar trebui s\u0103 aib\u0103 efecte \u0219i la nivel local, dac\u0103 liderii partidelor stabilesc clar acest lucru.<\/p>\n<p>\u00centrebat cu cine ar putea colabora PSD, Pucheanu spune c\u0103 partidul ar trebui, \u00een primul r\u00e2nd, s\u0103-\u0219i consolideze colaborarea intern\u0103 \u0219i coeziunea. El sus\u021bine c\u0103 interesul general trebuie s\u0103 primeze \u00een fa\u021ba intereselor locale \u0219i c\u0103 PSD trebuie s\u0103 ac\u021bioneze \u201e\u00eentr-o singur\u0103 direc\u021bie\u201d. <\/p>\n<p>publicitate&#8221;); background-position: center center; background-repeat: no-repeat;&#8221;&gt;<\/p>\n<p>\u201eNu cred c\u0103 avem o problem\u0103 cu colaborarea cu PNL-ul. Noi am avut o problem\u0103 \u0219i, dup\u0103 cum vede\u021bi, \u00eentreaga \u021bar\u0103 are o problem\u0103 cu modul \u00een care \u00eencearc\u0103 s\u0103 fac\u0103 politic\u0103 domnul Bolojan.\u201d<\/p>\n<p>Pucheanu spune c\u0103 fac\u021biunea disident\u0103 din PNL ar putea dep\u0103\u0219i 20 de parlamentari, dar precizeaz\u0103 c\u0103 este vorba despre zvonuri. \u00cen privin\u021ba USR, respinge ideea unei noi asocieri PSD-USR, afirm\u00e2nd c\u0103 partidul nu ar mai accepta o astfel de colaborare.<\/p>\n<p>\u201eDac\u0103 partidul din care eu fac parte mai vrea s\u0103 supravie\u021buiasc\u0103, dac\u0103 se mai asociaz\u0103 o singur\u0103 dat\u0103 cu USR-ul, eu v\u0103 spun c\u0103 simplii membri nu vor mai accepta \u00een vecii vecilor o astfel de asociere.<\/p>\n<p>E posibil ca \u00een 2028 dumnealor s\u0103 nu mai existe, pentru c\u0103 ne-a furat tot electoratul domnul Bolojan.\u201d<\/p>\n<p> Ionu\u021b Pucheanu crede c\u0103 \u201earipa Bolojan\u00a0nu e f\u0103cut\u0103 din convingeri\u201d <\/p>\n<p>Pucheanu sugereaz\u0103 c\u0103 \u201earipa Bolojan\u201d din PNL este motivat\u0103 mai degrab\u0103 de interese dec\u00e2t de convingeri \u0219i spune c\u0103 politicienii tind s\u0103 se apropie de liderul aflat la putere pentru eventualele beneficii pe care aceast\u0103 apropiere le poate aduce.<\/p>\n<p>\u201eCred c\u0103 aceast\u0103 arip\u0103 nu e f\u0103cut\u0103 din convingeri, ci e o arip\u0103 din interese.\u00a0Posibil s\u0103 existe \u0219i o form\u0103 de apreciere, da toat\u0103 lumea vrea s\u0103 fie al\u0103turi de decident. De ce? Pentru c\u0103 cel mai probabil s-ar putea s\u0103 profite la un moment dat de prezen\u021ba \u00een imediata lui apropiere.<\/p>\n<p>M\u0103 refer aici la poate pre\u0219edin\u021bi de consilii jude\u021bene sau la primari. \u0218i atunci tinzi s\u0103 te duci cu pre\u0219edintele, cu \u0219eful, pentru c\u0103 e \u00een postura s\u0103 poat\u0103 \u00eemp\u0103r\u021bi bun\u0103stare.\u201d<\/p>\n<p>publicitate&#8221;); background-position: center center; background-repeat: no-repeat;&#8221;&gt;<\/p>\n<p>Acesta mai\u00a0spune c\u0103 ideile ini\u021biale ale lui Bolojan nu erau gre\u0219ite, \u00eens\u0103 metoda de aplicare a lor a fost eronat\u0103, iar lipsa disponibilit\u0103\u021bii de a asculta alte opinii a dus, crede el, la efecte negative \u00een economie \u0219i asupra nivelului de trai.<\/p>\n<p>\u201eAsta \u00eensemn\u00e2nd s\u0103 trecem cu capul prin mun\u021bi, s\u0103 travers\u0103m r\u00e2uri, c\u00e2nd, de fapt, \u0219i de pu\u021bin mai la st\u00e2nga sau mai la dreapta, s-au inventat drumuri f\u0103r\u0103 s\u0103 trebuiasc\u0103 s\u0103-\u021bi spargi capul, f\u0103r\u0103 s\u0103-\u021bi tai m\u00e2inile, f\u0103r\u0103 s\u0103-\u021bi tai capul de pe umeri.<\/p>\n<p>Dumnealui n-a \u00een\u021beles lucrul acesta, drept pentru care, dup\u0103 cum vedem \u00een economie, \u00een momentul de fa\u021b\u0103 lucrurile s-au dus jos. Oamenii tr\u0103iesc prost pentru c\u0103 liderul n-a vrut s\u0103 asculte de absolut nimeni. A setat cea mai scurt\u0103 direc\u021bie spre ob\u021binerea rezultatului \u0219i pur \u0219i simplu&#8230; s\u0103 ne omoare pe to\u021bi.\u201d<\/p>\n<p> Alexandru Nazare, premier? <\/p>\n<p>Primarul Gala\u021biului mai spune c\u0103\u00a0nu \u0219tie dac\u0103 Alexandru Nazare, ministrul interimar al Finan\u021belor, este la fel de inflexibil ca Bolojan, dar consider\u0103 c\u0103 pozi\u021bia unui ministru este influen\u021bat\u0103 de cea a \u0219efului s\u0103u, astfel c\u0103 Nazare ar fi avut pu\u021bine op\u021biuni s\u0103 se manifeste diferit de Bolojan.<\/p>\n<p>\u201eNu-l cunosc \u00eentr-at\u00e2t de bine. Ne cunoa\u0219tem, ne salut\u0103m. Am schimbat c\u00e2teva vorbe de-a lungul vremii cu domnul Nazare. Cu domnul Bolojan pretind c\u0103 am avut o rela\u021bie de amici\u021bie, poate chiar mai sus de cea de amici\u021bie. Prin urmare, \u00eel cunosc mai bine.<\/p>\n<p>publicitate&#8221;); background-position: center center; background-repeat: no-repeat;&#8221;&gt;<\/p>\n<p>Nu \u0219tiu dac\u0103 e la fel de inflexibil, dar, vede\u021bi dumneavoastr\u0103, inflexibilitatea unor mini\u0219tri vine \u0219i din postura \u0219efului. Dac\u0103 \u0219eful are o anumit\u0103 pozi\u021bie \u0219i postur\u0103, cel mai probabil va fi \u00eemprumutat\u0103 sau dictat\u0103 \u0219i celorlal\u021bi membri ai cabinetului.<\/p>\n<p>Greu de crezut c\u0103 domnul Nazare ar fi avut foarte multe op\u021biuni \u00een a se comporta sau a ie\u0219i public \u0219i a face declara\u021bii \u00eentr-o cu totul \u0219i cu totul alt\u0103 manier\u0103 dec\u00e2t \u0219eful s\u0103u direct, at\u00e2t de partid, chiar dac\u0103 se pretinde c\u0103 nu mai e \u00een PNL, c\u00e2t \u0219i vizavi de \u0219eful din cabinetul c\u0103ruia face parte.\u00a0Prin urmare, n-a\u0219 putea s\u0103-l judec deocamdat\u0103 pe domnul Nazare.\u201d<\/p>\n<p>Pucheanu spune c\u0103 nu \u00eel poate evalua \u00eenc\u0103 pe Nazare.\u00a0El d\u0103 exemplul lui Bolojan, care \u00een urm\u0103 cu doi ani era considerat o variant\u0103 foarte dorit\u0103 pentru func\u021bia de premier, dar care, \u00eentr-un timp scurt, a reu\u0219it s\u0103-i dezam\u0103geasc\u0103 pe mul\u021bi.<\/p>\n<p> <img decoding=\"async\" src=\"https:\/\/www.europesays.com\/ro\/wp-content\/uploads\/2026\/09\/1788432669_943_index.jpeg\" alt=\"Ionu\u021b Pucheanu\" width=\"1000\" height=\"750\" loading=\"eager\" fetchpriority=\"high\" class=\"svelte-1kfbksm\"\/> <\/p>\n<p>Ionu\u021b Pucheanu Foto: Adev\u0103rul<\/p>\n<p>publicitate&#8221;); background-position: center center; background-repeat: no-repeat;&#8221;&gt;<\/p>\n<p>Pucheanu \u00eel compar\u0103 pe Bolojan cu Ceau\u0219escu <\/p>\n<p>Acesta mai spune c\u0103\u00a0reducerea deficitului bugetar s-ar fi putut face \u00een pa\u0219i mai logici, \u00een locul unor m\u0103suri rapide \u0219i dure. <\/p>\n<p>El compar\u0103 situa\u021bia cu decizia lui Ceau\u0219escu de a pl\u0103ti datoria extern\u0103 \u00eentr-un termen mult mai scurt dec\u00e2t cel stabilit ini\u021bial, ceea ce a pus o presiune uria\u0219\u0103 asupra popula\u021biei.<\/p>\n<p>\u201eAm cunoscut un om, \u00een primul meu an de mandat, \u00een 2016. A venit la Gala\u021bi.\u00a0Sper s\u0103 nu-i gre\u0219esc numele. Un domn pe care \u00eel chema, cred, Gutemberg, asociat cu tat\u0103l domnului pre\u0219edinte Trump. <\/p>\n<p>Pe vremea lui Ceau\u0219escu, dup\u0103 ce Rom\u00e2nia a c\u00e2\u0219tigat clauza na\u021biunii celei mai favorizate, \u00een &#8217;81, cred, a venit \u00een Rom\u00e2nia, trimis de guvernul american, pentru a ajuta la planul de plat\u0103 a datoriei externe a Rom\u00e2niei.\u00a0Astea sunt relat\u0103rile dumnealui. Dac\u0103 m-a p\u0103c\u0103lit, v\u0103 p\u0103c\u0103lesc \u0219i eu pe dumneavoastr\u0103.<\/p>\n<p> <a class=\"related-inline svelte-78g0vl\" data-gtrack=\"{&quot;event&quot;:&quot;utm_click&quot;,&quot;data&quot;:{&quot;event_category&quot;:&quot;article_related&quot;}}\" href=\"https:\/\/adevarul.ro\/politica\/surse-pe-cine-vrea-nicusor-dan-la-externe-si-2553344.html\" title=\"Alt articol de interes pentru tine\" rel=\"nofollow noopener\" target=\"_blank\"> SURSE Pe cine vrea Nicu\u0219or Dan la Externe \u0219i Ap\u0103rare. USR, din nou \u00een fa\u021ba unei mari dileme  <\/a><\/p>\n<p>Planul scris \u00eempreun\u0103 cu americanii la momentul respectiv de c\u0103tre Ceau\u0219escu spunea c\u0103 aceast\u0103 datorie poate fi pl\u0103tit\u0103 \u00eentre 20 \u0219i 25 de ani. A\u0219a a fost f\u0103cut planul. Dup\u0103 ce a v\u0103zut planul, Ceau\u0219escu a decis c\u0103 va putea pl\u0103ti \u00eentr-un termen mult mai scurt \u0219i \u0219i-a fixat ca p\u00e2n\u0103 \u00een 1990 s\u0103 pl\u0103teasc\u0103 datoria. <\/p>\n<p>Acest om p\u0103r\u0103se\u0219te Rom\u00e2nia \u00een &#8217;87 \u0219i, \u00eentreb\u00e2ndu-l de ce, mi-a r\u0103spuns: pentru c\u0103 presiunea pe care o pusese Ceau\u0219escu pe cet\u0103\u021beni pentru a se pl\u0103ti aceast\u0103 datorie devenise absolut insuportabil\u0103. Era un butoi de pulbere care urma s\u0103 explodeze.<\/p>\n<p>publicitate&#8221;); background-position: center center; background-repeat: no-repeat;&#8221;&gt;<\/p>\n<p>Pucheanu spune c\u0103 \u00eel compar\u0103 pe Bolojan cu Ceau\u0219escu strict prin prisma deciziei de a atinge un obiectiv cu orice pre\u021b.<\/p>\n<p>\u201eUnul a vrut s\u0103 pl\u0103teasc\u0103 datoria extern\u0103, cel\u0103lalt s\u0103 reduc\u0103 deficitul cu orice pre\u021b. Nu po\u021bi, cu orice pre\u021b, s\u0103 iei m\u0103suri dup\u0103 cum crezi tu. Evident, \u021bara asta este \u0219i politic\u0103. Este despre oameni, despre bun\u0103stare, nu despre cifre.<\/p>\n<p>Eu \u021bin minte, de\u0219i am prins Revolu\u021bia la 8 ani (&#8230;) abecedarul l-am \u00eenv\u0103\u021bat de cele mai multe ori la lumina lum\u00e2n\u0103rii, c\u0103 se lua lumina.\u00a0Eu \u021bin minte c\u0103 primul meu Cr\u0103ciun, c\u00e2nd ne-am mutat \u00een apartamentul \u00een care am crescut, a fost la re\u0219ou\u201d.<\/p>\n<p>Social-democratul afirm\u0103 c\u0103\u00a0Rom\u00e2nia risc\u0103 s\u0103 repete gre\u0219elile trecutului dac\u0103 sunt urm\u0103rite doar cifrele, f\u0103r\u0103 a \u021bine cont de oameni \u0219i de bun\u0103starea lor. El avertizeaz\u0103 c\u0103 suprataxarea \u0219i instabilitatea politico-administrativ\u0103 afecteaz\u0103 economia \u0219i alung\u0103 investitorii.<\/p>\n<p> \u201eDin p\u0103cate, la nivel european, facem parte din una dintre cele mai progresiste familii politice\u201d <\/p>\n<p>Despre migrarea unei p\u0103r\u021bi din electoratul PSD c\u0103tre AUR, Ionu\u021b Pucheanu afirm\u0103 c\u0103 s-a realizat din dou\u0103 motive: \u00eendep\u0103rtarea PSD de valorile conservatoare tradi\u021bionale ale partidului \u0219i lipsa unei pozi\u021bion\u0103ri clare, care a f\u0103cut ca o parte dintre aleg\u0103tori s\u0103 nu se mai simt\u0103 reprezentat\u0103.<\/p>\n<p>\u201eCred c\u0103 a fost aleas\u0103 aceast\u0103 op\u021biune, dup\u0103 era Dragnea. Partidul Social Democrat, cel pu\u021bin la nivel european, era \u00eentr-o bezn\u0103 total\u0103. Nimeni nu era dezirabil, nimeni nu mai voia s\u0103 vorbeasc\u0103 cu noi.\u00a0Din p\u0103cate, la nivel european, facem parte din una dintre cele mai progresiste familii politice.<\/p>\n<p>Noi, acas\u0103, suntem ni\u0219te conservatori, suntem conservatori prin excelen\u021b\u0103. Din p\u0103cate, pentru a ne reintegra, pentru a deveni frecventabili, ar trebui s\u0103 abandon\u0103m \u00een discursurile publice ni\u0219te pozi\u021bii sau s\u0103 nu ne pozi\u021bion\u0103m foarte clar vizavi de ni\u0219te aspecte care \u021bineau de chintesen\u021ba noastr\u0103 ca partid, ca doctrin\u0103.\u201d<\/p>\n<p>publicitate&#8221;); background-position: center center; background-repeat: no-repeat;&#8221;&gt;<\/p>\n<p>Acesta\u00a0spune c\u0103 PSD este pro-european, iar c\u0103 o posibil\u0103 colaborare cu AUR este dificil\u0103 c\u00e2t timp partidul nu \u00ee\u0219i clarific\u0103 pozi\u021biile pe anumite teme.\u00a0<\/p>\n<p>\u201eNu conteaz\u0103 ce spui, ci conteaz\u0103 ce faci. (&#8230;) At\u00e2ta timp c\u00e2t nu-\u021bi l\u0103mure\u0219ti pozi\u021bia vizavi de ni\u0219te aspecte extrem de consistente de care e\u0219ti acuzat, (&#8230;) atunci c\u00e2nd ajung ni\u0219te legi la vot \u00een Parlament \u0219i te pozi\u021bionezi altfel dec\u00e2t ar fi logic s-o faci, vizavi de interesul na\u021bional, vizavi de familia asta mare pro-european\u0103 din care facem parte, sunt ridicate ni\u0219te semne de \u00eentrebare.\u201d<\/p>\n<p>Prim-vicepre\u0219edintele PSD\u00a0sus\u021bine c\u0103 na\u021bionalismul a c\u00e2\u0219tigat teren \u00een Europa \u0219i SUA ca reac\u021bie la excesele progresismului \u0219i c\u0103 trebuie analizate cauzele acestui fenomen, nu doar etichetate mi\u0219c\u0103rile drept extremiste sau conservatoare.<\/p>\n<p>Pucheanu spune c\u0103, \u00een contextul actual, PSD este dispus s\u0103 treac\u0103 peste diferen\u021bele politice pentru formarea unui guvern cu puteri depline.<\/p>\n<p>\u201eSunt momente, a\u0219a cum este acesta, \u00een care \u021bara trebuie s\u0103 fie guvernat\u0103, \u00een care trebuie s\u0103 trecem peste convingeri \u0219i s\u0103 vedem binele comun sau interesul comun.<\/p>\n<p>Haide\u021bi s\u0103 avem un guvern cu puteri depline, s\u0103 poat\u0103 guverna, s\u0103 trag\u0103 pu\u021bin de h\u0103\u021burile acestei \u021b\u0103ri, s-o aduc\u0103 \u00eenapoi pe strad\u0103, pentru c\u0103 \u00een momentul de fa\u021b\u0103\u00a0suntem cu oi\u0219tea-n gard, \u0219i abia dup\u0103 aia haide\u021bi s\u0103 ne r\u0103zboim \u00eentre noi.\u201d<\/p>\n<p>De asemenea,\u00a0reafirm\u0103 c\u0103 Sorin Grindeanu este prima \u0219i singura op\u021biune viabil\u0103 a PSD pentru func\u021bia de premier.<\/p>\n<p>\u201eCred c\u0103 are tot ce-i trebuie, la nivel de cuno\u0219tin\u021be \u0219i experien\u021b\u0103, pentru a putea \u00eencropi un cabinet extrem de competitiv.\u00a0Acum e o discu\u021bie legat\u0103 de, v\u0103 spun doar a\u0219a, la nivel de b\u00e2rfe din culise. <\/p>\n<p>E o discu\u021bie legat\u0103 de prezen\u021ba celor de la UDMR din prima.\u00a0Personal, dincolo de ce spun unii sau al\u021bii, eu cred c\u0103 au ni\u0219te oameni extrem de bine preg\u0103ti\u021bi. Nu \u0219tiu ce \u0219coli urmeaz\u0103, nu \u0219tiu pe unde \u00eei preg\u0103tesc, dar atunci c\u00e2nd lanseaz\u0103 pe cineva pe vreun post, cam \u0219tie meserie.\u201d<\/p>\n<p>Ionu\u021b Pucheanu spune c\u0103 grupul fostului premier Victor Ponta \u0219i fac\u021biunea disident\u0103 din PNL ar putea avea, la r\u00e2ndul lor, solicit\u0103ri pentru ocuparea unor func\u021bii.<\/p>\n<p> Ce spune despre incidentul cu drona de la Vaslui <\/p>\n<p>Despre incidentul de la Vaslui, c\u00e2nd un cioban, \u00eempreun\u0103 cu un alt t\u00e2n\u0103r, s-au apropiat de o dron\u0103 c\u0103zut\u0103 \u0219i i-au smuls dou\u0103 fire pentru a o opri, primarul Gala\u021biului spune c\u0103 instruirea popula\u021biei \u00een cazul unor incidente cu drone sau al unor calamit\u0103\u021bi este necesar\u0103, dar trebuie s\u0103 fie una practic\u0103, nu doar un exerci\u021biu de imagine.<\/p>\n<p>\u201eTrebuie s\u0103 fim con\u0219tien\u021bi. (&#8230;) Eu bag m\u00e2na \u00een foc: \u00een caz de calamitate, 99% dintre rom\u00e2ni nu \u0219tiu ce s\u0103 fac\u0103, cu tot acest demers f\u0103cut de zeci, minim 10 ani de zile. Pentru c\u0103, pe timp de pace, nimeni nu se uit\u0103 la problemele ce pot ap\u0103rea.<\/p>\n<p>Cel mai bun exemplu e c\u0103 am ref\u0103cut&#8230; Suntem \u00een postura s\u0103 avem 100% din bunc\u0103re func\u021bionale \u0219i cu o accesibilitate aproape instant la ele, acelea care sunt \u00een subordinea sau \u00een proprietatea Prim\u0103riei Municipiului Gala\u021bi, fiind \u0219i destule alte ad\u0103posturi de genul acesta aflate \u00een proprietate privat\u0103.<\/p>\n<p> <a class=\"related-inline svelte-78g0vl\" data-gtrack=\"{&quot;event&quot;:&quot;utm_click&quot;,&quot;data&quot;:{&quot;event_category&quot;:&quot;article_related&quot;}}\" href=\"https:\/\/adevarul.ro\/politica\/cum-explica-udmr-votul-pentru-functiile-din-2553659.html\" title=\"Alt articol de interes pentru tine\" rel=\"nofollow noopener\" target=\"_blank\"> Cum explic\u0103 UDMR votul pentru func\u021biile din Biroul permanent din Camera Deputa\u0163ilor: \u201eN-am votat cu AUR sau cu S.O.S. \u015fi n-am votat \u00eempotriva PNL sau USR\u201d <\/a><\/p>\n<p>Lucrul acesta se face. Am discutat destul pe acest aspect. Am cheile fiec\u0103rui ad\u0103post, sunt date la \u0219eful sc\u0103rii tocmai pentru a nu avea timpi mor\u021bi, p\u00e2n\u0103 vine prim\u0103ria s\u0103 deschid\u0103. Uneori te \u00eentrebi: de ce, Doamne iart\u0103-m\u0103, ar trebui s\u0103 faci o astfel de instruire c\u00e2nd e de minim\u0103 logic\u0103 c\u0103 nu ai de ce s\u0103 te apropii de respectiva (n.r. dron\u0103)?\u201d<\/p>\n<p>Acesta\u00a0sus\u021bine c\u0103 rom\u00e2nii tind s\u0103 conteste autoritatea \u0219i s\u0103 ignore regulile, inclusiv \u00een situa\u021bii de risc.<\/p>\n<p><a href=\"https:\/\/adevarul.ro\/stiri-locale\/constanta\/l-au-scos-din-apa-de-trei-ori-in-aceeasi-zi-dupa-2552475.html\" rel=\"nofollow noopener\" target=\"_blank\">\u201eA fost o \u0219tire cu un tip scos de salvamar de dou\u0103 sau de trei ori din ap\u0103.<\/a>\u00a0A intrat \u0219i a patra oar\u0103 \u0219i s-a \u00eent\u00e2mplat ce s-a \u00eent\u00e2mplat.\u00a0(&#8230;)\u00a0Noi suntem la coada clasamentului cu gradul de conformare. <\/p>\n<p>Dac\u0103 vine o autoritate \u0219i \u00ee\u021bi spune: \u00ab\u00cen momentul de fa\u021b\u0103, de m\u00e2ine se \u00eenchide strada \u0219i nu mai treci pe aici cu ma\u0219ina\u00bb, cel pu\u021bin dac\u0103 te duci \u00een Occident, lumea \u00een\u021belege (&#8230;)\u00a0La noi totul e contestabil. Toat\u0103 lumea \u00ee\u0219i pune \u00eentreb\u0103ri. C\u00e2nd vine vorba de o decizie, toat\u0103 lumea \u00eencepe s\u0103 filozofeze: \u00abDar de ce? Ce ne ascund?\u00bb\u201d.<\/p>\n<p>Nu \u00een ultimul r\u00e2nd, Ionu\u021b Pucheanu spune c\u0103 aceast\u0103 lips\u0103 de conformare este alimentat\u0103 \u0219i de politicieni.<\/p>\n<p>\u201eNu ai cum s\u0103 ai un stat puternic, nu ai cum s\u0103 ai institu\u021bii respectate at\u00e2ta timp c\u00e2t, \u00een func\u021bie de propriile interese, interese proxime, calci \u00een picioare uniforma statului.\u00a0Cea mai josnic\u0103 mi\u0219care pe care am v\u0103zut-o, cel pu\u021bin de c\u00e2nd sunt eu con\u0219tient, vizavi de un om politic la cel mai \u00eenalt nivel, a fost pozi\u021bionarea pre\u0219edintelui Rom\u00e2niei vizavi de Jandarmerie, la 10 august.<\/p>\n<p>\u0218i-mi asum ceea ce spun. Nu ai voie, ca pre\u0219edinte al statului, s\u0103 ai o astfel de pozi\u021bie vizavi de o uniform\u0103 care te reprezint\u0103. Nu po\u021bi s\u0103 spui c\u0103 ast\u0103zi Jandarmeria e bun\u0103 \u0219i m\u00e2ine c\u0103 e slab\u0103. Nu ai cum s\u0103 spui c\u0103 Poli\u021bia e OK c\u00e2nd intervine, c\u00e2nd sunt b\u0103t\u0103i, omoruri, \u0219i e mai pu\u021bin OK c\u0103 te-a oprit pe tine \u00een trafic.\u201d<\/p>\n<p>Acesta subliniaz\u0103\u00a0c\u0103 politicienii nu trebuie s\u0103 decredibilizeze institu\u021biile statului \u0219i c\u0103 abuzurile unor poli\u021bi\u0219ti, jandarmi, militari sau angaja\u021bi ai ISU nu trebuie generalizate la nivelul \u00eentregii institu\u021bii.<\/p>\n<p>Au trecut mai bine de patru luni de la c\u0103derea Guvernului Bolojan, demis prin mo\u021biune de cenzur\u0103 pe 5 mai, iar negocierile pentru formarea unui nou Executiv sunt \u00een continuare blocate.<\/p>\n<p>La \u00eenceputul lunii, pre\u015fedintele Senatului, Mircea Abrudean, a declarat c\u0103 PNL este preg\u0103tit s\u0103 treac\u0103 \u00een opozi\u0163ie, el preciz\u00e2nd c\u0103 este nevoie de formarea unui guvern c\u00e2t mai rapid, un guvern care s\u0103 aib\u0103 o majoritate stabil\u0103. <\/p>\n<p>Abrudean a mai spus c\u0103 PNL nu sus\u0163ine un guvern din care face parte PSD.<\/p>\n<p>De cealalt\u0103 parte,\u00a0<a href=\"https:\/\/adevarul.ro\/politica\/liderii-psd-se-intalnesc-luni-la-sinaia-decid-2553051.html\" rel=\"nofollow noopener\" target=\"_blank\">conducerea PSD, reunit\u0103 la Sinaia la finalul lui august, a decis s\u0103 mearg\u0103 cu dou\u0103 variante politice la noile consult\u0103ri cu pre\u0219edintele Nicu\u0219or Dan.<\/a>\u00a0\u00cen primul r\u00e2nd, PSD \u00ee\u0219i dore\u0219te s\u0103 formeze un guvern minoritar, cu Sorin Grindeanu \u00een rol de prim-ministru, sus\u021bin surse din conducerea partidului pentru \u201eAdev\u0103rul\u201d.<\/p>\n<p><a href=\"https:\/\/adevarul.ro\/politica\/surse-presedintele-incearca-sa-desemneze-un-2553767.html\" rel=\"nofollow noopener\" target=\"_blank\">P\u00e2n\u0103 la finalul acestei s\u0103pt\u0103m\u00e2ni, pre\u0219edintele Nicu\u0219or Dan ar putea face\u00a0o nou\u0103 desemnare<\/a>\u00a0pentru func\u021bia de premier, cel mai probabil s\u00e2mb\u0103t\u0103 sau duminic\u0103, potrivit unor surse de la Palatul Cotroceni.<\/p>\n<p>Negocierile dintre partidele politice sunt \u00eens\u0103 \u00een continuare dificile, iar formarea unei majorit\u0103\u021bi pentru sus\u021binerea viitorului guvern nu este \u00eenc\u0103 sigur\u0103.<\/p>\n<p>Varianta unui premier independent are \u0219anse reduse, negocierile concentr\u00e2ndu-se pe un guvern politic. <\/p>\n<p>Sunt discutate dou\u0103 formule: un cabinet PSD-UDMR, sus\u021binut de minorit\u0103\u021bi \u0219i parlamentari PNL anti-Bolojan, sau unul PSD\u2013PNL anti-Bolojan, sprijinit de UDMR, minorit\u0103\u021bi \u0219i grupuri mai mici.<\/p>\n<p> \\n  const _iprc = performance.now();\\n\\u003C\/script>\\n\\n\\u003Cscript class=\\&#8221;optanon-category-C0004\\&#8221; type=\\&#8221;text\/plain\\&#8221;>\\nconsole.log(\\&#8221;*** cookieconsent done:\\&#8221;, Math.round(performance.now() &#8211; _iprc) \/ 1000);\\n  gtag(&#8216;event&#8217;, &#8216;cookieconsent&#8217;, {\\n    name: &#8216;load&#8217;,\\n    value: Math.round(performance.now() &#8211; _iprc) \/ 1000\\n  });\\n\\u003C\/script>\\n\\u003C!&#8211; END PERFORMANCE COOKIE PRO &#8211;>\\n\\n{{#unless context.ads_disabled}}\\n\\n\\u003Cscript class=\\&#8221;optanon-category-C0004\\&#8221; type=\\&#8221;text\/plain\\&#8221; src=\\&#8221;\/\/a.teads.tv\/page\/99553\/tag\\&#8221; async=\\&#8221;true\\&#8221;>\\u003C\/script>\\n{{\/unless}}\\n\\n\\u003Cdiv data-ad=\\&#8221;adevarul.ro_728x90_sticky_display_bottom_adevarul_bottom_center_leaderboard\\&#8221; data-devices=\\&#8221;m:0,t:1,d:1\\&#8221;   class=\\&#8221;demand-supply\\&#8221;>\\u003C\/div>\\n\\n{{#if context.content}}\\n\\n{{#unless context.ads_disabled}}\\n\\u003Cscript class=\\&#8221;optanon-category-C0004\\&#8221; type=\\&#8221;text\/plain\\&#8221; src=\\&#8221;https:\/\/cnt.trvdp.com\/js\/1544\/6545.js\\&#8221;>\\u003C\/script>\\n{{\/unless}}\\n\\n\\n{{\/if}}\\n\\n\\n&#8221;,&#8221;html_mobile&#8221;:&#8221;\\n\\n\\n\\u003C!&#8211; CHECK PERFORMANCE COOKIE PRO &#8211;>\\n\\u003Cscript>\\n  const _iprc = performance.now();\\n\\u003C\/script>\\n\\n\\u003Cscript class=\\&#8221;optanon-category-C0004\\&#8221; type=\\&#8221;text\/plain\\&#8221;>\\nconsole.log(\\&#8221;*** cookieconsent done:\\&#8221;, Math.round(performance.now() &#8211; _iprc) \/ 1000);\\n  gtag(&#8216;event&#8217;, &#8216;cookieconsent&#8217;, {\\n    name: &#8216;load&#8217;,\\n    value: Math.round(performance.now() &#8211; _iprc) \/ 1000\\n  });\\n\\u003C\/script>\\n\\u003C!&#8211; END PERFORMANCE COOKIE PRO &#8211;>\\n\\n{{#unless context.ads_disabled}}\\n\\n\\n\\u003Cscript\\n  class=\\&#8221;optanon-category-C0004\\&#8221;\\n  type=\\&#8221;text\/plain\\&#8221;\\n  src=\\&#8221;\/\/a.teads.tv\/page\/99553\/tag\\&#8221;\\n  async=\\&#8221;true\\&#8221;\\n>\\u003C\/script>\\n\\n{{\/unless}} \\n\\n\\u003Cdiv\\n  data-ad=\\&#8221;adevarul.ro_sticky_mobile_bottom\\&#8221;\\n  data-devices=\\&#8221;m:1,t:0,d:0\\&#8221;\\n  class=\\&#8221;demand-supply\\&#8221;\\n>\\u003C\/div>\\n\\n{{#if context.content}} \\n\\n\\n{{#unless context.ads_disabled}}\\n\\u003Cscript class=\\&#8221;optanon-category-C0004\\&#8221; type=\\&#8221;text\/plain\\&#8221; src=\\&#8221;https:\/\/cnt.trvdp.com\/js\/1544\/6545.js\\&#8221;>\\u003C\/script>\\n{{\/unless}}\\n\\n{{\/if}}\\n\\n&#8221;},&#8221;updated_at&#8221;:&#8221;2025-11-01T11:31:21.462Z&#8221;},&#8221;AdPosition_head&#8221;:{&#8222;data&#8221;:{&#8222;custom_fields&#8221;:{},&#8221;for_desktop&#8221;:true,&#8221;for_mobile&#8221;:true,&#8221;html_desktop&#8221;:&#8221;\\u003Cmeta name=\\&#8221;profitshareid\\&#8221; content=\\&#8221;934cd37887433d585a2a227ef0576fcc\\&#8221; \/>\\n\\n\\n\\n{{#unless context.ads_disabled}}\\n\\n\\n{{#if context.content}}\\n\\u003Cscript type=\\&#8221;text\/plain\\&#8221; class=\\&#8221;optanon-category-C0004\\&#8221; src=\\&#8221;https:\/\/jsc.mgid.com\/site\/960965.js\\&#8221; async>\\u003C\/script>\\n\\n\\n\\u003Cscript type=\\&#8221;text\/plain\\&#8221; class=\\&#8221;optanon-category-C0004\\&#8221;>\\n  (function () {\\n    if (document.location.pathname.indexOf(&#8222;https:\/\/adevarul.ro\/ghid-de-cumparaturi&#8221;) === 0) {\\n      return;\\n    }\\n\\n    const s = document.createElement(\\&#8221;script\\&#8221;);\\n    s.src = \\&#8221;https:\/\/srv.divee.ai\/storage\/v1\/object\/public\/sdk\/divee.sdk.latest.js\\&#8221;;\\n    s.setAttribute(\\&#8221;data-project-id\\&#8221;, \\&#8221;4428864e-2da6-4fef-a83c-c16c2dfe86d9\\&#8221;);\\n    s.async = true;\\n    document.head.appendChild(s);\\n  })();\\n\\u003C\/script>\\n\\n\\n\\n\\n\\n{{\/if}}\\n\\n\\u003Cscript>\\n  window.teads_analytics = window.teads_analytics || {};\\n  window.teads_analytics.analytics_tag_id = \\&#8221;PUB_26459\\&#8221;;\\n  window.teads_analytics.share = window.teads_analytics.share || function() {\\n    ;(window.teads_analytics.shared_data = window.teads_analytics.shared_data || []).push(arguments)\\n  };\\n\\u003C\/script>\\n\\u003Cscript type=\\&#8221;text\/plain\\&#8221; class=\\&#8221;optanon-category-C0004\\&#8221; src=\\&#8221;https:\/\/a.teads.tv\/analytics\/tag.js\\&#8221;>\\u003C\/script>\\n\\n\\n{{#unless context.features.nolivesupply}}\\n\\u003Cscript async data-cfasync=\\&#8221;false\\&#8221; type=\\&#8221;text\/plain\\&#8221; class=\\&#8221;optanon-category-C0004\\&#8221; src=\\&#8221;https:\/\/live.demand.supply\/up.js\\&#8221;>\\u003C\/script>\\n{{\/unless}}\\n\\n\\u003Cscript type=\\&#8221;text\/plain\\&#8221; class=\\&#8221;optanon-category-C0004\\&#8221; src=\\&#8221;https:\/\/pagead2.googlesyndication.com\/pagead\/js\/adsbygoogle.js?client=ca-pub-3345426167175409\\&#8221; crossorigin=\\&#8221;anonymous\\&#8221;>\\u003C\/script>\\n\\n \\u003Cscript type=\\&#8221;text\/plain\\&#8221; class=\\&#8221;optanon-category-C0004\\&#8221; src=\\&#8221;https:\/\/terrific.live\/terrific-sdk.js\\&#8221; storeid=\\&#8221;iN6X0VPTDIicsVPKX6p0\\&#8221;>\\u003C\/script>\\n\\n{{\/unless}}\\n\\n\\u003Cstyle>\\n.google-adposition > div {\\n  flex-grow: 1;\\n}\\n\\n.google-adposition:has(iframe) {\\n    background-image: none !important;\\n}\\n\\n.menu-fixed .menu .headContainer .google-auto-placed {\\n    display: none;\\n}\\n\\narticle header .title .google-auto-placed {\\n    display: none;\\n}\\n\\n#onetrust-banner-sdk #onetrust-accept-btn-handler {\\n        margin-bottom: 10px;\\n    }\\n\\n    #onetrust-banner-sdk #onetrust-reject-all-handler {\\n        visibility: hidden;\\n    }\\n\\n\\u003C\/style>\\n\\n \\u003C!&#8211; Facebook Pixel Code &#8211;>\\u003Cscript type=\\&#8221;text\/plain\\&#8221; class=\\&#8221;optanon-category-C0002\\&#8221;>!function(f,b,e,v,n,t,s){if(f.fbq)return;n=f.fbq=function(){n.callMethod?n.callMethod.apply(n,arguments):n.queue.push(arguments)};if(!f._fbq)f._fbq=n;n.push=n;n.loaded=!0;n.version=&#8217;2.0&#8242;;n.queue=[];t=b.createElement(e);t.async=!0;t.src=v;s=b.getElementsByTagName(e)[0];s.parentNode.insertBefore(t,s)}(window,document,&#8217;script&#8217;,&#8217;https:\/\/connect.facebook.net\/en_US\/fbevents.js&#8217;); fbq(&#8216;init&#8217;, &#8216;1346397800155390&#8217;); fbq(&#8216;track&#8217;, &#8216;PageView&#8217;);\\u003C\/script>\\u003Cnoscript> \\u003Cimg height=\\&#8221;1\\&#8221; width=\\&#8221;1\\&#8221; src=\\&#8221;https:\/\/www.facebook.com\/tr?id=1346397800155390&#038;ev=PageView&#038;noscript=1\\&#8221;\/>\\u003C\/noscript>\\u003C!&#8211; End Facebook Pixel Code &#8211;>\\n\\n\\u003C!&#8211; alternativeAds &#8211;>\\n&#8221;,&#8221;html_mobile&#8221;:&#8221;\\u003Cmeta name=\\&#8221;profitshareid\\&#8221; content=\\&#8221;934cd37887433d585a2a227ef0576fcc\\&#8221; \/>\\n\\n\\n{{#unless context.ads_disabled}}\\n\\n{{#if context.content}}\\n\\u003Cscript type=\\&#8221;text\/plain\\&#8221; class=\\&#8221;optanon-category-C0004\\&#8221; src=\\&#8221;https:\/\/jsc.mgid.com\/site\/960965.js\\&#8221; async>\\u003C\/script>\\n\\n\\u003Cscript type=\\&#8221;text\/plain\\&#8221; class=\\&#8221;optanon-category-C0004\\&#8221;>\\n  (function () {\\n    if (document.location.pathname.indexOf(&#8222;https:\/\/adevarul.ro\/ghid-de-cumparaturi&#8221;) === 0) {\\n      return;\\n    }\\n\\n    const s = document.createElement(\\&#8221;script\\&#8221;);\\n    s.src = \\&#8221;https:\/\/srv.divee.ai\/storage\/v1\/object\/public\/sdk\/divee.sdk.latest.js\\&#8221;;\\n    s.setAttribute(\\&#8221;data-project-id\\&#8221;, \\&#8221;4428864e-2da6-4fef-a83c-c16c2dfe86d9\\&#8221;);\\n    s.async = true;\\n    document.head.appendChild(s);\\n  })();\\n\\u003C\/script>\\n\\n{{\/if}}\\n\\n\\u003Cscript>\\n  window.teads_analytics = window.teads_analytics || {};\\n  window.teads_analytics.analytics_tag_id = \\&#8221;PUB_26459\\&#8221;;\\n  window.teads_analytics.share = window.teads_analytics.share || function() {\\n    ;(window.teads_analytics.shared_data = window.teads_analytics.shared_data || []).push(arguments)\\n  };\\n\\u003C\/script>\\n\\u003Cscript type=\\&#8221;text\/plain\\&#8221; class=\\&#8221;optanon-category-C0004\\&#8221; src=\\&#8221;https:\/\/a.teads.tv\/analytics\/tag.js\\&#8221;>\\u003C\/script>\\n\\n{{#unless context.features.nolivesupply}}\\n\\u003Cscript async data-cfasync=\\&#8221;false\\&#8221; type=\\&#8221;text\/plain\\&#8221; class=\\&#8221;optanon-category-C0004\\&#8221; src=\\&#8221;https:\/\/live.demand.supply\/up.js\\&#8221;>\\u003C\/script>\\n{{\/unless}}\\n\\n\\u003Cscript type=\\&#8221;text\/plain\\&#8221; class=\\&#8221;optanon-category-C0004\\&#8221; src=\\&#8221;https:\/\/terrific.live\/terrific-sdk.js\\&#8221; storeid=\\&#8221;iN6X0VPTDIicsVPKX6p0\\&#8221;>\\u003C\/script>\\n\\n{{\/unless}}\\n\\u003Cstyle>\\n\\n.google-adposition:has(iframe) {\\n    background-image: none !important;\\n}\\n\\n.menu-fixed .menu .headContainer .google-auto-placed {\\n    display: none;\\n}\\n\\narticle header .title .google-auto-placed {\\n    display: none;\\n}\\n\\n#onetrust-banner-sdk #onetrust-accept-btn-handler {\\n        margin-bottom: 10px;\\n    }\\n\\n    #onetrust-banner-sdk #onetrust-reject-all-handler {\\n        visibility: hidden;\\n    }\\n\\u003C\/style>\\n&#8221;},&#8221;updated_at&#8221;:&#8221;2026-07-22T15:44:05.196Z&#8221;}},&#8221;last_changed&#8221;:&#8221;2026-09-03T10:35:14.431Z&#8221;,&#8221;page&#8221;:{&#8222;created_at&#8221;:&#8221;2026-09-01T11:41:23.049Z&#8221;,&#8221;created_by&#8221;:1,&#8221;custom_fields&#8221;:{},&#8221;domain&#8221;:&#8221;adevarul.ro&#8221;,&#8221;id&#8221;:99,&#8221;last_published_at&#8221;:&#8221;2026-09-01T11:41:24.572Z&#8221;,&#8221;name&#8221;:&#8221;Content layout (article)&#8221;,&#8221;published&#8221;:1,&#8221;s3_hash&#8221;:&#8221;a5e0764cf3bce051367545eab1538b4619e8ecb9&#8243;,&#8221;slug&#8221;:null,&#8221;title&#8221;:&#8221;Content layout&#8221;,&#8221;type&#8221;:&#8221;layout&#8221;,&#8221;updated_at&#8221;:&#8221;2022-07-21T08:27:20.732Z&#8221;,&#8221;version_id&#8221;:272},&#8221;path&#8221;:&#8221;\/politica\/ionut-pucheanu-invitat-la-interviurile-2553806.html&#8221;,&#8221;pathArray&#8221;:[&#8222;&#8221;,&#8221;politica&#8221;,&#8221;ionut-pucheanu-invitat-la-interviurile-2553806.html&#8221;],&#8221;type&#8221;:&#8221;content&#8221;,&#8221;url&#8221;:&#8221;https:\/\/adevarul.ro\/politica\/ionut-pucheanu-invitat-la-interviurile-2553806.html&#8221;,&#8221;features&#8221;:{},&#8221;query&#8221;:{},&#8221;domain_config&#8221;:{&#8222;MISC&#8221;:{&#8222;logo&#8221;:{&#8222;width&#8221;:320,&#8221;height&#8221;:50}},&#8221;SYSTEM_TAGS&#8221;:[&#8222;noads&#8221;,&#8221;nocomments&#8221;,&#8221;sex&#8221;,&#8221;advert&#8221;,&#8221;advertorial&#8221;,&#8221;video&#8221;,&#8221;galerie&#8221;,&#8221;live&#8221;,&#8221;foto&#8221;,&#8221;exclusiv&#8221;,&#8221;analiza&#8221;,&#8221;interviu&#8221;,&#8221;reportaj&#8221;,&#8221;breaking news&#8221;],&#8221;default&#8221;:{&#8222;lang&#8221;:&#8221;ro&#8221;,&#8221;domain&#8221;:&#8221;adevarul.ro&#8221;,&#8221;alternateDomain&#8221;:&#8221;adevarul-ro.adh.reperio.news&#8221;,&#8221;friendlyName&#8221;:&#8221;Adev\u0103rul&#8221;,&#8221;logoURL&#8221;:&#8221;https:\/\/adevarul.ro\/favicon-144-precomposed.png&#8221;}},&#8221;client&#8221;:{&#8222;is_mobile&#8221;:false}}<\/p>\n","protected":false},"excerpt":{"rendered":"Ionu\u021b Pucheanu, primarul municipiului Gala\u021bi, a declarat joi, 3 septembrie, la \u201eInterviurile Adev\u0103rul\u201d, c\u0103 PSD a\u0219teapt\u0103 o invita\u021bie&hellip;\n","protected":false},"author":2,"featured_media":286374,"comment_status":"","ping_status":"","sticky":false,"template":"","format":"standard","meta":{"footnotes":"","_share_on_mastodon":"0"},"categories":[5],"tags":[32,33,31,49580,36,37,60430,859,27,690,3346,37766,34,35,25,1124,1123,41,40,38,39,2008,26,28,29,30],"class_list":["post-286373","post","type-post","status-publish","format-standard","has-post-thumbnail","category-titluri","tag-breaking-news","tag-breakingnews","tag-cele-mai-populare-subiecte","tag-criza-politica-2026","tag-featured-news","tag-featurednews","tag-formare-guvern","tag-guvern","tag-headlines","tag-ilie-bolojan","tag-interviurile-adevarul","tag-ionut-pucheanu","tag-latest-news","tag-latestnews","tag-news","tag-pnl","tag-psd","tag-ro","tag-romana","tag-romania","tag-romanian","tag-sorin-grindeanu","tag-stiri","tag-titluri","tag-top-stories","tag-topstories"],"share_on_mastodon":{"url":"https:\/\/pubeurope.com\/@ro\/117206731554604215","error":""},"_links":{"self":[{"href":"https:\/\/www.europesays.com\/ro\/wp-json\/wp\/v2\/posts\/286373","targetHints":{"allow":["GET"]}}],"collection":[{"href":"https:\/\/www.europesays.com\/ro\/wp-json\/wp\/v2\/posts"}],"about":[{"href":"https:\/\/www.europesays.com\/ro\/wp-json\/wp\/v2\/types\/post"}],"author":[{"embeddable":true,"href":"https:\/\/www.europesays.com\/ro\/wp-json\/wp\/v2\/users\/2"}],"replies":[{"embeddable":true,"href":"https:\/\/www.europesays.com\/ro\/wp-json\/wp\/v2\/comments?post=286373"}],"version-history":[{"count":0,"href":"https:\/\/www.europesays.com\/ro\/wp-json\/wp\/v2\/posts\/286373\/revisions"}],"wp:featuredmedia":[{"embeddable":true,"href":"https:\/\/www.europesays.com\/ro\/wp-json\/wp\/v2\/media\/286374"}],"wp:attachment":[{"href":"https:\/\/www.europesays.com\/ro\/wp-json\/wp\/v2\/media?parent=286373"}],"wp:term":[{"taxonomy":"category","embeddable":true,"href":"https:\/\/www.europesays.com\/ro\/wp-json\/wp\/v2\/categories?post=286373"},{"taxonomy":"post_tag","embeddable":true,"href":"https:\/\/www.europesays.com\/ro\/wp-json\/wp\/v2\/tags?post=286373"}],"curies":[{"name":"wp","href":"https:\/\/api.w.org\/{rel}","templated":true}]}}