{"id":286451,"date":"2026-09-03T11:50:15","date_gmt":"2026-09-03T11:50:15","guid":{"rendered":"https:\/\/www.europesays.com\/ro\/286451\/"},"modified":"2026-09-03T11:50:15","modified_gmt":"2026-09-03T11:50:15","slug":"top-10-oferte-emag-din-3-09-26-xiaomi-17t-cu-512-gb-stocare-si-reducere-de-10-cel-mai-bun-laptop-pentru-elevi-si-studenti-la-inceput-de-2026-rucsac-incapator-si-ultra-rezistent-etc","status":"publish","type":"post","link":"https:\/\/www.europesays.com\/ro\/286451\/","title":{"rendered":"TOP 10: Oferte eMAG din 3.09.26 (Xiaomi 17T cu 512 GB stocare \u0219i reducere de 10%, cel mai bun laptop pentru elevi \u0219i studen\u021bi la \u00eenceput de 2026, rucsac \u00eenc\u0103p\u0103tor \u0219i ultra-rezistent etc)"},"content":{"rendered":"<p class=\"wp-block-paragraph\">Am f\u0103cut o list\u0103 cu 10 produse din oferta eMAG, iar multe dintre ele pot fi considerate a fi excelent integrate \u0219i \u00een campaniile de tipul Back to School, c\u0103 tot mai sunt c\u00e2teva zile p\u00e2n\u0103 la \u00eenceputul anului \u0219colar din mediul preuniversitar \u0219i la doar c\u00e2teva s\u0103pt\u0103m\u00e2ni distan\u021b\u0103 avem \u0219i deschiderea anului universitar la nivel na\u021bional. <\/p>\n<p class=\"wp-block-paragraph\">1. <a href=\"https:\/\/l.profitshare.ro\/l\/16441095\" rel=\"nofollow noopener\" target=\"_blank\">HUAWEI Watch Fit 5 Pro<\/a> \ud83d\uddb1\ufe0f<\/p>\n<p><img fetchpriority=\"high\" decoding=\"async\" width=\"1000\" height=\"1002\" src=\"https:\/\/www.europesays.com\/ro\/wp-content\/uploads\/2026\/09\/Huawei-Watch-Fit-5-Pro.jpg\" alt=\"\" class=\"wp-image-389179\"  \/>\ud83d\udd3a4.69 \/ 5\u2b50 din 42 de review-uri<\/p>\n<p class=\"wp-block-paragraph\"><a href=\"https:\/\/gadget.ro\/huawei-watch-fit-5-pro-review-evolutie-matura-in-segmentul-ceasurilor-inteligente-huawei-cu-ecran-rectangular\/\" rel=\"nofollow noopener\" target=\"_blank\">HUAWEI Watch Fit 5 Pro<\/a> a primit un review detaliat din partea colegului meu Darius, iar acolo \u00eei descoperi\u021bi toate punctele PRO \u0219i CONTRA \u00eentr-un material scris detaliat, dar \u0219i \u00eentr-un review video ce l-am urcat \u0219i \u00een articolul de fa\u021b\u0103. <\/p>\n<p class=\"wp-block-paragraph\">Acum ave\u021bi \u0219i op\u021biunea de pl\u0103\u021bi contactless NFC prin aplica\u021bia CURVE Pay. Bine\u00een\u021beles, nu uita\u021bi s\u0103-i activa\u021bi reducerea de 20% prin codul gadgets. <\/p>\n<p class=\"wp-block-paragraph\">\u00cel pute\u021bi folosi cu smartphone-urile ce ruleaz\u0103 iOS \u0219i Android, iar din punctul meu de vedere consider a fi un excelent companion pe partea de fitness \u0219i nu numai. <\/p>\n<p class=\"wp-block-paragraph\">2. <a href=\"https:\/\/l.profitshare.ro\/l\/16441109\" rel=\"nofollow noopener\" target=\"_blank\">MacBook Neo 13 cu procesor Apple A18 Pro, culoarea Indigo <\/a>\ud83d\uddb1\ufe0f<\/p>\n<p><img loading=\"lazy\" decoding=\"async\" width=\"1200\" height=\"809\" src=\"https:\/\/www.europesays.com\/ro\/wp-content\/uploads\/2026\/09\/MacBook-Neo-13-cu-procesor-Apple-A18-Pro-si-culoare-Indigo-1200x809.png\" alt=\"\" class=\"wp-image-389180\"  \/>\ud83d\udd3a5 \/ 5\u2b50 din 1 review<\/p>\n<p class=\"wp-block-paragraph\">Ave\u021bi specifica\u021biile detaliate pentru MacBook Neo \u00een r\u00e2ndurile urm\u0103toare: <\/p>\n<ul class=\"wp-block-list\">\n<li>display LED-backlit IPS de 13 inci cu reolu\u021bie de 2408 x 1506 pixeli, luminozitate de 500 nits;<\/li>\n<li>procesor Apple A18 Pro cu 6 nuclee la CPU \u2013 2 de performan\u021b\u0103 \u0219i 4 axate pe eficien\u021b\u0103 energetic\u0103, GPU cu 5 nuclee \u0219i Neural Engine de tip 16-core, l\u0103\u021bime de band\u0103 de 60 GB\/s;<\/li>\n<li>8 GB memorie unificat\u0103 \u0219i SSD de 256 sau 512 GB;<\/li>\n<li>1 x USB Type-C 3 \u0219i 1 x USB Type-C 2, jack de 3.5 mm (portul situat mai aproape de balama este cel ce permite \u0219i conectarea unui monitor extern cu rezolu\u021bie p\u00e2n\u0103 la 4K cu 60Hz);<\/li>\n<li>macOS;<\/li>\n<li>Wi-Fi 6E, bluetooth 6, difuzoare cu Dolby Atmos, camer\u0103 web 1080p FaceTime HD, red\u0103 audio \u00een formatele AAC, MP3, Apple Lossless, FLAC, Dolby Digital, Dolby Digital Plus, and Dolby Atmos;<\/li>\n<li>autonomie de p\u00e2n\u0103 la 16 ore \u00een streaming video \u0219i 11 ore \u00een browsing web, bateria de 36.5Wh se \u00eencarc\u0103 la 20W, iar \u00een pachet se afl\u0103 doar cablul USB Type-C cu lungimea de 1.5 metri;<\/li>\n<li>297.5 x 206.4 x 12.7 mm \u0219i 1.23 kg.<\/li>\n<\/ul>\n<p class=\"wp-block-paragraph\">Mi se pare a fi una dintre cele mai bune solu\u021bii pentru un elev de liceu sau student, mai ales dac\u0103 folose\u0219te \u0219i un iPhone, iar scopul principal al laptopului s\u0103u urmeaz\u0103 a fi web browsing, multimedia, editarea de documente. <\/p>\n<p class=\"wp-block-paragraph\">Principalul avantaj fa\u021b\u0103 de laptopurile cu Windows mi se pare a fi autonomia, iar ca element secundar a\u0219 nota interoperabilitatea cu iPhone, iPad etc. <\/p>\n<p class=\"wp-block-paragraph\">3. <a href=\"https:\/\/l.profitshare.ro\/l\/16441121\" rel=\"nofollow noopener\" target=\"_blank\">Mouse Logitech MX Master 4 <\/a>\ud83d\uddb1\ufe0f<\/p>\n<p><img loading=\"lazy\" decoding=\"async\" width=\"1199\" height=\"881\" src=\"https:\/\/www.europesays.com\/ro\/wp-content\/uploads\/2026\/09\/mouse-Logitech-MX-Master-4-1199x881.png\" alt=\"\" class=\"wp-image-389181\"  \/>\ud83d\udd3a4.60 \/ 5\u2b50 din 58 de review-uri<\/p>\n<p class=\"wp-block-paragraph\">Folosesc un Logitech MX Master 4 de c\u00e2teva luni bune \u0219i \u00eel recomand. Am venit de la MX Master 3 for Mac \u0219i MX Master 3S, iar MX Master 4 este o continuare a unei pove\u0219ti de succes \u00een domeniul de mou\u0219i ce pun accent pe ergonomie \u0219i utilizarea la birou. <\/p>\n<p class=\"wp-block-paragraph\">O prim\u0103 noutate important\u0103 este\u00a0feedback-ul haptic personalizabil. Sunt vibra\u021bii pentru partea de scroll, navigare \u0219i selec\u021bie. Logitech spune c\u0103 aceast\u0103 func\u021bie este util\u0103 \u00een editarea video, design grafic \u0219i analiz\u0103 a datelor.<\/p>\n<p class=\"wp-block-paragraph\">Actions Ring\u00a0este o interfa\u021b\u0103 suplimentar\u0103 ce poate fi activat\u0103 din Logi Options+. Aici po\u021bi seta shortcut-uri \u0219i comenzi personalizabile (atribuirea de comenzi \u00een Photoshop spre exemplu, automatizarea de ac\u021biuni \u00een Excel), \u0218i aici, compania elve\u021bian\u0103 afirm\u0103 c\u0103 po\u021bi economisi p\u00e2n\u0103 la 33% din timp \u0219i p\u00e2n\u0103 la 63% din mi\u0219c\u0103rile repetitive.<\/p>\n<p class=\"wp-block-paragraph\">Au inclus un cip mai performant, dar \u0219i o anten\u0103 ce ar oferi conectivitate cu p\u00e2n\u0103 de 2 ori mai puternic\u0103\u00a0fa\u021b\u0103 de modelele anterioare. Materialele din care au fabricat MX Master 4 sunt rezistente la pete \u0219i impurit\u0103\u021bi, iar designul s\u0103u ar fi u\u0219or de \u00eentre\u021binut.<\/p>\n<p class=\"wp-block-paragraph\">Au folosit plastic reciclat post-consum certificat \u00een propor\u021bie de 48%, scroller lateral din aluminiu ce ar avea amprent\u0103 redus\u0103 de carbon, iar bateria con\u021bine cobalt reciclat \u00een propor\u021bie de 100%. Ambalajul este realizat din h\u00e2rtie provenit\u0103 din surse responsabile certificate FSC (a trebuit s\u0103 fac un search s\u0103 v\u0103d la ce se refer\u0103 \u2013 FSC este acronim de la o organiza\u021bie numit\u0103 Forest Stewardship Council \u0219i ofer\u0103 certificate organiza\u021biilor ce respect\u0103 biodiversitatea, drepturile omului \u0219i ofer\u0103 suport pentru comunit\u0103\u021bile locale \u00een procesul de t\u0103iere al arborilor din p\u0103dure).<\/p>\n<p class=\"wp-block-paragraph\">4. <a href=\"https:\/\/l.profitshare.ro\/l\/16441129\" rel=\"nofollow noopener\" target=\"_blank\">Rucsac laptop EVERKI Atlas de 15.6 inci<\/a> \ud83d\uddb1\ufe0f<\/p>\n<p><img loading=\"lazy\" decoding=\"async\" width=\"1199\" height=\"995\" src=\"https:\/\/www.europesays.com\/ro\/wp-content\/uploads\/2026\/09\/rucsac-Everki-Atlas-15.6-inci-1199x995.png\" alt=\"\" class=\"wp-image-389182\"  \/>\ud83d\udd3a5 \/ 5\u2b50 din 7 review-uri<\/p>\n<p class=\"wp-block-paragraph\">Folosesc un rucsac EVERKI din 2026 \u0219i pot spune c\u0103 pe l\u00e2ng\u0103 multitudinea de spa\u021bii de depozitare, calitatea fabrica\u021biei etc a impresionat \u0219i prin\u2026, ideea de durabilitate. Zici c\u0103 este de-a dreptul indestructibil. Pl\u0103te\u0219ti pentru toate elementele men\u021bionate, iar un rucsac de genul \u00eel v\u0103d bun \u0219i la \u0219coal\u0103 sau facultate, pe l\u00e2ng\u0103 laptop \u00ee\u021bi aduci toate perifericele de care ai nevoie. <\/p>\n<p class=\"wp-block-paragraph\">5. <a href=\"https:\/\/l.profitshare.ro\/l\/16441137\" rel=\"nofollow noopener\" target=\"_blank\">Xiaomi 17T cu 12 GB RAM \u0219i 512 GB stocare<\/a> \ud83d\uddb1\ufe0f<\/p>\n<p><img loading=\"lazy\" decoding=\"async\" width=\"1010\" height=\"998\" src=\"https:\/\/www.europesays.com\/ro\/wp-content\/uploads\/2026\/09\/Xiaomi-17T-12-GB-RAM-si-512-GB-stocare-Woven-Strap-Ring-Stand.jpg\" alt=\"\" class=\"wp-image-389183\"\/><\/p>\n<p class=\"wp-block-paragraph\">L-am testat recent pe <a href=\"https:\/\/gadget.ro\/xiaomi-17t-review-upper-mid-range-ce-se-misca-excelent-pe-partea-software-si-cu-rezultate-notabile-la-camera-foto-si-video\/\" rel=\"nofollow noopener\" target=\"_blank\">Xiaomi 17T<\/a> \u0219i \u00eel recomand. Pur \u0219i simplu, impresioneaz\u0103 prin viteza cu care preia orice comand\u0103, prin c\u00e2t de sprinten este, dar \u0219i prin calitatea construc\u021biei, cum se descurc\u0103 la nivel de camer\u0103 foto \u0219i video etc. A\u0219 nota \u0219i partea de autonomie. <\/p>\n<p class=\"wp-block-paragraph\">Mergi la siguran\u021b\u0103 cu Xiaomi 17T \u0219i acum \u00eel ave\u021bi cu reducere de 10%, \u00een campania Multi-Deals (valabil\u0103 la momentul \u00een care acest articol este redactat). <\/p>\n<p class=\"wp-block-paragraph\">6. <a href=\"https:\/\/l.profitshare.ro\/l\/16441152\" rel=\"nofollow noopener\" target=\"_blank\">Multifunc\u021bional inkjet color cu sistem CISS Epson EcoTank L5590 <\/a>\u2013 nota 4.67 \/ 5 din 9 review-uri; <\/p>\n<p class=\"wp-block-paragraph\">7. <a href=\"https:\/\/l.profitshare.ro\/l\/16441156\" rel=\"nofollow noopener\" target=\"_blank\">Birou cu \u00een\u0103l\u021bime reglabil\u0103 \u0219i blat gri de 1380 x 750 mm<\/a> \u2013 nota 4.18 \/ 5 din 28 de review-uri sau pute\u021bi achizi\u021biona <a href=\"https:\/\/l.profitshare.ro\/l\/16441159\" rel=\"nofollow noopener\" target=\"_blank\">cadrul reglabil<\/a> \u0219i veni\u021bi cu un blat pe dimensiunile recomandate. <\/p>\n<p class=\"wp-block-paragraph\">8. <a href=\"https:\/\/l.profitshare.ro\/l\/16441158\" rel=\"nofollow noopener\" target=\"_blank\">Ascu\u021bitoare electric\u0103 dubl\u0103<\/a> \u2013 nota 4.14 \/ 5 din 64 de review-uri \u0219i reducere de 30%; <\/p>\n<p class=\"wp-block-paragraph\">9. <a href=\"https:\/\/l.profitshare.ro\/l\/16441165\" rel=\"nofollow noopener\" target=\"_blank\">Friteuz\u0103 Tefal Dual Easy Fry cu 7 programe \u0219i capacitate de 11 litri <\/a>\u2013 nota 4.73 \/ 5 din 85 de review-uri; <\/p>\n<p class=\"wp-block-paragraph\">10.  <a href=\"https:\/\/l.profitshare.ro\/l\/16441161\" rel=\"nofollow noopener\" target=\"_blank\">Harta interactiv\u0103 a lumii<\/a> \u2013 nota 4.65 \/ 5 din 501 review-uri \u0219i reducere de 10%. <\/p>\n<p class=\"wp-block-paragraph\">Acest articol con\u021bine linkuri de afiliere, iar comenzile plasate ne pot aduce un comision din valoarea f\u0103r\u0103 TVA a produsului comandat.<\/p>\n","protected":false},"excerpt":{"rendered":"Am f\u0103cut o list\u0103 cu 10 produse din oferta eMAG, iar multe dintre ele pot fi considerate a&hellip;\n","protected":false},"author":2,"featured_media":286452,"comment_status":"","ping_status":"","sticky":false,"template":"","format":"standard","meta":{"footnotes":"","_share_on_mastodon":"0"},"categories":[16],"tags":[2271,274,24871,78846,12098,7240,8348,78847,156,7684,158,5772,4578,9623,38456,4983,33292,78848,78849,41,40,38,39,46191,3651,141,124,169,36529],"class_list":["post-286451","post","type-post","status-publish","format-standard","has-post-thumbnail","category-tehnologie","tag-5g","tag-android","tag-birou","tag-birou-reglabil","tag-ciss","tag-dual-sim","tag-esim","tag-everki","tag-huawei","tag-imprimanta","tag-laptop","tag-logitech","tag-logitech-mx-master-4","tag-macbook","tag-macbook-neo","tag-mouse","tag-multifunctional","tag-mx-master-4","tag-ois","tag-ro","tag-romana","tag-romania","tag-romanian","tag-rucsac","tag-smartwatch","tag-technology","tag-tehnologie","tag-xiaomi","tag-xiaomi-17t"],"share_on_mastodon":{"url":"https:\/\/pubeurope.com\/@ro\/117206963260047918","error":""},"_links":{"self":[{"href":"https:\/\/www.europesays.com\/ro\/wp-json\/wp\/v2\/posts\/286451","targetHints":{"allow":["GET"]}}],"collection":[{"href":"https:\/\/www.europesays.com\/ro\/wp-json\/wp\/v2\/posts"}],"about":[{"href":"https:\/\/www.europesays.com\/ro\/wp-json\/wp\/v2\/types\/post"}],"author":[{"embeddable":true,"href":"https:\/\/www.europesays.com\/ro\/wp-json\/wp\/v2\/users\/2"}],"replies":[{"embeddable":true,"href":"https:\/\/www.europesays.com\/ro\/wp-json\/wp\/v2\/comments?post=286451"}],"version-history":[{"count":0,"href":"https:\/\/www.europesays.com\/ro\/wp-json\/wp\/v2\/posts\/286451\/revisions"}],"wp:featuredmedia":[{"embeddable":true,"href":"https:\/\/www.europesays.com\/ro\/wp-json\/wp\/v2\/media\/286452"}],"wp:attachment":[{"href":"https:\/\/www.europesays.com\/ro\/wp-json\/wp\/v2\/media?parent=286451"}],"wp:term":[{"taxonomy":"category","embeddable":true,"href":"https:\/\/www.europesays.com\/ro\/wp-json\/wp\/v2\/categories?post=286451"},{"taxonomy":"post_tag","embeddable":true,"href":"https:\/\/www.europesays.com\/ro\/wp-json\/wp\/v2\/tags?post=286451"}],"curies":[{"name":"wp","href":"https:\/\/api.w.org\/{rel}","templated":true}]}}