{"id":286577,"date":"2026-09-03T13:21:13","date_gmt":"2026-09-03T13:21:13","guid":{"rendered":"https:\/\/www.europesays.com\/ro\/286577\/"},"modified":"2026-09-03T13:21:13","modified_gmt":"2026-09-03T13:21:13","slug":"ifa-2026-noua-dji-osmo-360-ii-filmeaza-8k-la-60-fps-si-rezolva-una-dintre-cele-mai-enervante-probleme-ale-camerelor-360","status":"publish","type":"post","link":"https:\/\/www.europesays.com\/ro\/286577\/","title":{"rendered":"IFA 2026: Noua DJI Osmo 360 II filmeaz\u0103 8K la 60 fps \u0219i rezolv\u0103 una dintre cele mai enervante probleme ale camerelor 360"},"content":{"rendered":"<p>La IFA 2026, DJI vine cu genul de camer\u0103 care pare f\u0103cut\u0103 special pentru cei ce ur\u0103sc s\u0103 decid\u0103 pe loc \u00eencotro s\u0103 \u00eendrepte obiectivul. Noua Osmo 360 II filmeaz\u0103 panoramic la 8K \u0219i 60 fps, folose\u0219te un senzor HDR p\u0103trat de 1 inch \u0219i, poate cea mai practic\u0103 noutate, prime\u0219te lentile \u00eenlocuibile de utilizator. Pentru o camer\u0103 360, unde sticla bombat\u0103 st\u0103 mereu la un accident distan\u021b\u0103 de o zg\u00e2rietur\u0103, asta conteaz\u0103 mai mult dec\u00e2t pare.<\/p>\n<p class=\"photoGallery\"><a class=\"ui-action-gallery-overlay\" data-photo-gallery-id=\"15816\"><img class=\"articleGalleryPreviewImage\" src=\"https:\/\/www.europesays.com\/ro\/wp-content\/uploads\/2026\/09\/6a99658ea5d0a.jpg\" alt=\"DJI Osmo 360 II (galerie)\" width=\"720\" height=\"720\" loading=\"lazy\" decoding=\"async\"\/>DJI Osmo 360 II (galerie)<\/a><\/p>\n<p>Osmo 360 II vine dup\u0103 prima genera\u021bie pe care am urm\u0103rit-o deja pe Mobilissimo, inclusiv atunci c\u00e2nd <a href=\"https:\/\/www.mobilissimo.ro\/stiri-diverse\/dji-osmo-360-intra-in-jocul-camerelor-sferice-rival-direct-pentru-insta360-x5-dar-cu-o-abordare-diferita\" rel=\"nofollow noopener\" target=\"_blank\">DJI Osmo 360 a intrat oficial \u00een zona camerelor sferice<\/a>. La noul model, DJI folose\u0219te un senzor HDR p\u0103trat de 1 inch, solu\u021bie despre care spune c\u0103 utilizeaz\u0103 mai eficient suprafa\u021ba senzorului \u0219i ofer\u0103 14,5 stopuri de dynamic range. Filmarea panoramic\u0103 urc\u0103 acum la 8K\/60 fps, iar pixelii de 2,4 \u03bcm sunt g\u00e2ndi\u021bi s\u0103 ajute la cadrele \u00een mi\u0219care \u0219i \u00een lumin\u0103 mai slab\u0103.<\/p>\n<p>Pentru film\u0103rile nocturne apare AI SuperNight 2.0, cu reducere de zgomot asistat\u0103 de AI. Nu e singura zon\u0103 \u00een care DJI \u00eencearc\u0103 s\u0103 fac\u0103 via\u021ba mai simpl\u0103 creatorilor: camera are Spotlight Follow pentru urm\u0103rirea subiectului, conectare NFC cu aplica\u021bia DJI Mimo \u0219i suport OsmoAudio pentru legarea direct\u0103 a transmi\u021b\u0103toarelor DJI Mic.<\/p>\n<p>Lentilele pot fi schimbate dac\u0103 le zg\u00e2rii<\/p>\n<p>Aici mi se pare c\u0103 DJI a rezolvat una dintre cele mai enervante probleme ale camerelor 360. Cele dou\u0103 lentile sunt acoperite cu un film optic dur \u0219i, mai important, pot fi \u00eenlocuite de utilizator. Dac\u0103 love\u0219ti camera pe traseu sau una dintre lentile \u00eent\u00e2lne\u0219te o piatr\u0103, nu mai trebuie neap\u0103rat trimis \u00eentregul dispozitiv \u00een service.<\/p>\n<p style=\"text-align:center\"><a href=\"https:\/\/www.europesays.com\/ro\/wp-content\/uploads\/2026\/09\/7757f2c31c16151e851a7f73e3da0a95.jpg\" target=\"_blank\"><img decoding=\"async\" alt=\"\" src=\"https:\/\/www.europesays.com\/ro\/wp-content\/uploads\/2026\/09\/7757f2c31c16151e851a7f73e3da0a95.jpg\" style=\"height:600px; width:450px\"\/><\/a><\/p>\n<p>Nu este chiar o idee venit\u0103 de nic\u0103ieri. Am v\u0103zut \u0219i <a href=\"https:\/\/www.mobilissimo.ro\/stiri-diverse\/avem-drona-8k-dji-avata-360-debuteaza-oficial-cu-filmare-la-360-grade-cadre-de-120-mp\" rel=\"nofollow noopener\" target=\"_blank\">DJI Avata 360<\/a> miz\u00e2nd pe captur\u0103 8K la 360 de grade \u0219i obiective u\u0219or de \u00eenlocuit. Osmo 360 II aduce \u00eens\u0103 aceea\u0219i logic\u0103 \u00eentr-un corp de 183 de grame, mult mai potrivit pentru biciclet\u0103, motociclet\u0103, schi sau vlog.<\/p>\n<p>Camera are 105 GB de stocare utilizabil\u0103 intern, iar DJI promite p\u00e2n\u0103 la 100 de minute de filmare continu\u0103 8K\/30 fps. \u00cenc\u0103rcarea rapid\u0103 duce bateria la 80% \u00een aproximativ 22 de minute. Nu sun\u0103 r\u0103u deloc pentru o camer\u0103 care proceseaz\u0103 simultan imagine de la dou\u0103 obiective \u0219i apoi \u00ee\u021bi permite s\u0103 alegi \u00een montaj unde vrei s\u0103 fie \u201ecamera\u201d.<\/p>\n<p>\u0218i exact aici r\u0103m\u00e2ne farmecul formatului 360. Filmezi tot ce se \u00eent\u00e2mpl\u0103 \u00een jur, iar \u00een editare po\u021bi re\u00eencadra scena \u0219i decide ulterior ce merita urm\u0103rit. <a href=\"https:\/\/www.mobilissimo.ro\/stiri-diverse\/dji-anunta-prima-sa-camera-de-actiune-cu-filmare-la-360-de-grade-osmo-360-poate-livra-captura-8k-50pfs\" rel=\"nofollow noopener\" target=\"_blank\">Prima Osmo 360<\/a> ajungea deja la 8K, dar genera\u021bia a doua cre\u0219te frame rate-ul \u0219i atac\u0103 direct dou\u0103 puncte sensibile: filmarea nocturn\u0103 \u0219i fragilitatea lentilelor.<\/p>\n<p style=\"text-align:center\">\n<p>DJI prezint\u0103 Osmo 360 II la IFA 2026, \u00een Berlin, unde camera \u00ee\u0219i face debutul european. Pentru pia\u021ba american\u0103, disponibilitatea nu este \u00eenc\u0103 stabilit\u0103, fiind necesare aprob\u0103ri de reglementare. \u00cen Europa, Osmo 360 II intr\u0103 \u00een scen\u0103 ca noul v\u00e2rf al gamei 360 DJI, cu 8K\/60 fps \u0219i lentile pe care, \u00een sf\u00e2r\u0219it, le po\u021bi schimba singur dac\u0103 aventura se termin\u0103 cu camera pe jos.<\/p>\n<p>Pre\u021b \u0219i disponibilitate<\/p>\n<p>Pe eMAG apar deja la precomand\u0103 trei pachete DJI Osmo 360 II, cu pre\u021buri diferite \u00een func\u021bie de accesoriile incluse:<\/p>\n<ul>\n<li>DJI Osmo 360 II Adventure Combo\u00a0&#8211;\u00a0<a href=\"https:\/\/www.bf.ro\/go\/NW43fwhh\" rel=\"nofollow noopener noreferrer\" target=\"_blank\">3.999 lei<\/a><\/li>\n<li>DJI Osmo 360 II Limitless Riding Combo\u00a0&#8211;\u00a0<a href=\"https:\/\/www.bf.ro\/go\/42DOY96u\" rel=\"nofollow noopener noreferrer\" target=\"_blank\">3.299 lei<\/a><\/li>\n<li>DJI Osmo 360 II Standard Combo\u00a0&#8211;\u00a0<a href=\"https:\/\/www.bf.ro\/go\/HL8vWfby\" rel=\"nofollow noopener noreferrer\" target=\"_blank\">3.199 lei<\/a><\/li>\n<\/ul>\n<p>Diferen\u021ba de pre\u021b vine din pachetul de accesorii. Standard Combo este varianta de baz\u0103, Limitless Riding Combo adaug\u0103 accesorii pentru montarea camerei \u00een scenarii precum bicicleta sau motocicleta, iar Adventure Combo este cel mai bogat pachet dintre cele trei, cu selfie stick \u0219i mai multe accesorii incluse. Toate cele trei variante sunt afi\u0219ate \u00een acest moment ca precomand\u0103 pe <a href=\"https:\/\/l.profitshare.ro\/lps\/9\/yvc\/?redirect=https%3A%2F%2Fwww.emag.ro%2Fsearch%2FDJI%2BOsmo%2B360%2BII%2Fsort-iddesc&amp;hash=mobilissimo\" rel=\"nofollow noopener noreferrer\" target=\"_blank\">eMAG<\/a>.<\/p>\n","protected":false},"excerpt":{"rendered":"La IFA 2026, DJI vine cu genul de camer\u0103 care pare f\u0103cut\u0103 special pentru cei ce ur\u0103sc s\u0103&hellip;\n","protected":false},"author":2,"featured_media":286578,"comment_status":"","ping_status":"","sticky":false,"template":"","format":"standard","meta":{"footnotes":"","_share_on_mastodon":"0"},"categories":[16],"tags":[3394,78903,70660,235,70610,152,46004,68356,16214,72710,3076,41,40,38,39,141,124],"class_list":["post-286577","post","type-post","status-publish","format-standard","has-post-thumbnail","category-tehnologie","tag-accesorii","tag-ai-supernight-2-0","tag-camera-360","tag-dji","tag-dji-osmo-360-ii","tag-emag","tag-filmare-8k","tag-ifa-2026","tag-insta360","tag-osmo-360","tag-precomanda","tag-ro","tag-romana","tag-romania","tag-romanian","tag-technology","tag-tehnologie"],"share_on_mastodon":{"url":"https:\/\/pubeurope.com\/@ro\/117207321274898038","error":""},"_links":{"self":[{"href":"https:\/\/www.europesays.com\/ro\/wp-json\/wp\/v2\/posts\/286577","targetHints":{"allow":["GET"]}}],"collection":[{"href":"https:\/\/www.europesays.com\/ro\/wp-json\/wp\/v2\/posts"}],"about":[{"href":"https:\/\/www.europesays.com\/ro\/wp-json\/wp\/v2\/types\/post"}],"author":[{"embeddable":true,"href":"https:\/\/www.europesays.com\/ro\/wp-json\/wp\/v2\/users\/2"}],"replies":[{"embeddable":true,"href":"https:\/\/www.europesays.com\/ro\/wp-json\/wp\/v2\/comments?post=286577"}],"version-history":[{"count":0,"href":"https:\/\/www.europesays.com\/ro\/wp-json\/wp\/v2\/posts\/286577\/revisions"}],"wp:featuredmedia":[{"embeddable":true,"href":"https:\/\/www.europesays.com\/ro\/wp-json\/wp\/v2\/media\/286578"}],"wp:attachment":[{"href":"https:\/\/www.europesays.com\/ro\/wp-json\/wp\/v2\/media?parent=286577"}],"wp:term":[{"taxonomy":"category","embeddable":true,"href":"https:\/\/www.europesays.com\/ro\/wp-json\/wp\/v2\/categories?post=286577"},{"taxonomy":"post_tag","embeddable":true,"href":"https:\/\/www.europesays.com\/ro\/wp-json\/wp\/v2\/tags?post=286577"}],"curies":[{"name":"wp","href":"https:\/\/api.w.org\/{rel}","templated":true}]}}