{"id":286613,"date":"2026-09-03T13:46:11","date_gmt":"2026-09-03T13:46:11","guid":{"rendered":"https:\/\/www.europesays.com\/ro\/286613\/"},"modified":"2026-09-03T13:46:11","modified_gmt":"2026-09-03T13:46:11","slug":"in-ce-conditii-poti-iesi-la-pensie-fara-penalizare-la-doar-60-de-ani-cati-ani-esti-obligat-sa-muncesti-newsweek-romania","status":"publish","type":"post","link":"https:\/\/www.europesays.com\/ro\/286613\/","title":{"rendered":"\u00cen ce condi\u021bii po\u021bi ie\u0219i la pensie f\u0103r\u0103 penalizare la doar 60 de ani? C\u00e2\u021bi ani e\u0219ti obligat s\u0103 munce\u0219ti? \u2022 Newsweek Rom\u00e2nia"},"content":{"rendered":"<p>\n                    Pensionarii care au stagiul complet realizat de 35 de ani se pot pensiona fie la limit\u0103 de v\u00e2rst\u0103, fie anticipat. C\u00e2\u021bi ani e\u0219ti obligat s\u0103 munce\u0219ti?\n                <\/p>\n<p>\u00cen Rom\u00e2nia, pentru a ie\u0219i la pensie la limit\u0103 de v\u00e2rst\u0103, trebuie s\u0103 ai 65 de ani ca b\u0103rbat \u0219i 62 de ani \u0219i 7 luni dac\u0103 e\u0219ti femeie.\u00a0<\/p>\n<p>Cite\u0219te \u0219i:\u00a0<a href=\"https:\/\/newsweek.ro\/social\/pensionar-cu-pensie-dupa-40-de-ani-de-munca-sunt-socat-ce-salariu-a-avut-cum-se-face-calculul\" target=\"_blank\" rel=\"noopener nofollow\">Pensionar cu 3.000 lei pensie dup\u0103 40 de ani de munc\u0103. \u201eSunt \u0219ocat!\u201d Ce salariu a avut? Cum se face calculul?<\/a><\/p>\n<p>\u00cen cazul femeilor v\u00e2rsta standard de pensionare cre\u0219te treptat p\u00e2n\u0103 va ajunge la 65 de ani \u00een anul 2035.\u00a0<\/p>\n<p>Cite\u0219te \u0219i:\u00a0<a href=\"https:\/\/newsweek.ro\/social\/casa-de-pensii-anunta-mai-multe-beneficii-pentru-pensionari-economisesti-timp-si-bani\" target=\"_blank\" rel=\"noopener nofollow\">Casa de Pensii anun\u021b\u0103 mai multe beneficii pentru pensionari. Economise\u0219ti timp \u0219i bani!<\/a><\/p>\n<p>Tot \u00een Rom\u00e2nia, stagiul complet de cotizare este de 35 de ani (ani \u00een care ai pl\u0103tit contribu\u021bii la asigur\u0103rile sociale). Dup\u0103 atingerea acestui stagiu complet de cotizare se poate ie\u0219i la pensie &#8211; cu sau f\u0103r\u0103 penalizare.<\/p>\n<p>\u00cen ce condi\u021bii po\u021bi ie\u0219i la pensie f\u0103r\u0103 penalizare la doar 60 de ani? C\u00e2\u021bi ani e\u0219ti obligat s\u0103 munce\u0219ti?<\/p>\n<p>Viitorii pensionari trebuie s\u0103 \u0219tie c\u0103, \u00een anumite condi\u021bii, pot ie\u0219i la pensie cu 5 ani mai devreme f\u0103r\u0103 penalizare &#8211; b\u0103rba\u021bii la 60 de ani \u0219i femeile la 58 de ani.<\/p>\n<p>Cite\u0219te \u0219i:\u00a0<a href=\"https:\/\/newsweek.ro\/social\/ce-pensie-iei-daca-ai-muncit-doar-pe-salariul-minim-pe-economie-cu-ce-bani-ramai-la-batranete\" target=\"_blank\" rel=\"noopener nofollow\">Ce pensie iei dac\u0103 ai muncit doar pe salariul minim pe economie? Cu ce bani r\u0103m\u00e2i la b\u0103tr\u00e2ne\u021be<\/a><\/p>\n<p>Condi\u021bia pentru a ie\u0219i la pensie mai devreme \u0219i f\u0103r\u0103 penalizare este dep\u0103\u0219irea stagiului complet de cotizare contributiv de 35 de ani cu cel pu\u021bin 5 ani.<\/p>\n<p>La dep\u0103\u0219irea stagiului de cotizare cu 5 ani se pot include at\u00e2t perioade contributive, c\u00e2t \u0219i anumite perioade asimilate sau necontributive recunoscute de lege.<\/p>\n<p>Spre exemplu, un pensionar care are deja 35 de ani stagiu contributiv poate s\u0103 mai adauge 4 ani de studii universitare \u0219i unul de armat\u0103 (considerate perioade asimilate). Astfel poate ajunge la un stagiu de 40 de ani. \u00cen aceste condi\u021bii se poate pensiona cu 5 ani mai devreme.\u00a0<\/p>\n<p>Sau, \u00een cazul unei femei care are deja un stagiul de cotizare mai mare &#8211; s\u0103 spunem de 38 de ani, dac\u0103 mai adun\u0103 2 ani \u00een care a fost \u00een concediu maternal, se poate pensiona cu 5 ani mai devreme.<\/p>\n<p><img decoding=\"async\" src=\"https:\/\/www.europesays.com\/ro\/wp-content\/uploads\/2026\/09\/aHR0cHM6Ly9uZXdzd2Vlay5yby9zdG9yYWdlL211bHRpbWVkaWEvMjAyNi8wOS9HV01hZ2oxZnA5N04yb25ZUVJiOHJjZ0o5aHRs.webp\" alt=\"Pensionar\u0103 - Foto: Magnific\"\/>&#13;<br \/>\nPensionar\u0103 &#8211; Foto: Magnific&#13;<\/p>\n<p>Care sunt perioadele asimilate?<\/p>\n<p>Perioadele asimilate sunt perioade \u00een care o persoan\u0103 NU a contribuit, dar care conteaz\u0103 la vechimea la pensie.<\/p>\n<p>Potrivit\u00a0<a class=\"H23r4e\" href=\"https:\/\/www.cnpp.ro\/precizari-referitoare-la-perioadele-asimilate-si-perioadele-necontributive\/\" target=\"_blank\" rel=\"noopener nofollow\" data-ved=\"2ahUKEwjc_YaOodKWAxUAOBAIHdjYHA4Qy_kOegoIAggACAAIDBAB\" data-hveid=\"CAIIAAgACAwQAQ\" data-copy-service-computed-style=\"font-family: &quot;Google Sans&quot;, Arial, sans-serif; font-size: 16px; font-weight: 500; margin: 0px; text-decoration: underline 1px rgb(26, 13, 171); border-bottom: 0px rgb(26, 13, 171);\">Casei Na\u021bionale de Pensii Publice (CNPP)<\/a>, perioadele asimilate includ studiile universitare de zi (finalizate cu diplom\u0103), stagiul militar sau situa\u021biile de mobilizare \/ prizonierat, concediile medicale pentru incapacitate temporar\u0103 de munc\u0103, maternitate sau cele cauzate de accidente de munc\u0103 \/ boli profesionale \u00een anumite intervale temporare, precum \u0219i concediul pentru cre\u0219terea copilului.\u00a0<\/p>\n<p>CONCLUZIE Cine are stagiul complet de cotizare de 35 de ani contributiv \u0219i a mai acumulat \u00eenc\u0103 5 ani de stagiu, indiferent c\u0103 vorbim de perioade asimilate sau contributive, se poate pensiona pentru limit\u0103 de v\u00e2rst\u0103 cu maxim 5 ani \u00eenaintea \u00eemplinirii v\u00e2rstei standard.<\/p>\n<p>Cum te po\u021bi pensiona cu penalizare?<\/p>\n<p>Cine nu are cei 5 ani suplimentari peste cei 35 de ani, se poate pensiona cu penalizare.\u00a0<\/p>\n<p>Dac\u0103 ai realizat un stagiu de 35-36 de ani, procentul de diminuare este de 0,40%\u00a0<\/p>\n<p>Dac\u0103 ai realizat un stagiu de 36-37 de ani, procentul de diminuare este de 0,35%\u00a0<\/p>\n<p>Dac\u0103 ai realizat un stagiu de 37-38 de ani, procentul de diminuare este de 0,30%<\/p>\n<p>Dac\u0103 ai realizat un stagiu de 38-39 de ani, procentul de diminuare este de 0,25%\u00a0<\/p>\n<p>Dac\u0103 ai realizat un stagiu de 39-40 de ani, procentul de diminuare este de 0,20% . Detalii <a href=\"https:\/\/www.cjpbn.ro\/pensii\/pensia-anticipata\/\" target=\"_blank\" rel=\"noopener nofollow\">AICI<\/a><\/p>\n<p>Statul \u00ee\u021bi interzice s\u0103 munce\u0219ti \u00een perioada \u00een care e\u0219ti la pensie cu penalizare.\u00a0<\/p>\n","protected":false},"excerpt":{"rendered":"Pensionarii care au stagiul complet realizat de 35 de ani se pot pensiona fie la limit\u0103 de v\u00e2rst\u0103,&hellip;\n","protected":false},"author":2,"featured_media":286614,"comment_status":"","ping_status":"","sticky":false,"template":"","format":"standard","meta":{"footnotes":"","_share_on_mastodon":"0"},"categories":[5],"tags":[36650,78919,32,33,31,23470,23469,36,37,27,34,35,25,904,47688,45129,1378,16520,41,40,38,39,26,28,29,30],"class_list":["post-286613","post","type-post","status-publish","format-standard","has-post-thumbnail","category-titluri","tag-adevarul-a","tag-asa-de-pensii","tag-breaking-news","tag-breakingnews","tag-cele-mai-populare-subiecte","tag-digi24a","tag-eveniment","tag-featured-news","tag-featurednews","tag-headlines","tag-latest-news","tag-latestnews","tag-news","tag-pensie","tag-pensie-anticipata","tag-pensie-limita-varsta","tag-pensii","tag-pensionar","tag-ro","tag-romana","tag-romania","tag-romanian","tag-stiri","tag-titluri","tag-top-stories","tag-topstories"],"share_on_mastodon":{"url":"https:\/\/pubeurope.com\/@ro\/117207419448767077","error":""},"_links":{"self":[{"href":"https:\/\/www.europesays.com\/ro\/wp-json\/wp\/v2\/posts\/286613","targetHints":{"allow":["GET"]}}],"collection":[{"href":"https:\/\/www.europesays.com\/ro\/wp-json\/wp\/v2\/posts"}],"about":[{"href":"https:\/\/www.europesays.com\/ro\/wp-json\/wp\/v2\/types\/post"}],"author":[{"embeddable":true,"href":"https:\/\/www.europesays.com\/ro\/wp-json\/wp\/v2\/users\/2"}],"replies":[{"embeddable":true,"href":"https:\/\/www.europesays.com\/ro\/wp-json\/wp\/v2\/comments?post=286613"}],"version-history":[{"count":0,"href":"https:\/\/www.europesays.com\/ro\/wp-json\/wp\/v2\/posts\/286613\/revisions"}],"wp:featuredmedia":[{"embeddable":true,"href":"https:\/\/www.europesays.com\/ro\/wp-json\/wp\/v2\/media\/286614"}],"wp:attachment":[{"href":"https:\/\/www.europesays.com\/ro\/wp-json\/wp\/v2\/media?parent=286613"}],"wp:term":[{"taxonomy":"category","embeddable":true,"href":"https:\/\/www.europesays.com\/ro\/wp-json\/wp\/v2\/categories?post=286613"},{"taxonomy":"post_tag","embeddable":true,"href":"https:\/\/www.europesays.com\/ro\/wp-json\/wp\/v2\/tags?post=286613"}],"curies":[{"name":"wp","href":"https:\/\/api.w.org\/{rel}","templated":true}]}}