{"id":286615,"date":"2026-09-03T13:47:11","date_gmt":"2026-09-03T13:47:11","guid":{"rendered":"https:\/\/www.europesays.com\/ro\/286615\/"},"modified":"2026-09-03T13:47:11","modified_gmt":"2026-09-03T13:47:11","slug":"anuntul-venit-din-italia-dupa-ce-daniel-birligea-a-fost-pentru-prima-data-titular-la-frosinone","status":"publish","type":"post","link":"https:\/\/www.europesays.com\/ro\/286615\/","title":{"rendered":"Anun\u021bul venit din Italia, dup\u0103 ce Daniel B\u00eerligea a fost pentru prima dat\u0103 titular la Frosinone"},"content":{"rendered":"\n<ul class=\"bullets\">\n<li>\n<p>Cupa Rom\u00e2niei: Poli Timi\u0219oara &#8211; Rapid, joi, 20:30, DGS 1<\/p>\n<\/li>\n<li>\n<p>Cupa Rom\u00e2niei: Bac\u0103u &#8211; Universitatea Craiova, joi, 17:30, DGS 1<\/p>\n<\/li>\n<\/ul>\n<p>Echipa lui B\u00eerligea a pierdut calificarea la loviturile de departajare, scor 3-4 (1-1). Nota ob\u021binut\u0103 de interna\u021bionalul rom\u00e2n\u00a0<a href=\"https:\/\/www.digisport.ro\/fotbal\/serie-a\/daniel-birligea-gol-anulat-la-debutul-ca-titular-pentru-frosinone-nota-primita-4463793\" target=\"_blank\" rel=\"noopener nofollow\" data-skip-linkfix=\"1\">a fost 6,2<\/a>, dup\u0103 cele 63 de minute jucate.<\/p>\n<p>Daniel B\u00eerligea, anun\u021bat rezerv\u0103 \u00een Frosinone &#8211; Venezia\u00a0<\/p>\n<p>Daniel B\u00eerligea a fost folosit timp de 63 de minute, dup\u0103 care s-a v\u0103zut \u00eenlocuit cu Bobcek. \u00cen minutul 56, atacantul a avut un gol anulat din cauza unui ofsaid, iar italienii au tras imediat concluziile.<\/p>\n<p>Totu\u0219i, italienii i-au dat \u00eenc\u0103 o veste proast\u0103 lui Daniel B\u00eerligea, dup\u0103 eliminarea din Cup\u0103.<\/p>\n<p>Concret, cei de la <a href=\"https:\/\/www.gazzetta.it\/\" target=\"_blank\" rel=\"noopener nofollow\" data-skip-linkfix=\"1\">Gazzetta dello Sport<\/a> anun\u021b\u0103 c\u0103 atacantul adus de la FCSB va \u00eencepe, cel mai probabil, de pe banc\u0103 duelul cu Venezia din etapa a treia din Serie A.<\/p>\n<ul>\n<li>\u00a0Meciul se joac\u0103 duminic\u0103, 6 septembrie, de la ora 16:00, care va putea fi urm\u0103rit \u00een direct la\u00a0Digi Sport 4, dar \u0219i pe site-ul\u00a0digisport.ro\u00a0\u0219i \u00een\u00a0<a href=\"https:\/\/www.digisport.ro\/app\" target=\"_blank\" rel=\"noopener nofollow\" data-skip-linkfix=\"1\">aplica\u021bia Digi Sport<\/a>, de c\u0103tre abona\u021bii Digi Rom\u00e2nia.<\/li>\n<\/ul>\n<p>\u201dSe preconizeaz\u0103 c\u0103 Alvini va r\u0103m\u00e2ne la forma\u021bia 4-3-3. Birligea, care a intrat pe teren \u00een ultimele minute, este preg\u0103tit s\u0103 joace din start, dar probabil va \u00eencepe meciul pe banca de rezerve\u201d,\u00a0a anun\u021bat cotidianul roz.\u00a0<\/p>\n<p>\u00cen locul lui B\u00eerligea \u00een primul 11 al celor de la Frosinone ar urma s\u0103 joace Raimondo, cel care a marcat o \u201ddubl\u0103\u201d etapa trecut\u0103 \u00een <a href=\"https:\/\/www.digisport.ro\/fotbal\/serie-a\/fiorentina-frosinone-live-video-1930-dgs-2-dragusin-vs-birligea-juventus-parma-2145-live-video-dgs-3-4456533\" target=\"_blank\" rel=\"noopener nofollow\" data-skip-linkfix=\"1\">victoria categoric\u0103 cu Fiorentina, scor 3-0.<\/a><\/p>\n<p>Video rezumat Fiorentina &#8211; Frosinone 0-3VIDEO rezumat Fiorentina &#8211; Frosinone 0-3, etapa 2, Serie A<\/p>\n<ul>\n<li>\u00cen schimbul atacantului, FCSB va \u00eencasa 1,5 milioane de euro pentru \u00eemprumut \u0219i alte 3,5 milioane de euro \u00een cazul unui transfer definitiv.<\/li>\n<\/ul>\n<p>Daniel B\u00eerligea a avut un gol anulat pentru Frosinone \u00een Cupa Italiei<\/p>\n<p>Lansat perpendicular pe poart\u0103 de o manier\u0103 excelent\u0103, deoarece nici nu a avut nevoie de preluare, atacantul a \u0219utat puternic pe jos, la col\u021bul scurt, \u0219i l-a \u00eenvins pe Turati.<\/p>\n<p>Din nefericire pentru Daniel B\u00eerligea \u0219i echipa sa, s-a aflat \u00een pozi\u021bie \u00een afara jocului \u00een momentul \u00een care colegul \u00eei d\u0103duse pasa, astfel c\u0103 tabela a r\u0103mas cu 1-1.<\/p>\n<p>Galerie Foto<\/p>\n<ul>\n<li>\u00cen schimbul atacantului, FCSB va \u00eencasa 1,5 milioane de euro pentru \u00eemprumut \u0219i alte 3,5 milioane de euro \u00een cazul unui transfer definitiv.<\/li>\n<\/ul>\n<p>  Etichete:  <a href=\"https:\/\/www.digisport.ro\/eticheta\/italia\" rel=\"nofollow noopener\" target=\"_blank\">italia<\/a> , <a href=\"https:\/\/www.digisport.ro\/eticheta\/serie-a\" rel=\"nofollow noopener\" target=\"_blank\">serie a<\/a> , <a href=\"https:\/\/www.digisport.ro\/eticheta\/frosinone\" rel=\"nofollow noopener\" target=\"_blank\">frosinone<\/a> , <a href=\"https:\/\/www.digisport.ro\/eticheta\/daniel-birligea\" rel=\"nofollow noopener\" target=\"_blank\">daniel birligea<\/a> , <a href=\"https:\/\/www.digisport.ro\/eticheta\/frosinone-sassuolo\" rel=\"nofollow noopener\" target=\"_blank\">frosinone sassuolo<\/a>   <\/p>\n<p>Urm\u0103re\u0219te \u0219tirile digisport.ro \u0219i pe <a href=\"https:\/\/news.google.com\/publications\/CAAiENr1L9HFNMG5hpp5zTfVtpsqFAgKIhDa9S_RxTTBuYaaec031bab?ceid=RO:ro&amp;oc=3\" target=\"_blank\" rel=\"external nofollow noopener\">Google News<\/a><\/p>\n<p>   Noua Aplica\u0163ie Digi Sport poate fi desc\u0103rcat\u0103 din   <\/p>\n","protected":false},"excerpt":{"rendered":"Cupa Rom\u00e2niei: Poli Timi\u0219oara &#8211; Rapid, joi, 20:30, DGS 1 Cupa Rom\u00e2niei: Bac\u0103u &#8211; Universitatea Craiova, joi, 17:30,&hellip;\n","protected":false},"author":2,"featured_media":286616,"comment_status":"","ping_status":"","sticky":false,"template":"","format":"standard","meta":{"footnotes":"","_share_on_mastodon":"0"},"categories":[20],"tags":[1581,49907,78920,112,41,40,38,39,393,185,184],"class_list":["post-286615","post","type-post","status-publish","format-standard","has-post-thumbnail","category-sport","tag-daniel-birligea","tag-frosinone","tag-frosinone-sassuolo","tag-italia","tag-ro","tag-romana","tag-romania","tag-romanian","tag-serie-a","tag-sport","tag-sports"],"share_on_mastodon":{"url":"https:\/\/pubeurope.com\/@ro\/117207422882179753","error":""},"_links":{"self":[{"href":"https:\/\/www.europesays.com\/ro\/wp-json\/wp\/v2\/posts\/286615","targetHints":{"allow":["GET"]}}],"collection":[{"href":"https:\/\/www.europesays.com\/ro\/wp-json\/wp\/v2\/posts"}],"about":[{"href":"https:\/\/www.europesays.com\/ro\/wp-json\/wp\/v2\/types\/post"}],"author":[{"embeddable":true,"href":"https:\/\/www.europesays.com\/ro\/wp-json\/wp\/v2\/users\/2"}],"replies":[{"embeddable":true,"href":"https:\/\/www.europesays.com\/ro\/wp-json\/wp\/v2\/comments?post=286615"}],"version-history":[{"count":0,"href":"https:\/\/www.europesays.com\/ro\/wp-json\/wp\/v2\/posts\/286615\/revisions"}],"wp:featuredmedia":[{"embeddable":true,"href":"https:\/\/www.europesays.com\/ro\/wp-json\/wp\/v2\/media\/286616"}],"wp:attachment":[{"href":"https:\/\/www.europesays.com\/ro\/wp-json\/wp\/v2\/media?parent=286615"}],"wp:term":[{"taxonomy":"category","embeddable":true,"href":"https:\/\/www.europesays.com\/ro\/wp-json\/wp\/v2\/categories?post=286615"},{"taxonomy":"post_tag","embeddable":true,"href":"https:\/\/www.europesays.com\/ro\/wp-json\/wp\/v2\/tags?post=286615"}],"curies":[{"name":"wp","href":"https:\/\/api.w.org\/{rel}","templated":true}]}}