{"id":286623,"date":"2026-09-03T13:53:11","date_gmt":"2026-09-03T13:53:11","guid":{"rendered":"https:\/\/www.europesays.com\/ro\/286623\/"},"modified":"2026-09-03T13:53:11","modified_gmt":"2026-09-03T13:53:11","slug":"aryna-sabalenka-schimb-dur-de-replici-cu-un-jurnalist-ce-fel-de-intrebare-e-asta-gandeste-inainte-sa-vorbesti","status":"publish","type":"post","link":"https:\/\/www.europesays.com\/ro\/286623\/","title":{"rendered":"Aryna Sabalenka, schimb dur de replici cu un jurnalist: \u201eCe fel de \u00eentrebare e asta?! G\u00e2nde\u0219te \u00eenainte s\u0103 vorbe\u0219ti\u201d"},"content":{"rendered":"<ul class=\"bullets\">&#13;<\/p>\n<li>Aryna Sabalenka (28 de ani, #1 WTA) a avut un schimb tensionat de replici cu un jurnalist la conferin\u021ba de pres\u0103 de dup\u0103 victoria cu Polina Iatcenko (22 de ani, #160 WTA), scor 6-1, 6-1, din turul secund al US Open.<\/li>\n<p>&#13;\n<\/ul>\n<p><a id=\"google-source-button\" class=\"google-favorite\" target=\"_blank\" href=\"https:\/\/www.google.com\/preferences\/source?q=golazo.ro\" rel=\"nofollow noopener\"><\/p>\n<p>        <img loading=\"lazy\" decoding=\"async\" src=\"https:\/\/golazo.ro\/images\/google-logo.svg\" alt=\"\" width=\"24\" height=\"24\"\/><br \/>\n        <img loading=\"lazy\" decoding=\"async\" src=\"https:\/\/golazo.ro\/images\/check-icon-2.svg\" alt=\"\" width=\"24\" height=\"24\"\/><\/p>\n<p>    Adaug\u0103 GOLAZO.ro la favorite<\/p>\n<p><\/a><\/p>\n<p class=\"\">Dubla campioan\u0103 en-titre de la Flushing Meadows s-a calificat f\u0103r\u0103 emo\u021bii \u00een turul al treilea, dup\u0103 un meci care a durat doar 53 de minute.<\/p>\n<p>Aryna Sabalenka, schimb dur de replici cu un jurnalist: \u201eE\u0219ti o glum\u0103\u201d<\/p>\n<p class=\"\">Sabalenka a avut parte de un meci f\u0103r\u0103 probleme cu Iatcenko.<\/p>\n<p class=\"\">Liderul WTA a cedat doar dou\u0103 game-uri, a reu\u0219it 24 de lovituri c\u00e2\u0219tig\u0103toare \u0219i a transformat \u0219ase dintre cele opt mingi de break.<\/p>\n<p class=\"\">Momentul tensionat a ap\u0103rut c\u00e2nd un jurnalist a \u00eentrebat-o cum se simte dup\u0103 \u00eenceperea turneului, f\u0103c\u00e2nd referire la \u201epetrecerile \u0219i distrac\u021bia\u201d din s\u0103pt\u0103m\u00e2na precedent\u0103.<\/p>\n<p class=\"question\">&#13;<br \/>\nJurnalist: Cum te sim\u021bi acum c\u0103 a \u00eenceput turneul? S\u0103pt\u0103m\u00e2na trecut\u0103 au fost multe petreceri, distrac\u021bie \u0219i tot felul de evenimente\u2026&#13;\n<\/p>\n<p class=\"answer\">&#13;<br \/>\nAryna Sabalenka: Voi sunte\u021bi o glum\u0103. Petreceri? Distrac\u021bie? De ce ai spune a\u0219a ceva? De ce te-ai g\u00e2ndi la asta? Ce fel de \u00eentrebare este asta? Doar pentru c\u0103 am postat c\u00e2teva activit\u0103\u021bi cu branduri crezi c\u0103 am fost la petreceri?&#13;\n<\/p>\n<p class=\"question\">&#13;<br \/>\nJurnalist: Nu sugerez c\u0103 ai fost la petreceri. Spun doar c\u0103 sunt multe evenimente \u0219i multe lucruri de f\u0103cut. Nu spun c\u0103 tu mergi la petreceri.&#13;\n<\/p>\n<p class=\"answer\">&#13;<br \/>\nAryna Sabalenka: Asta ai spus, literalmente!&#13;\n<\/p>\n<p class=\"question\">&#13;<br \/>\nJurnalist: Poftim? Ca s\u0103 fie clar pentru toat\u0103 lumea, nu sugerez c\u0103 Aryna se distreaz\u0103 la petreceri. Spun doar c\u0103 are multe apari\u021bii publice \u0219i multe lucruri de f\u0103cut.&#13;\n<\/p>\n<p class=\"answer\">&#13;<br \/>\nAryna Sabalenka: Mhm. Bine.&#13;\n<\/p>\n<p class=\"question\">&#13;<br \/>\nJurnalist: Acum c\u0103 a \u00eenceput turneul, sim\u021bi c\u0103 devii mai serioas\u0103 \u0219i mai combativ\u0103?&#13;\n<\/p>\n<p class=\"answer\">&#13;<br \/>\nAryna Sabalenka: Ah, da, \u00eenainte nu eram serioas\u0103. Urm\u0103toarea \u00eentrebare. G\u00e2nde\u0219te \u00eenainte s\u0103 vorbe\u0219ti.&#13;\n<\/p>\n<blockquote class=\"twitter-tweet\" data-media-max-width=\"560\">\n<p lang=\"en\" dir=\"ltr\">Aryna Sabalenka was not happy with a question she received during her U.S. Open press conference, \u2018Think before you say stuff\u2019<\/p>\n<p>\u201cHow are you finding your mood now that the tournament has started? Obviously last week it\u2019s lots of parties and fun and stuff like that..\u201d<\/p>\n<p>Aryna: \u201cYou\u2026 <a href=\"https:\/\/t.co\/CPZvShRbSI\" rel=\"nofollow\">pic.twitter.com\/CPZvShRbSI<\/a><\/p>\n<p>\u2014 The Tennis Letter (@TheTennisLetter) <a href=\"https:\/\/x.com\/TheTennisLetter\/status\/2095340295361802342?ref_src=twsrc%5Etfw\" rel=\"nofollow\">September 3, 2026<\/a><\/p><\/blockquote>\n<p class=\"\">Sabalenka \u00eencearc\u0103 s\u0103 c\u00e2\u0219tige US Open pentru al treilea an la r\u00e2nd.<\/p>\n<p class=\"\">Dac\u0103 va reu\u0219i, va intra \u00eentr-un grup select. Serena Williams a c\u00e2\u0219tigat trei edi\u021bii consecutive \u00eentre 2012 \u0219i 2014, iar Chris Evert a triumfat de patru ori la r\u00e2nd, \u00eentre 1975 \u0219i 1978.<\/p>\n<p class=\"\">Sabalenka ar deveni prima juc\u0103toare din afara Statelor Unite care reu\u0219e\u0219te trei titluri consecutive la US Open.<\/p>\n<p class=\"\">\u00cen turul al treilea, Sabalenka o va \u00eent\u00e2lni pe Kamilla Rakhimova, pe 4 septembrie, conform <a target=\"_blank\" href=\"https:\/\/www.usopen.org\/en_US\/news\/articles\/2026-09-02\/aryna_sabalenka_dominates_in_2026_us_open_second_round.html\" rel=\"nofollow noopener\">usopen.org. <\/a><\/p>\n<p>Cite\u0219te \u0219i<\/p>\n<p>VIDEO: cele mai noi imagini din sport<\/p>\n<p><script async src=\"https:\/\/platform.twitter.com\/widgets.js\" charset=\"utf-8\"><\/script><\/p>\n","protected":false},"excerpt":{"rendered":"&#13; Aryna Sabalenka (28 de ani, #1 WTA) a avut un schimb tensionat de replici cu un jurnalist&hellip;\n","protected":false},"author":2,"featured_media":286624,"comment_status":"","ping_status":"","sticky":false,"template":"","format":"standard","meta":{"footnotes":"","_share_on_mastodon":"0"},"categories":[5],"tags":[5040,32,33,31,36,37,27,34,35,25,78737,41,40,38,39,26,28,29,30,20952,2458],"class_list":["post-286623","post","type-post","status-publish","format-standard","has-post-thumbnail","category-titluri","tag-aryna-sabalenka","tag-breaking-news","tag-breakingnews","tag-cele-mai-populare-subiecte","tag-featured-news","tag-featurednews","tag-headlines","tag-latest-news","tag-latestnews","tag-news","tag-polina-iatcenko","tag-ro","tag-romana","tag-romania","tag-romanian","tag-stiri","tag-titluri","tag-top-stories","tag-topstories","tag-us-open","tag-wta"],"share_on_mastodon":{"url":"https:\/\/pubeurope.com\/@ro\/117207447446435658","error":""},"_links":{"self":[{"href":"https:\/\/www.europesays.com\/ro\/wp-json\/wp\/v2\/posts\/286623","targetHints":{"allow":["GET"]}}],"collection":[{"href":"https:\/\/www.europesays.com\/ro\/wp-json\/wp\/v2\/posts"}],"about":[{"href":"https:\/\/www.europesays.com\/ro\/wp-json\/wp\/v2\/types\/post"}],"author":[{"embeddable":true,"href":"https:\/\/www.europesays.com\/ro\/wp-json\/wp\/v2\/users\/2"}],"replies":[{"embeddable":true,"href":"https:\/\/www.europesays.com\/ro\/wp-json\/wp\/v2\/comments?post=286623"}],"version-history":[{"count":0,"href":"https:\/\/www.europesays.com\/ro\/wp-json\/wp\/v2\/posts\/286623\/revisions"}],"wp:featuredmedia":[{"embeddable":true,"href":"https:\/\/www.europesays.com\/ro\/wp-json\/wp\/v2\/media\/286624"}],"wp:attachment":[{"href":"https:\/\/www.europesays.com\/ro\/wp-json\/wp\/v2\/media?parent=286623"}],"wp:term":[{"taxonomy":"category","embeddable":true,"href":"https:\/\/www.europesays.com\/ro\/wp-json\/wp\/v2\/categories?post=286623"},{"taxonomy":"post_tag","embeddable":true,"href":"https:\/\/www.europesays.com\/ro\/wp-json\/wp\/v2\/tags?post=286623"}],"curies":[{"name":"wp","href":"https:\/\/api.w.org\/{rel}","templated":true}]}}