{"id":286651,"date":"2026-09-03T14:10:17","date_gmt":"2026-09-03T14:10:17","guid":{"rendered":"https:\/\/www.europesays.com\/ro\/286651\/"},"modified":"2026-09-03T14:10:17","modified_gmt":"2026-09-03T14:10:17","slug":"ifa-2026-acer-a-anuntat-vero-16-v16-i71-un-laptop-orientat-spre-sustenabilitate-si-posibilitati-extinse-de-reparare","status":"publish","type":"post","link":"https:\/\/www.europesays.com\/ro\/286651\/","title":{"rendered":"IFA 2026: Acer a anun\u021bat Vero 16 (V16-I71), un laptop orientat spre sustenabilitate \u0219i posibilit\u0103\u021bi extinse de reparare"},"content":{"rendered":"<p class=\"wp-block-paragraph\">Acer a anun\u021bat \u00een cadrul IFA Berlin 2026 noul Vero 16 (V16-I71 \/ V16-I71T), un laptop din categoria Copilot+ PC ce pune accent pe utilizarea materialelor reciclate \u0219i pe un design conceput pentru a facilita interven\u021biile de service \u0219i upgrade-ul de componente.<\/p>\n<p class=\"wp-block-paragraph\">Spre deosebire de genera\u021biile anterioare, noul laptop introduce o serie de elemente constructive menite s\u0103 prelungeasc\u0103 durata de via\u021b\u0103 a dispozitivului. Capacul inferior dispune de un sistem de deschidere simplificat care permite accesul facil, f\u0103r\u0103 unelte, la baterie \u0219i la unitatea SSD pentru \u00eenlocuire. Balamaua exterioar\u0103 este demontabil\u0103, iar porturile I\/O de pe laturi au capace deta\u0219abile pentru a simplifica repara\u021biile. <\/p>\n<p><img fetchpriority=\"high\" decoding=\"async\" width=\"1000\" height=\"750\" src=\"https:\/\/www.europesays.com\/ro\/wp-content\/uploads\/2026\/09\/Acer-Vero-16-2026-3.jpg\" alt=\"Acer Vero 16 2026 \" class=\"wp-image-389156\"  \/><\/p>\n<p class=\"wp-block-paragraph\">De asemenea, carcasa are gravate instruc\u021biuni vizuale directe pentru a ghida procesul de dezasamblare, iar produc\u0103torul men\u021bioneaz\u0103 c\u0103 platforma este proiectat\u0103 s\u0103 accepte actualiz\u0103ri de procesor pentru cel pu\u021bin dou\u0103 genera\u021bii.<\/p>\n<p class=\"wp-block-paragraph\">\u00cen ceea ce prive\u0219te construc\u021bia, capacul superior \u0219i zona de sprijin pentru palme sunt realizate dintr-un aliaj ce combin\u0103 50% aluminiu reciclat postindustrial \u0219i 50% aluminiu cu amprent\u0103 redus\u0103 de carbon. Capacul inferior con\u021bine 60% plastic reciclat post-consum, iar rama ecranului folose\u0219te 30% plastic reciclat. Dispozitivul respect\u0103 standardul de durabilitate MIL-STD-810H \u0219i utilizeaz\u0103 un finisaj cu vopsea tip pulbere aplicat\u0103 f\u0103r\u0103 solven\u021bi.<\/p>\n<p><img loading=\"lazy\" decoding=\"async\" width=\"1000\" height=\"562\" src=\"https:\/\/www.europesays.com\/ro\/wp-content\/uploads\/2026\/09\/Acer-Vero-16-2026-2.jpg\" alt=\"Acer Vero 16 2026 \" class=\"wp-image-389157\"  \/><\/p>\n<p class=\"wp-block-paragraph\">Din punct de vedere al specifica\u021biilor, Acer Vero 16 poate fi echipat cu procesoare p\u00e2n\u0103 la Intel Core Ultra X9 388H (cu op\u021biuni ce includ \u0219i versiunile Core Ultra 7 sau Core Ultra 5), oferind o performan\u021b\u0103 de procesare AI de p\u00e2n\u0103 la 180 TOPS la nivelul \u00eentregii platforme. Partea grafic\u0103 este asigurat\u0103 de solu\u021biile Intel Arc B390 sau Intel Graphics, iar sistemul accept\u0103 p\u00e2n\u0103 la 32 GB de memorie RAM LPDDR5X \u0219i stocare pe SSD PCIe Gen 4 NVMe de p\u00e2n\u0103 la 512 GB.<\/p>\n<p class=\"wp-block-paragraph\">Ecranul OLED de 16 inch este disponibil \u00een variante WQXGA+ 3K (rezolu\u021bie 2880 x 1800 pixeli, rat\u0103 de re\u00eemprosp\u0103tare de 120 Hz, acoperire 100% din spa\u021biul de culoare DCI-P3 \u0219i luminozitate maxim\u0103 de 500 ni\u021bi \u00een mod HDR) sau WUXGA (1920 x 1200 pixeli, 60 Hz, cu op\u021biune de ecran tactil).<\/p>\n<p class=\"wp-block-paragraph\">La capitolul conectivitate, laptopul ofer\u0103 suport pentru Intel Wi-Fi 7, Bluetooth 5.4 \u0219i pune la dispozi\u021bie dou\u0103 porturi Thunderbolt 4, un port USB 3.2 Gen 2 Type-A, un port USB 3.2 Gen 1 Type-A, o ie\u0219ire HDMI 2.1, un cititor de carduri SD \u0219i muf\u0103 audio combo de 3.5 mm. Echiparea include o camer\u0103 IR de 5 MP cu obturator fizic de confiden\u021bialitate, difuzoare stereo cu procesare DTS Virtual:X \u0219i o baterie de 71 Wh cu \u00eenc\u0103rcare rapid\u0103. Dispozitivul c\u00e2nt\u0103re\u0219te 1.56 kg \u0219i are o grosime cuprins\u0103 \u00eentre 11 \u0219i 15.9 mm.<\/p>\n<p><img loading=\"lazy\" decoding=\"async\" width=\"1000\" height=\"562\" src=\"https:\/\/www.europesays.com\/ro\/wp-content\/uploads\/2026\/09\/Acer-Vero-16-2026-4.jpg\" alt=\"Acer Vero 16 2026\" class=\"wp-image-389158\"  \/><\/p>\n<p class=\"wp-block-paragraph\">Acer Vero 16 va fi disponibil \u00een regiunea EMEA \u00een primul trimestru al anului 2027, urm\u00e2nd ca pre\u021burile \u0219i configura\u021biile exacte s\u0103 fie detaliate mai aproape de momentul lans\u0103rii.<\/p>\n","protected":false},"excerpt":{"rendered":"Acer a anun\u021bat \u00een cadrul IFA Berlin 2026 noul Vero 16 (V16-I71 \/ V16-I71T), un laptop din categoria&hellip;\n","protected":false},"author":2,"featured_media":286652,"comment_status":"","ping_status":"","sticky":false,"template":"","format":"standard","meta":{"footnotes":"","_share_on_mastodon":"0"},"categories":[16],"tags":[6341,78931,78932,51340,68356,520,41,40,38,39,141,124,78933],"class_list":["post-286651","post","type-post","status-publish","format-standard","has-post-thumbnail","category-tehnologie","tag-acer","tag-acer-aspire-vero","tag-acer-vero","tag-ifa","tag-ifa-2026","tag-lansare","tag-ro","tag-romana","tag-romania","tag-romanian","tag-technology","tag-tehnologie","tag-vero"],"share_on_mastodon":{"url":"https:\/\/pubeurope.com\/@ro\/117207514061878842","error":""},"_links":{"self":[{"href":"https:\/\/www.europesays.com\/ro\/wp-json\/wp\/v2\/posts\/286651","targetHints":{"allow":["GET"]}}],"collection":[{"href":"https:\/\/www.europesays.com\/ro\/wp-json\/wp\/v2\/posts"}],"about":[{"href":"https:\/\/www.europesays.com\/ro\/wp-json\/wp\/v2\/types\/post"}],"author":[{"embeddable":true,"href":"https:\/\/www.europesays.com\/ro\/wp-json\/wp\/v2\/users\/2"}],"replies":[{"embeddable":true,"href":"https:\/\/www.europesays.com\/ro\/wp-json\/wp\/v2\/comments?post=286651"}],"version-history":[{"count":0,"href":"https:\/\/www.europesays.com\/ro\/wp-json\/wp\/v2\/posts\/286651\/revisions"}],"wp:featuredmedia":[{"embeddable":true,"href":"https:\/\/www.europesays.com\/ro\/wp-json\/wp\/v2\/media\/286652"}],"wp:attachment":[{"href":"https:\/\/www.europesays.com\/ro\/wp-json\/wp\/v2\/media?parent=286651"}],"wp:term":[{"taxonomy":"category","embeddable":true,"href":"https:\/\/www.europesays.com\/ro\/wp-json\/wp\/v2\/categories?post=286651"},{"taxonomy":"post_tag","embeddable":true,"href":"https:\/\/www.europesays.com\/ro\/wp-json\/wp\/v2\/tags?post=286651"}],"curies":[{"name":"wp","href":"https:\/\/api.w.org\/{rel}","templated":true}]}}