{"id":286673,"date":"2026-09-03T14:22:14","date_gmt":"2026-09-03T14:22:14","guid":{"rendered":"https:\/\/www.europesays.com\/ro\/286673\/"},"modified":"2026-09-03T14:22:14","modified_gmt":"2026-09-03T14:22:14","slug":"primarul-nu-vrea-echipe-din-israel-echipa-lui-darius-olaru-trebuie-sa-gaseasca-un-alt-oras-pentru-meciul-din-europa-league","status":"publish","type":"post","link":"https:\/\/www.europesays.com\/ro\/286673\/","title":{"rendered":"Primarul nu vrea echipe din Israel. Echipa lui Darius Olaru trebuie s\u0103 g\u0103seasc\u0103 un alt ora\u0219 pentru meciul din Europa League"},"content":{"rendered":"<ul class=\"bullets\">&#13;<\/p>\n<li>Mohamed Ridouani, primarul din ora\u0219ul belgian Leuven, a interzis desf\u0103\u0219urarea \u00een ora\u0219 a meciului dintre Union Saint-Gilloise \u0219i echipa israelian\u0103 Hapoel Beer Sheva, invoc\u00e2nd motive de securitate.<\/li>\n<p>&#13;<br \/>\n&#13;<\/p>\n<li>Partida din faza principal\u0103 a Europa League este programat\u0103 pe 22 octombrie, de la 19:45 (ora Rom\u00e2niei).<\/li>\n<p>&#13;\n<\/ul>\n<p><a id=\"google-source-button\" class=\"google-favorite\" target=\"_blank\" href=\"https:\/\/www.google.com\/preferences\/source?q=golazo.ro\" rel=\"nofollow noopener\"><\/p>\n<p>        <img loading=\"lazy\" decoding=\"async\" src=\"https:\/\/golazo.ro\/images\/google-logo.svg\" alt=\"\" width=\"24\" height=\"24\"\/><br \/>\n        <img loading=\"lazy\" decoding=\"async\" src=\"https:\/\/golazo.ro\/images\/check-icon-2.svg\" alt=\"\" width=\"24\" height=\"24\"\/><\/p>\n<p>    Adaug\u0103 GOLAZO.ro la favorite<\/p>\n<p><\/a><\/p>\n<p class=\"\">Union, echip\u0103 la care este legitimat rom\u00e2nul Darius Olaru, \u00ee\u0219i joac\u0103 meciurile europene de acas\u0103 pe alte stadioane, deoarece propriul stadion \u201eJoseph Marien\u201d nu \u00eendepline\u0219te standardele UEFA.<\/p>\n<p>Primarul interzice disputarea meciului Union Saint-Gilloise &#8211; Hapoel Beer Sheva \u00een Leuven<\/p>\n<p class=\"\">Ridouani a afirmat c\u0103 decizia nu e motivat\u0103 de opozi\u021bia fa\u021b\u0103 de Israel sau de antisemitism, ci de \u00eengrijor\u0103rile legate de siguran\u021ba public\u0103 \u0219i de posibilitatea unor proteste legate de r\u0103zboiul din Gaza.<\/p>\n<p class=\"\">\u201eUnion este o echip\u0103 bun\u0103 \u0219i este binevenit\u0103 la Leuven pentru meciurile sale europene. Pe de alt\u0103 parte, sunt consecvent \u00een ceea ce prive\u0219te meciurile \u00eempotriva echipelor israeliene.<\/p>\n<p class=\"\">\u00cen trecut, am refuzat deja ca \u00abFl\u0103c\u0103rile Ro\u0219ii\u00bb (n.r. &#8211; echipa na\u021bional\u0103 feminin\u0103 a Belgiei) s\u0103 joace \u00eempotriva Israelului la Leuven, iar atunci au fost nevoite s\u0103 se deplaseze \u00een Ungaria.<\/p>\n<p class=\"\">Din motive de siguran\u021b\u0103 public\u0103, am informat deja autorit\u0103\u021bile competente, prin intermediul clubului OH Leuven, care \u00eenchiriaz\u0103 stadionul, c\u0103 meciul dintre Union \u0219i Hapoel Beer Sheva nu poate avea loc pe stadionul OHL, nici m\u0103car cu por\u021bile \u00eenchise.<\/p>\n<p class=\"\">\u00cen acest din urm\u0103 caz, exist\u0103 totu\u0219i riscul ca suporterii s\u0103 vin\u0103 \u00een ora\u0219ul nostru, ceea ce ar putea duce la \u0219i mai multe tulbur\u0103ri\u201d, a declarat primarul Ridouani \u00een cadrul \u0219edin\u021bei Consiliului Local din Leuven, potrivit <a target=\"_blank\" href=\"https:\/\/www.hln.be\/union\/union-moet-eenmalig-op-zoek-naar-een-nieuw-stadion-leuvens-burgemeester-verbiedt-europa-league-match-tegen-israelische-ploeg-in-zijn-stad~a8b7ab56\/?referrer=https%3A%2F%2Fwww.reddit.com%2F\" rel=\"nofollow noopener\">hln.be<\/a>.<\/p>\n<p class=\"\">Hapoel Beer Sheva disput\u0103 meciurile considerate pe teren propriu <a target=\"_blank\" href=\"https:\/\/golazo.ro\/hapoel-beer-sheva-giulesti-juventus-program-europa-league-184779\" rel=\"nofollow noopener\">pe stadionul Giule\u0219ti din Bucure\u0219ti<\/a>, din cauza conflictului militar cu Iran.<\/p>\n<ul class=\"\">&#13;<\/p>\n<li>Union Saint-Gilloise va putea disputa celelalte meciuri din Europa League pe stadionul Den Dreef din Leuven. Se va mai duela cu Celtic (15 octombrie), Real Sociedad (26 noiembrie) \u0219i Lech Poznan (28 ianuarie).<\/li>\n<p>&#13;\n<\/ul>\n<p>\u201eDac\u0103 va fi nevoie de asisten\u021b\u0103, Israelul ar fi bucuros s\u0103 o ofere\u201d<\/p>\n<p class=\"\">\u00cenc\u0103 nu este clar unde va avea avea loc meciul de la finalul lunii octombrie. Union Saint-Gilloise a reac\u021bionat:<\/p>\n<p class=\"\">\u201eAm luat act de decizia ora\u0219ului Leuven de a interzice meciul nostru \u00eempotriva echipei Hapoel Beer Sheva din Europa League.<\/p>\n<p class=\"\">Suntem \u00een discu\u021bii cu toate autorit\u0103\u021bile implicate pentru a g\u0103si o solu\u021bie. Imediat ce vor ap\u0103rea nout\u0103\u021bi, ne vom informa suporterii\u201d, se arat\u0103 \u00een comunicatul echipei din Belgia.<\/p>\n<blockquote class=\"quote\"><p>\n    Avem \u00eencredere deplin\u0103 \u00een autorit\u0103\u021bile belgiene \u0219i \u00een capacitatea lor de a asigura desf\u0103\u0219urarea unui meci de fotbal \u00een condi\u021bii de siguran\u021b\u0103 \u0219i securitate, \u00cen cazul \u00een care va fi nevoie de asisten\u021b\u0103, Israelul ar fi bucuros s\u0103 o ofere. Ambasada Israelului la Bruxelles\n<\/p><\/blockquote>\n<p class=\"\">Pe l\u00e2ng\u0103 Leuven, echipa din Bruxelles a jucat anterior pe stadionul King Baudouin, pe stadionul \u201eConstant Vanden Stock\u201d al lui Anderlecht \u0219i, recent, la Oostende, \u00een turul 3 preliminar al Ligii Campionilor, \u00eempotriva lui Bodo\/Glimt.<\/p>\n<p>Cite\u0219te \u0219i<\/p>\n<p>VIDEO: cele mai noi imagini din sport<\/p>\n","protected":false},"excerpt":{"rendered":"&#13; Mohamed Ridouani, primarul din ora\u0219ul belgian Leuven, a interzis desf\u0103\u0219urarea \u00een ora\u0219 a meciului dintre Union Saint-Gilloise&hellip;\n","protected":false},"author":2,"featured_media":286674,"comment_status":"","ping_status":"","sticky":false,"template":"","format":"standard","meta":{"footnotes":"","_share_on_mastodon":"0"},"categories":[20],"tags":[6529,401,71427,75,78937,41,40,38,39,185,184,11697],"class_list":["post-286673","post","type-post","status-publish","format-standard","has-post-thumbnail","category-sport","tag-darius-olaru","tag-europa-league","tag-hapoel-beer-sheva","tag-israel","tag-leuven","tag-ro","tag-romana","tag-romania","tag-romanian","tag-sport","tag-sports","tag-union-saint-gilloise"],"share_on_mastodon":{"url":"https:\/\/pubeurope.com\/@ro\/117207561167905343","error":""},"_links":{"self":[{"href":"https:\/\/www.europesays.com\/ro\/wp-json\/wp\/v2\/posts\/286673","targetHints":{"allow":["GET"]}}],"collection":[{"href":"https:\/\/www.europesays.com\/ro\/wp-json\/wp\/v2\/posts"}],"about":[{"href":"https:\/\/www.europesays.com\/ro\/wp-json\/wp\/v2\/types\/post"}],"author":[{"embeddable":true,"href":"https:\/\/www.europesays.com\/ro\/wp-json\/wp\/v2\/users\/2"}],"replies":[{"embeddable":true,"href":"https:\/\/www.europesays.com\/ro\/wp-json\/wp\/v2\/comments?post=286673"}],"version-history":[{"count":0,"href":"https:\/\/www.europesays.com\/ro\/wp-json\/wp\/v2\/posts\/286673\/revisions"}],"wp:featuredmedia":[{"embeddable":true,"href":"https:\/\/www.europesays.com\/ro\/wp-json\/wp\/v2\/media\/286674"}],"wp:attachment":[{"href":"https:\/\/www.europesays.com\/ro\/wp-json\/wp\/v2\/media?parent=286673"}],"wp:term":[{"taxonomy":"category","embeddable":true,"href":"https:\/\/www.europesays.com\/ro\/wp-json\/wp\/v2\/categories?post=286673"},{"taxonomy":"post_tag","embeddable":true,"href":"https:\/\/www.europesays.com\/ro\/wp-json\/wp\/v2\/tags?post=286673"}],"curies":[{"name":"wp","href":"https:\/\/api.w.org\/{rel}","templated":true}]}}