{"id":286693,"date":"2026-09-03T14:36:09","date_gmt":"2026-09-03T14:36:09","guid":{"rendered":"https:\/\/www.europesays.com\/ro\/286693\/"},"modified":"2026-09-03T14:36:09","modified_gmt":"2026-09-03T14:36:09","slug":"jose-mourinho-a-pus-mana-pe-telefon-si-i-a-spus-ca-nu-mai-are-viitor-la-real-madrid-decizie-pe-loc-out","status":"publish","type":"post","link":"https:\/\/www.europesays.com\/ro\/286693\/","title":{"rendered":"Jose Mourinho a pus m\u00e2na pe telefon \u0219i i-a spus c\u0103 nu mai are viitor la Real Madrid! Decizie pe loc: OUT"},"content":{"rendered":"\n<ul class=\"bullets\">\n<li>\n<p>Cupa Rom\u00e2niei: Poli Timi\u0219oara &#8211; Rapid, joi, 20:30, DGS 1<\/p>\n<\/li>\n<li>\n<p>Cupa Rom\u00e2niei: Bac\u0103u &#8211; Universitatea Craiova, joi, 17:30, DGS 1<\/p>\n<\/li>\n<\/ul>\n<p>Mijloca\u0219ul spaniol mai avea un an de contract cu \u201dGalacticii\u201d, dar a fost de acord cu \u00eencheierea prematur\u0103 a \u00een\u021belegerii. La conferin\u021ba de pres\u0103 premerg\u0103toare meciului direct cu Betis, Jose Mourinho a \u0219i povestit cum s-a \u00eent\u00e2mplat acest lucru.<\/p>\n<ul>\n<li>Betis &#8211; Real Madrid se joac\u0103 vineri, 4 septembrie, de la ora 22:00, \u00een etapa a patra din La Liga. Disputa se va vedea pe Digi Sport 2, dar \u0219i pe site-ul digisport.ro \u00een format live video \u0219i text.<\/li>\n<\/ul>\n<p>Jose Mourinho i-a spus la telefon lui Ceballos c\u0103 nu se bazeaz\u0103 pe el, iar mijloca\u0219ul a decis imediat s\u0103 plece de la Real Madrid<\/p>\n<p>\u201dCeballos? Am vorbit cu el trei minute la telefon, c\u00e2nd am ajuns prima dat\u0103 aici. I-am spus c\u0103 nu face parte din planurile mele. De multe ori, juc\u0103torii \u00ee\u0219i respect\u0103 contractele p\u00e2n\u0103 la cap\u0103t \u0219i spun &#8216;nu, vreau s\u0103 r\u0103m\u00e2n&#8217;, dar Ceballos mi-a spus: &#8216;Dac\u0103 nu fac parte din planurile tale, atunci a\u0219 prefera s\u0103 fiu liber s\u0103-mi decid viitorul&#8217;. A\u0219a c\u0103 a fost de acord s\u0103 \u00ee\u0219i rezilieze contractul\u201d, a declarat Mourinho, conform <a href=\"https:\/\/x.com\/theMadridZone\/status\/2095424781029872096\" target=\"_blank\" rel=\"noopener nofollow\" data-skip-linkfix=\"1\">presei din Spania.<\/a><\/p>\n<p>Av\u00e2nd \u00een vedere c\u0103 Ceballos nu a efectuat preg\u0103tirea din var\u0103 cu niciun club \u0219i s-a antrenat singur timp de trei luni de zile, este de a\u0219teptat s\u0103 mai dureze o perioad\u0103 de timp p\u00e2n\u0103 c\u00e2nd va fi disponibil pentru Manuel Pellegrini, antrenorul care a fost principal \u0219i la Real Madrid \u00een sezonul 2009\/2010. A fost \u00eenlocuit apoi chiar de Jose Mourinho!<\/p>\n<p>Totu\u0219i, Dani Ceballos <a href=\"https:\/\/www.digisport.ro\/fotbal\/la-liga\/dani-ceballos-vrea-acasa-dar-multi-il-acuza-de-tradare-4335995\" target=\"_blank\" rel=\"noopener nofollow\" data-skip-linkfix=\"1\">\u0219i-a dorit din tot sufletul s\u0103 se \u00eentoarc\u0103 la Betis<\/a>, astfel c\u0103 este extrem de \u00eenc\u00e2ntat c\u0103 mutarea s-a realizat \u0219i a revenit la clubul din Sevilla, de unde plecase la Real Madrid \u00een 2017. Mijloca\u0219ul a totalizat 215 de meciuri \u00een tricoul alb, cu \u0219apte goluri \u0219i 16 assisturi. Are \u00een palmares dou\u0103 trofee La Liga \u0219i trei UEFA Champions League, printre altele.<\/p>\n<ul>\n<li>Betis Sevilla poate fi v\u0103zut\u0103 \u00een aceast\u0103 stagiune \u00een direct pe canalele Digi Sport at\u00e2t \u00een La Liga, c\u00e2t \u0219i \u00een UEFA Champions League.<\/li>\n<\/ul>\n<p>Dani Ceballos se afl\u0103 \u00eentr-o rela\u021bie cu Luna SerratGalerie Foto   <\/p>\n<p>  Etichete:  <a href=\"https:\/\/www.digisport.ro\/eticheta\/real-madrid\" rel=\"nofollow noopener\" target=\"_blank\">real madrid<\/a> , <a href=\"https:\/\/www.digisport.ro\/eticheta\/jose-mourinho\" rel=\"nofollow noopener\" target=\"_blank\">jose mourinho<\/a> , <a href=\"https:\/\/www.digisport.ro\/eticheta\/transfer\" rel=\"nofollow noopener\" target=\"_blank\">transfer<\/a> , <a href=\"https:\/\/www.digisport.ro\/eticheta\/mourinho\" rel=\"nofollow noopener\" target=\"_blank\">mourinho<\/a> , <a href=\"https:\/\/www.digisport.ro\/eticheta\/betis\" rel=\"nofollow noopener\" target=\"_blank\">betis<\/a> , <a href=\"https:\/\/www.digisport.ro\/eticheta\/dani-ceballos\" rel=\"nofollow noopener\" target=\"_blank\">dani ceballos<\/a> , <a href=\"https:\/\/www.digisport.ro\/eticheta\/ceballos\" rel=\"nofollow noopener\" target=\"_blank\">ceballos<\/a>   <\/p>\n<p>Urm\u0103re\u0219te \u0219tirile digisport.ro \u0219i pe <a href=\"https:\/\/news.google.com\/publications\/CAAiENr1L9HFNMG5hpp5zTfVtpsqFAgKIhDa9S_RxTTBuYaaec031bab?ceid=RO:ro&amp;oc=3\" target=\"_blank\" rel=\"external nofollow noopener\">Google News<\/a><\/p>\n<p>   Noua Aplica\u0163ie Digi Sport poate fi desc\u0103rcat\u0103 din   <\/p>\n","protected":false},"excerpt":{"rendered":"Cupa Rom\u00e2niei: Poli Timi\u0219oara &#8211; Rapid, joi, 20:30, DGS 1 Cupa Rom\u00e2niei: Bac\u0103u &#8211; Universitatea Craiova, joi, 17:30,&hellip;\n","protected":false},"author":2,"featured_media":286694,"comment_status":"","ping_status":"","sticky":false,"template":"","format":"standard","meta":{"footnotes":"","_share_on_mastodon":"0"},"categories":[20],"tags":[22652,78948,36782,2163,4406,1083,41,40,38,39,185,184,379],"class_list":["post-286693","post","type-post","status-publish","format-standard","has-post-thumbnail","category-sport","tag-betis","tag-ceballos","tag-dani-ceballos","tag-jose-mourinho","tag-mourinho","tag-real-madrid","tag-ro","tag-romana","tag-romania","tag-romanian","tag-sport","tag-sports","tag-transfer"],"share_on_mastodon":{"url":"https:\/\/pubeurope.com\/@ro\/117207615578540364","error":""},"_links":{"self":[{"href":"https:\/\/www.europesays.com\/ro\/wp-json\/wp\/v2\/posts\/286693","targetHints":{"allow":["GET"]}}],"collection":[{"href":"https:\/\/www.europesays.com\/ro\/wp-json\/wp\/v2\/posts"}],"about":[{"href":"https:\/\/www.europesays.com\/ro\/wp-json\/wp\/v2\/types\/post"}],"author":[{"embeddable":true,"href":"https:\/\/www.europesays.com\/ro\/wp-json\/wp\/v2\/users\/2"}],"replies":[{"embeddable":true,"href":"https:\/\/www.europesays.com\/ro\/wp-json\/wp\/v2\/comments?post=286693"}],"version-history":[{"count":0,"href":"https:\/\/www.europesays.com\/ro\/wp-json\/wp\/v2\/posts\/286693\/revisions"}],"wp:featuredmedia":[{"embeddable":true,"href":"https:\/\/www.europesays.com\/ro\/wp-json\/wp\/v2\/media\/286694"}],"wp:attachment":[{"href":"https:\/\/www.europesays.com\/ro\/wp-json\/wp\/v2\/media?parent=286693"}],"wp:term":[{"taxonomy":"category","embeddable":true,"href":"https:\/\/www.europesays.com\/ro\/wp-json\/wp\/v2\/categories?post=286693"},{"taxonomy":"post_tag","embeddable":true,"href":"https:\/\/www.europesays.com\/ro\/wp-json\/wp\/v2\/tags?post=286693"}],"curies":[{"name":"wp","href":"https:\/\/api.w.org\/{rel}","templated":true}]}}