{"id":286707,"date":"2026-09-03T14:48:12","date_gmt":"2026-09-03T14:48:12","guid":{"rendered":"https:\/\/www.europesays.com\/ro\/286707\/"},"modified":"2026-09-03T14:48:12","modified_gmt":"2026-09-03T14:48:12","slug":"perchezitii-dna-la-finantele-din-timisoara-intr-un-dosar-de-coruptie-fiul-lui-nelutu-varga-s-ar-afla-printre-suspecti","status":"publish","type":"post","link":"https:\/\/www.europesays.com\/ro\/286707\/","title":{"rendered":"Perchezi\u021bii DNA la Finan\u021bele din Timi\u0219oara \u00eentr-un dosar de corup\u021bie. Fiul lui Nelu\u021bu Varga s-ar afla printre suspec\u021bi"},"content":{"rendered":"<p data-start=\"113\" data-end=\"466\" id=\"p-0\">Printre persoanele vizate \u00een anchet\u0103 s-ar afla \u0219i Andrei Varga, fiul omului de afaceri Nelu\u021bu Varga, potrivit unor surse judiciare.<\/p>\n<p data-start=\"468\" data-end=\"598\" id=\"p-1\">Anchetatorii au verificat mai multe birouri ale Inspec\u021biei Fiscale \u0219i au ridicat documente considerate relevante pentru cercet\u0103ri.<\/p>\n<p data-start=\"600\" data-end=\"883\" id=\"p-2\">\u00cen dosar ar fi vizat \u0219i inspectorul fiscal Dacian Ion Crainic, fost director al Oficiului Jude\u021bean de Po\u0219t\u0103 Timi\u0219 \u0219i fost manager al Spitalului de Psihiatrie \u0219i pentru M\u0103suri de Siguran\u021b\u0103 Jebel. Acesta ar fi fost preluat de anchetatori \u0219i transportat la Bucure\u0219ti pentru audieri.<\/p>\n<p data-start=\"885\" data-end=\"1004\" id=\"p-3\">Potrivit surselor citate, Crainic este suspectat de luare de mit\u0103, \u00een leg\u0103tur\u0103 cu activitatea sa de control fiscal.<\/p>\n<p data-start=\"1006\" data-end=\"1202\" id=\"p-4\">\u00cen ceea ce \u00eel prive\u0219te pe Andrei Varga, sursele sus\u021bin c\u0103 acesta se num\u0103r\u0103 printre suspec\u021bii din dosar. P\u00e2n\u0103 la acest moment, DNA nu a comunicat oficial acuza\u021biile concrete care \u00eei sunt aduse.<\/p>\n<p data-start=\"1204\" data-end=\"1300\" data-is-last-node=\"\" data-is-only-node=\"\" id=\"p-5\">Ancheta este instrumentat\u0103 de DNA \u2013 Structura Central\u0103, iar cercet\u0103rile sunt \u00een desf\u0103\u0219urare.<\/p>\n","protected":false},"excerpt":{"rendered":"Printre persoanele vizate \u00een anchet\u0103 s-ar afla \u0219i Andrei Varga, fiul omului de afaceri Nelu\u021bu Varga, potrivit unor&hellip;\n","protected":false},"author":2,"featured_media":286708,"comment_status":"","ping_status":"","sticky":false,"template":"","format":"standard","meta":{"footnotes":"","_share_on_mastodon":"0"},"categories":[10],"tags":[32,33,31,1567,47999,36,37,27,34,35,4621,25,1360,41,40,38,39,26,28,29,30],"class_list":["post-286707","post","type-post","status-publish","format-standard","has-post-thumbnail","category-romania","tag-breaking-news","tag-breakingnews","tag-cele-mai-populare-subiecte","tag-dna","tag-dosar-coruptie","tag-featured-news","tag-featurednews","tag-headlines","tag-latest-news","tag-latestnews","tag-nelutu-varga","tag-news","tag-perchezitii","tag-ro","tag-romana","tag-romania","tag-romanian","tag-stiri","tag-titluri","tag-top-stories","tag-topstories"],"share_on_mastodon":{"url":"https:\/\/pubeurope.com\/@ro\/117207662861510439","error":""},"_links":{"self":[{"href":"https:\/\/www.europesays.com\/ro\/wp-json\/wp\/v2\/posts\/286707","targetHints":{"allow":["GET"]}}],"collection":[{"href":"https:\/\/www.europesays.com\/ro\/wp-json\/wp\/v2\/posts"}],"about":[{"href":"https:\/\/www.europesays.com\/ro\/wp-json\/wp\/v2\/types\/post"}],"author":[{"embeddable":true,"href":"https:\/\/www.europesays.com\/ro\/wp-json\/wp\/v2\/users\/2"}],"replies":[{"embeddable":true,"href":"https:\/\/www.europesays.com\/ro\/wp-json\/wp\/v2\/comments?post=286707"}],"version-history":[{"count":0,"href":"https:\/\/www.europesays.com\/ro\/wp-json\/wp\/v2\/posts\/286707\/revisions"}],"wp:featuredmedia":[{"embeddable":true,"href":"https:\/\/www.europesays.com\/ro\/wp-json\/wp\/v2\/media\/286708"}],"wp:attachment":[{"href":"https:\/\/www.europesays.com\/ro\/wp-json\/wp\/v2\/media?parent=286707"}],"wp:term":[{"taxonomy":"category","embeddable":true,"href":"https:\/\/www.europesays.com\/ro\/wp-json\/wp\/v2\/categories?post=286707"},{"taxonomy":"post_tag","embeddable":true,"href":"https:\/\/www.europesays.com\/ro\/wp-json\/wp\/v2\/tags?post=286707"}],"curies":[{"name":"wp","href":"https:\/\/api.w.org\/{rel}","templated":true}]}}