{"id":286729,"date":"2026-09-03T15:04:13","date_gmt":"2026-09-03T15:04:13","guid":{"rendered":"https:\/\/www.europesays.com\/ro\/286729\/"},"modified":"2026-09-03T15:04:13","modified_gmt":"2026-09-03T15:04:13","slug":"dan-petrescu-a-mers-in-italia-si-a-dat-verdictul-despre-daniel-birligea","status":"publish","type":"post","link":"https:\/\/www.europesays.com\/ro\/286729\/","title":{"rendered":"Dan Petrescu a mers \u00een Italia \u0219i a dat verdictul despre Daniel B\u00eerligea"},"content":{"rendered":"\n<ul class=\"bullets\">\n<li>\n<p>Cupa Rom\u00e2niei: Poli Timi\u0219oara &#8211; Rapid, joi, 20:30, DGS 1<\/p>\n<\/li>\n<li>\n<p>Cupa Rom\u00e2niei: Bac\u0103u &#8211; Universitatea Craiova, joi, 17:30, DGS 1<\/p>\n<\/li>\n<\/ul>\n<p>La aceast\u0103 partid\u0103 a lui B\u00eerligea a asistat din tribune \u0219i <a href=\"https:\/\/www.digisport.ro\/fotbal\/liga-1\/ce-i-ai-transmite-lui-dan-petrescu-daniel-birligea-a-raspuns-fara-ezitare-3372237\" target=\"_blank\" rel=\"noopener nofollow\" data-skip-linkfix=\"1\">Dan Petrescu (58 de ani), fostul antrenor<\/a> al atacantului de la CFR Cluj.\u00a0<\/p>\n<p>Dup\u0103 ce l-a urm\u0103rit pe B\u00eerligea timp de 63 de minute (c\u00e2t a jucat \u00een Sassuolo &#8211; Frosinone), \u201dBursucul\u201d a vorbit \u00een presa din Italia despre fostul s\u0103u elev din Gruia.<\/p>\n<p>Dan Petrescu, despre Daniel B\u00eerligea: \u201dVa reu\u0219i s\u0103 se impun\u0103. Este un fotbalist serios \u0219i foarte talentat\u201d<\/p>\n<p>Dan Petrescu a spus despre Daniel B\u00eerligea, atacant pe care l-a debutat \u00een SuperLig\u0103 la CFR Cluj, c\u0103 este un fotbalist serios, muncitor \u0219i \u00eenzestrat cu foarte multe calit\u0103\u021bi.<\/p>\n<p>Prin prisma acestor caracteristici, \u201dBursucul\u201d crede c\u0103 B\u00eerligea se va impune \u00een Serie A \u0219i va r\u0103m\u00e2ne \u00een primul e\u0219alon fotbalistic din Italia.\u00a0<\/p>\n<p>\u00cens\u0103, Dan Petrescu a subliniat faptul c\u0103 Daniel B\u00eerligea are nevoie de \u00eencredere din partea antrenorului pentru a avea evolu\u021bii c\u00e2t mai bune.<\/p>\n<p>\u201dCu siguran\u021b\u0103 sunt foarte emo\u021bionat, pentru c\u0103 eu am fost cel care l-a debutat \u00een prima lig\u0103 din Rom\u00e2nia \u0219i am crezut mereu \u00een el. Eram sigur c\u0103 va face pasul la un nivel superior. \u00cen Italia \u00eei va fi greu, dar, datorit\u0103 calit\u0103\u021bilor sale, va reu\u0219i s\u0103 se impun\u0103. <\/p>\n<p>Este un fotbalist serios \u0219i foarte talentat. Cea mai mare calitate a lui este viteza combinat\u0103 cu for\u021ba, iar \u00een careul de pedeaps\u0103 sunt pu\u021bini juc\u0103tori ca el. \u0218i eu am jucat \u00een Italia, iar primul an nu a fost u\u0219or. Important va fi s\u0103 i se acorde \u00eencredere. <\/p>\n<p>Cu c\u00e2t joac\u0103 mai mult, cu at\u00e2t devine mai bun. Trebuie s\u0103 fie umil \u0219i s\u0103 munceasc\u0103 din ce \u00een ce mai mult. \u00cen Italia i se va cere \u0219i s\u0103 se apere, a\u0219a c\u0103 va trebui s\u0103 alerge foarte mult\u201d, a spus Dan Petrescu pentru <a href=\"https:\/\/www.tuttofrosinone.com\/interviste\/petrescu-birligea-area-devastante-frosinone-gioca-bene-ricorda-foggia-75435\" target=\"_blank\" rel=\"noopener nofollow\" data-skip-linkfix=\"1\">tuttofrosinone.com.<\/a><\/p>\n<p>  <img decoding=\"async\" data-skip-htmlfix=\"1\" src=\"https:\/\/www.europesays.com\/ro\/wp-content\/uploads\/2026\/09\/Jnc9NTkwJmhhc2g9OTQ0YWVjMjY3MWZjYzFiNDYxY2EzMzQ5ZTRhMDJhMTg=.thumb.jpg\" alt=\"\"\/>   Daniel Birligea \/ Foto: Profimedia  <\/p>\n<p>Daniel B\u00eerligea a fost \u00eemprumutat de Frosinone de la FCSB p\u00e2n\u0103 la sf\u00e2r\u0219itul sezonului pentru 1,5 milioane de euro. Italienii \u00eel vor achizi\u021biona definitiv pe atacant dac\u0103 se vor salva de la retrogradare \u0219i le vor mai achita \u201dro\u0219-alba\u0219trilor\u201d \u00eenc\u0103 3,5 milioane de euro.<\/p>\n<p>\u00cens\u0103, Frosinone va avea op\u021biunea de a-l transfera definitiv pe B\u00eerligea \u0219i dac\u0103 nu va supravie\u021bui \u00een primul e\u0219alon din Italia.\u00a0<\/p>\n<p>Pentru Frosinone urmeaz\u0103 un duel \u00een Serie A pe teren propriu cu Venezia, pe 6 septembrie, ora 16:00, care va putea fi urm\u0103rit \u00een direct la\u00a0Digi Sport 4, dar \u0219i pe site-ul\u00a0digisport.ro\u00a0\u0219i \u00een\u00a0<a href=\"https:\/\/www.digisport.ro\/app\" target=\"_blank\" rel=\"noopener nofollow\" data-skip-linkfix=\"1\">aplica\u021bia Digi Sport<\/a>, de c\u0103tre abona\u021bii Digi Rom\u00e2nia.<\/p>\n<p>VIDEO Rezumat Fiorentina &#8211; Frosinone, scor 0-3. Primul meci al lui Daniel B\u00eerligea \u00een Serie A (a intrat \u00een minutul 89)VIDEO rezumat Fiorentina &#8211; Frosinone 0-3, etapa 2, Serie A   <\/p>\n<p>  Etichete:  <a href=\"https:\/\/www.digisport.ro\/eticheta\/italia\" rel=\"nofollow noopener\" target=\"_blank\">italia<\/a> , <a href=\"https:\/\/www.digisport.ro\/eticheta\/dan-petrescu\" rel=\"nofollow noopener\" target=\"_blank\">dan petrescu<\/a> , <a href=\"https:\/\/www.digisport.ro\/eticheta\/petrescu\" rel=\"nofollow noopener\" target=\"_blank\">petrescu<\/a> , <a href=\"https:\/\/www.digisport.ro\/eticheta\/frosinone\" rel=\"nofollow noopener\" target=\"_blank\">frosinone<\/a> , <a href=\"https:\/\/www.digisport.ro\/eticheta\/daniel-birligea\" rel=\"nofollow noopener\" target=\"_blank\">daniel birligea<\/a> , <a href=\"https:\/\/www.digisport.ro\/eticheta\/birligea\" rel=\"nofollow noopener\" target=\"_blank\">b\u00eerligea<\/a>   <\/p>\n<p>Urm\u0103re\u0219te \u0219tirile digisport.ro \u0219i pe <a href=\"https:\/\/news.google.com\/publications\/CAAiENr1L9HFNMG5hpp5zTfVtpsqFAgKIhDa9S_RxTTBuYaaec031bab?ceid=RO:ro&amp;oc=3\" target=\"_blank\" rel=\"external nofollow noopener\">Google News<\/a><\/p>\n<p>   Noua Aplica\u0163ie Digi Sport poate fi desc\u0103rcat\u0103 din   <\/p>\n","protected":false},"excerpt":{"rendered":"Cupa Rom\u00e2niei: Poli Timi\u0219oara &#8211; Rapid, joi, 20:30, DGS 1 Cupa Rom\u00e2niei: Bac\u0103u &#8211; Universitatea Craiova, joi, 17:30,&hellip;\n","protected":false},"author":2,"featured_media":286730,"comment_status":"","ping_status":"","sticky":false,"template":"","format":"standard","meta":{"footnotes":"","_share_on_mastodon":"0"},"categories":[20],"tags":[8441,350,1581,49907,112,74208,41,40,38,39,185,184],"class_list":["post-286729","post","type-post","status-publish","format-standard","has-post-thumbnail","category-sport","tag-birligea","tag-dan-petrescu","tag-daniel-birligea","tag-frosinone","tag-italia","tag-petrescu","tag-ro","tag-romana","tag-romania","tag-romanian","tag-sport","tag-sports"],"share_on_mastodon":{"url":"https:\/\/pubeurope.com\/@ro\/117207726185893915","error":""},"_links":{"self":[{"href":"https:\/\/www.europesays.com\/ro\/wp-json\/wp\/v2\/posts\/286729","targetHints":{"allow":["GET"]}}],"collection":[{"href":"https:\/\/www.europesays.com\/ro\/wp-json\/wp\/v2\/posts"}],"about":[{"href":"https:\/\/www.europesays.com\/ro\/wp-json\/wp\/v2\/types\/post"}],"author":[{"embeddable":true,"href":"https:\/\/www.europesays.com\/ro\/wp-json\/wp\/v2\/users\/2"}],"replies":[{"embeddable":true,"href":"https:\/\/www.europesays.com\/ro\/wp-json\/wp\/v2\/comments?post=286729"}],"version-history":[{"count":0,"href":"https:\/\/www.europesays.com\/ro\/wp-json\/wp\/v2\/posts\/286729\/revisions"}],"wp:featuredmedia":[{"embeddable":true,"href":"https:\/\/www.europesays.com\/ro\/wp-json\/wp\/v2\/media\/286730"}],"wp:attachment":[{"href":"https:\/\/www.europesays.com\/ro\/wp-json\/wp\/v2\/media?parent=286729"}],"wp:term":[{"taxonomy":"category","embeddable":true,"href":"https:\/\/www.europesays.com\/ro\/wp-json\/wp\/v2\/categories?post=286729"},{"taxonomy":"post_tag","embeddable":true,"href":"https:\/\/www.europesays.com\/ro\/wp-json\/wp\/v2\/tags?post=286729"}],"curies":[{"name":"wp","href":"https:\/\/api.w.org\/{rel}","templated":true}]}}