{"id":286787,"date":"2026-09-03T15:46:11","date_gmt":"2026-09-03T15:46:11","guid":{"rendered":"https:\/\/www.europesays.com\/ro\/286787\/"},"modified":"2026-09-03T15:46:11","modified_gmt":"2026-09-03T15:46:11","slug":"ioan-andone-nu-are-dubii-inainte-de-dinamo-fcsb-e-favorita-clara","status":"publish","type":"post","link":"https:\/\/www.europesays.com\/ro\/286787\/","title":{"rendered":"Ioan Andone nu are dubii, \u00eenainte de Dinamo \u2013 FCSB: \u201dE favorit\u0103 clar\u0103!\u201d"},"content":{"rendered":"\n<ul class=\"bullets\">\n<li>\n<p>Cupa Rom\u00e2niei: Poli Timi\u0219oara &#8211; Rapid, joi, 20:30, DGS 1<\/p>\n<\/li>\n<li>\n<p>Cupa Rom\u00e2niei: Bac\u0103u &#8211; Universitatea Craiova, joi, 17:30, DGS 1<\/p>\n<\/li>\n<\/ul>\n<p>\u201dHaita\u201d se preg\u0103te\u0219te acum <a href=\"https:\/\/www.digisport.ro\/fotbal\/liga-1\/gigi-becali-vrea-ca-denis-dragus-sa-joace-in-dinamo-fcsb-4465109\" target=\"_blank\" rel=\"noopener nofollow\" data-skip-linkfix=\"1\">pentru derby-ul cu FCSB<\/a>, partid\u0103 care va avea loc s\u00e2mb\u0103t\u0103, 5 septembrie, de la ora 20:30, \u00een runda cu num\u0103rul 8 din campionat.<\/p>\n<p>Forma echipei din \u0218tefan cel Mare <a href=\"https:\/\/www.digisport.ro\/fotbal\/liga-1\/ioan-andone-convins-ca-dinamo-poate-lua-campionatul-dupa-20-de-ani-de-asteptare-singura-conditie-4460769\" target=\"_blank\" rel=\"noopener nofollow\" data-skip-linkfix=\"1\">l-a convins pe Ioan Andone<\/a>, care vede forma\u021bia lui Nuno Campos drept favorit\u0103 clar\u0103 \u00een derby-ul cu FCSB.<\/p>\n<p>Ioan Andone o vede pe Dinamo drept favorit\u0103 la derby-ul cu FCSB: \u201d\u00cemi place mult cum arat\u0103\u201d<\/p>\n<ul>\n<li>Derby-ul Dinamo &#8211; FCSB va putea fi urm\u0103rit \u00een direct pe Digi Sport 1. De asemenea, abona\u021bii Digi Rom\u00e2nia vor mai putea urm\u0103ri partida pe site-ul digisport.ro, dar \u0219i \u00een <a href=\"https:\/\/www.digisport.ro\/app\" target=\"_blank\" rel=\"noopener nofollow\" data-skip-linkfix=\"1\">aplica\u021bia Digi Sport<\/a>.<\/li>\n<\/ul>\n<p>Fostul mare juc\u0103tor \u0219i antrenor al lui Dinamo a analizat confruntarea de pe \u201dArcul de Triumf\u201d \u0219i a remarcat transformarea echipei din \u0218tefan cel Mare, fa\u021b\u0103 de sezonul trecut.<\/p>\n<p>Ioan Andone consider\u0103 c\u0103 Dinamo are, dup\u0103 foarte mul\u021bi ani, argumente clare \u00eenaintea unui derby cu FCSB.<\/p>\n<p>\u201dE un meci-cheie. Dup\u0103 foarte-foarte mul\u021bi ani, Dinamo pare favorit\u0103 clar\u0103 la cum joac\u0103, la cum duce mingea \u00een atac \u0219i la cum se ap\u0103r\u0103. <\/p>\n<p>E echipa cu cele mai multe goluri \u00eenscrise. E o transformare fa\u021b\u0103 de anul trecut \u0219i sper\u0103m c\u0103 vom vedea s\u00e2mb\u0103t\u0103 o victorie a lui Dinamo.<\/p>\n<p>De foarte mult timp a\u0219teptam s\u0103 o v\u0103d pe Dinamo favorit\u0103 \u00een derby-ul cu FCSB. Acum au argumente. <\/p>\n<p>Au un antrenor care s-a acomodat foarte repede cu fotbalul rom\u00e2nesc, cu juc\u0103torii pe care \u00eei are \u00een subordine \u0219i \u00eemi place mult cum arat\u0103 Dinamo\u201d, a declarat Ioan Andone, conform <a style=\"color: #333333;\" href=\"https:\/\/as.ro\/fotbal\/liga-1\/ioan-andone-a-spus-care-e-favorita-clara-in-derby-ul-dinamo-fcsb-ce-a-transmis-despre-gigi-becali-683875.html\" target=\"_blank\" rel=\"noopener nofollow\" data-skip-linkfix=\"1\">as.ro<\/a>.<\/p>\n<p>Ioan Andone, sfat pentru Dinamo la derby-ul cu FCSB: \u201dTrebuie s\u0103 profite de juc\u0103torii accidenta\u021bi sau pleca\u021bi\u201d<\/p>\n<p>Fostul interna\u021bional rom\u00e2n a remarcat \u0219i problemele pe care le are FCSB \u00eenaintea derby-ului.<\/p>\n<p>Ioan Andone consider\u0103 c\u0103 absen\u021bele unor fotbali\u0219ti importan\u021bi pot conta enorm \u00eentr-o asemenea partid\u0103.<\/p>\n<p>\u201dTrebuie s\u0103 profite de juc\u0103torii accidenta\u021bi sau pleca\u021bi. Juc\u0103tori cu experien\u021b\u0103, care puteau decide un derby. <\/p>\n<p>Derby-ul se poate decide printr-o execu\u021bie, iar dup\u0103 aia te organizezi bine \u0219i mai dai un gol pe contraatac.<\/p>\n<p>Sunt sl\u0103bi\u021bi (n.r. cei de la FCSB). Nu \u0219tii ce se poate \u00eent\u00e2mpla, pentru c\u0103 la Gigi Becali te po\u021bi a\u0219tepta la orice. <\/p>\n<p>Te po\u021bi a\u0219tepta s\u0103 transfere 2-3 juc\u0103tori \u0219i s\u0103 devin\u0103 iar puternici, s\u0103 trag\u0103 la titlu\u201d, a mai spus Ioan Andone.<\/p>\n<p>Dinamo, candidat\u0103 la titlu dup\u0103 20 de ani? Ioan Andone: \u201dE pretendent\u0103 clar\u0103\u201d<\/p>\n<p>Parcursul din primele \u0219apte etape i-au oferit lui Ioan Andone motive serioase de optimism. Dinamo ocup\u0103 primul loc \u00een clasament, iar jocul ofensiv al echipei a impresionat.<\/p>\n<p>Fostul mare juc\u0103tor al \u201dHaitei\u201d consider\u0103 c\u0103 forma\u021bia din \u0218tefan cel Mare poate deveni o candidat\u0103 clar\u0103 la titlu, \u00eens\u0103 pune o condi\u021bie important\u0103: starea fizic\u0103 a lui Mamoudou Karamoko.<\/p>\n<p>\u201dM\u0103 bucur\u0103! Arat\u0103 foarte bine. \u0218i m\u0103 bucur\u0103 c\u0103 au un joc foarte bun, joac\u0103 \u00een fa\u021b\u0103.<\/p>\n<p>A trecut perioada aia cu Kopic, c\u00e2nd erau foarte multe baloane \u0219i jucau mult \u00eenapoi, c\u00e2nd \u00eel vedeam pe C\u00eerjan \u00een fa\u021ba ap\u0103r\u0103rii.<\/p>\n<p>\u00cemi place Karamoko \u0103la la nebunie! Dac\u0103 Karamoko e s\u0103n\u0103tos, Dinamo e o pretendent\u0103 clar\u0103 la titlu.<\/p>\n<p>Dac\u0103 e \u00een regul\u0103 fizic, d\u0103 peste 20 de goluri! S\u0103 nu aib\u0103 accident\u0103ri\u201d, a declarat Ioan Andone.<\/p>\n<p>Clasament SuperLiga  <img decoding=\"async\" data-skip-htmlfix=\"1\" src=\"https:\/\/www.europesays.com\/ro\/wp-content\/uploads\/2026\/09\/1788450371_492_ZyZ3PTU5MCZoYXNoPTBjMDY0ZDBiMzI5ZjljZWY4MjE1NWE1YjIzY2I5Y2Fk.thumb.jpg\" alt=\"clasament-superliga\"\/>   Clasament SuperLiga \/ Foto: Digi Sport  VIDEO rezumat Dinamo &#8211; FCSB 1-2, ultima confruntare dintre cele dou\u0103 mari rivaleVIDEO Rezumat Dinamo &#8211; FCSB 1-2, finala barajului pentru Conference League   <\/p>\n<p>  Etichete:  <a href=\"https:\/\/www.digisport.ro\/eticheta\/dinamo\" rel=\"nofollow noopener\" target=\"_blank\">dinamo<\/a> , <a href=\"https:\/\/www.digisport.ro\/eticheta\/ioan-andone\" rel=\"nofollow noopener\" target=\"_blank\">ioan andone<\/a> , <a href=\"https:\/\/www.digisport.ro\/eticheta\/fcsb\" rel=\"nofollow noopener\" target=\"_blank\">fcsb<\/a> , <a href=\"https:\/\/www.digisport.ro\/eticheta\/derby-dinamo-fcsb\" rel=\"nofollow noopener\" target=\"_blank\">derby dinamo fcsb<\/a> , <a href=\"https:\/\/www.digisport.ro\/eticheta\/favorita-dinamo\" rel=\"nofollow noopener\" target=\"_blank\">favorita dinamo<\/a>   <\/p>\n<p>Urm\u0103re\u0219te \u0219tirile digisport.ro \u0219i pe <a href=\"https:\/\/news.google.com\/publications\/CAAiENr1L9HFNMG5hpp5zTfVtpsqFAgKIhDa9S_RxTTBuYaaec031bab?ceid=RO:ro&amp;oc=3\" target=\"_blank\" rel=\"external nofollow noopener\">Google News<\/a><\/p>\n<p>   Noua Aplica\u0163ie Digi Sport poate fi desc\u0103rcat\u0103 din   <\/p>\n","protected":false},"excerpt":{"rendered":"Cupa Rom\u00e2niei: Poli Timi\u0219oara &#8211; Rapid, joi, 20:30, DGS 1 Cupa Rom\u00e2niei: Bac\u0103u &#8211; Universitatea Craiova, joi, 17:30,&hellip;\n","protected":false},"author":2,"featured_media":286788,"comment_status":"","ping_status":"","sticky":false,"template":"","format":"standard","meta":{"footnotes":"","_share_on_mastodon":"0"},"categories":[20],"tags":[54572,49,78968,269,6267,41,40,38,39,185,184],"class_list":["post-286787","post","type-post","status-publish","format-standard","has-post-thumbnail","category-sport","tag-derby-dinamo-fcsb","tag-dinamo","tag-favorita-dinamo","tag-fcsb","tag-ioan-andone","tag-ro","tag-romana","tag-romania","tag-romanian","tag-sport","tag-sports"],"share_on_mastodon":{"url":"https:\/\/pubeurope.com\/@ro\/117207891167869899","error":""},"_links":{"self":[{"href":"https:\/\/www.europesays.com\/ro\/wp-json\/wp\/v2\/posts\/286787","targetHints":{"allow":["GET"]}}],"collection":[{"href":"https:\/\/www.europesays.com\/ro\/wp-json\/wp\/v2\/posts"}],"about":[{"href":"https:\/\/www.europesays.com\/ro\/wp-json\/wp\/v2\/types\/post"}],"author":[{"embeddable":true,"href":"https:\/\/www.europesays.com\/ro\/wp-json\/wp\/v2\/users\/2"}],"replies":[{"embeddable":true,"href":"https:\/\/www.europesays.com\/ro\/wp-json\/wp\/v2\/comments?post=286787"}],"version-history":[{"count":0,"href":"https:\/\/www.europesays.com\/ro\/wp-json\/wp\/v2\/posts\/286787\/revisions"}],"wp:featuredmedia":[{"embeddable":true,"href":"https:\/\/www.europesays.com\/ro\/wp-json\/wp\/v2\/media\/286788"}],"wp:attachment":[{"href":"https:\/\/www.europesays.com\/ro\/wp-json\/wp\/v2\/media?parent=286787"}],"wp:term":[{"taxonomy":"category","embeddable":true,"href":"https:\/\/www.europesays.com\/ro\/wp-json\/wp\/v2\/categories?post=286787"},{"taxonomy":"post_tag","embeddable":true,"href":"https:\/\/www.europesays.com\/ro\/wp-json\/wp\/v2\/tags?post=286787"}],"curies":[{"name":"wp","href":"https:\/\/api.w.org\/{rel}","templated":true}]}}