{"id":286821,"date":"2026-09-03T16:12:32","date_gmt":"2026-09-03T16:12:32","guid":{"rendered":"https:\/\/www.europesays.com\/ro\/286821\/"},"modified":"2026-09-03T16:12:32","modified_gmt":"2026-09-03T16:12:32","slug":"romania-bulgaria-si-grecia-pregatesc-proiecte-comune-de-transport-in-sud-estul-europei-iar-candidaturile-trebuie-depuse-pana-pe-6-octombrie","status":"publish","type":"post","link":"https:\/\/www.europesays.com\/ro\/286821\/","title":{"rendered":"Rom\u00e2nia, Bulgaria \u0219i Grecia preg\u0103tesc proiecte comune de transport \u00een sud-estul Europei, iar candidaturile trebuie depuse p\u00e2n\u0103 pe 6 octombrie"},"content":{"rendered":"<p>\t    <img loading=\"lazy\" decoding=\"async\" class=\"mg-x-auto\" width=\"30\" height=\"30\" src=\"https:\/\/www.europesays.com\/ro\/wp-content\/uploads\/2026\/09\/1788451952_257_google-g-w.png\" alt=\"\"\/>\t\t\t    <\/p>\n<p id=\"p-0\">Ministerele Transporturilor din <a href=\"https:\/\/www.mediafax.ro\/economic\/trilaterala-romania-bulgaria-grecia-a-pus-la-cale-proiecte-de-transporturi-energie-comert-si-securitate-22151469\" rel=\"nofollow noopener\" target=\"_blank\">Rom\u00e2nia, Bulgaria \u0219i Grecia<\/a> vor depune candidaturi comune pentru finan\u021bare european\u0103 \u00een cadrul apelului de proiecte din 2026 al Mecanismului pentru Interconectarea Europei (CEF), destinat sectorului transporturilor, relateaz\u0103 bta.bg.<\/p>\n<p id=\"p-1\">Apelul este deschis p\u00e2n\u0103 la 6 octombrie 2026 \u0219i include proiecte de infrastructur\u0103 civil\u0103, dar \u0219i investi\u021bii care pot sus\u021bine mobilitatea militar\u0103.<\/p>\n<p>De la planificare la implementare, proiectele celor trei \u021b\u0103ri sunt comune<\/p>\n<p id=\"p-2\">Proiectele preg\u0103tite de cele trei state sunt concentrate \u00een principal de-a lungul axelor centrale \u0219i vestice ale coridorului european de transport Marea Baltic\u0103-Marea Neagr\u0103-Marea Egee, precum \u0219i pe sectoare conectate ale Re\u021belei Transeuropene de Transport (TEN-T).<\/p>\n<p id=\"p-3\">Ini\u021biativa are la baz\u0103 Memorandumul privind Cooperarea Transfrontalier\u0103 Consolidat\u0103 \u00een cadrul Platformei Coridorului Marea Neagr\u0103-Marea Egee \u0219i Planul de Ac\u021biune aferent, semnate la Bruxelles la 3 decembrie 2025.<\/p>\n<p id=\"p-4\">Documentele prev\u0103d un cadru comun pentru planificarea, preg\u0103tirea, finan\u021barea \u0219i implementarea proiectelor prioritare de transport transfrontalier de-a lungul coridoarelor europene Marea Baltic\u0103-Marea Neagr\u0103-Marea Egee \u0219i Rin-Dun\u0103re.<\/p>\n<p id=\"p-5\">Concret, este vorba despre o colaborare \u201epentru a construi coridorul nord-sud, \u00eencep\u00e2nd cu o autostrad\u0103 \u015fi o linie feroviar\u0103 rapid\u0103 care s\u0103 lege Alexandroupolis (la Marea Egee) de Ruse \u015fi Silistra (pe Dun\u0103re)\u201d, dup\u0103 cum anun\u021ba, \u00een 2024, Ministerul bulgar al Finan\u021belor \u0219i despre care Mediafax a scris <a href=\"https:\/\/www.mediafax.ro\/economic\/autostrada-din-romania-pana-in-grecia-acord-intre-bulgaria-grecia-si-romania-pentru-investitii-la-coridoare-rutiere-si-feroviare-22285114\" rel=\"nofollow noopener\" target=\"_blank\">aici<\/a>.<\/p>\n<p>Ce proiecte sunt vizate<\/p>\n<p id=\"p-6\">\u00cen cadrul Pachetului de Coeziune, sunt prev\u0103zute studii de prefezabilitate pentru sec\u021biunea feroviar\u0103 Mihaylovo-Dimitrovgrad, precum \u0219i pentru construirea sec\u021biunii de cale ferat\u0103 Lyubimets-Svilengrad-grani\u021ba cu Grecia.<\/p>\n<p id=\"p-7\">Un al doilea set de investi\u021bii este inclus \u00een Pachetul de Mobilitate Militar\u0103.<\/p>\n<p id=\"p-8\">Acesta prevede extinderea sectorului de la cap\u0103tul autostr\u0103zii Struma p\u00e2n\u0103 la punctul de trecere a frontierei Kulata, realizarea unui studiu pentru proiectul autostr\u0103zii Veliko T\u0103rnovo-Nikolaevo-Maritsa, precum \u0219i electrificarea tronsonului feroviar Podul Dun\u0103rii-Triajul Ruse.<\/p>\n<p>Este inclus\u0103 \u0219i o component\u0103 de mobilitate militar\u0103<\/p>\n<p id=\"p-9\">Proiectele urm\u0103resc s\u0103 permit\u0103 circula\u021bia mai rapid\u0103 \u0219i mai eficient\u0103 a pasagerilor \u0219i m\u0103rfurilor, dar \u0219i s\u0103 creasc\u0103 rezilien\u021ba infrastructurii de transport \u0219i a lan\u021burilor de aprovizionare.<\/p>\n<p id=\"p-10\">Componenta de mobilitate militar\u0103 urm\u0103re\u0219te, \u00een acela\u0219i timp, dezvoltarea infrastructurii cu dubl\u0103 utilizare, care poate fi folosit\u0103 at\u00e2t \u00een scop civil, c\u00e2t \u0219i pentru deplasarea rapid\u0103 a for\u021belor \u0219i echipamentelor militare.<\/p>\n<p id=\"p-11\">Cooperarea dintre cele trei state vizeaz\u0103 astfel consolidarea conexiunilor de transport dintre nordul \u0219i sud-estul Europei, \u00eentr-o zon\u0103 considerat\u0103 important\u0103 at\u00e2t pentru transportul comercial, c\u00e2t \u0219i pentru mobilitatea strategic\u0103 \u0219i militar\u0103.<\/p>\n","protected":false},"excerpt":{"rendered":"Ministerele Transporturilor din Rom\u00e2nia, Bulgaria \u0219i Grecia vor depune candidaturi comune pentru finan\u021bare european\u0103 \u00een cadrul apelului de&hellip;\n","protected":false},"author":2,"featured_media":286822,"comment_status":"","ping_status":"","sticky":false,"template":"","format":"standard","meta":{"footnotes":"","_share_on_mastodon":"0"},"categories":[10],"tags":[32,33,3552,31,36,37,449,27,34,35,78976,14076,25,78977,41,40,38,39,26,28,29,30],"class_list":["post-286821","post","type-post","status-publish","format-standard","has-post-thumbnail","category-romania","tag-breaking-news","tag-breakingnews","tag-bulgaria","tag-cele-mai-populare-subiecte","tag-featured-news","tag-featurednews","tag-grecia","tag-headlines","tag-latest-news","tag-latestnews","tag-mecanismul-pentru-iterconectarea-europei","tag-ministerul-transporturilor","tag-news","tag-reteaua-transeuropeana-de-transport","tag-ro","tag-romana","tag-romania","tag-romanian","tag-stiri","tag-titluri","tag-top-stories","tag-topstories"],"share_on_mastodon":{"url":"https:\/\/pubeurope.com\/@ro\/117207993238670724","error":""},"_links":{"self":[{"href":"https:\/\/www.europesays.com\/ro\/wp-json\/wp\/v2\/posts\/286821","targetHints":{"allow":["GET"]}}],"collection":[{"href":"https:\/\/www.europesays.com\/ro\/wp-json\/wp\/v2\/posts"}],"about":[{"href":"https:\/\/www.europesays.com\/ro\/wp-json\/wp\/v2\/types\/post"}],"author":[{"embeddable":true,"href":"https:\/\/www.europesays.com\/ro\/wp-json\/wp\/v2\/users\/2"}],"replies":[{"embeddable":true,"href":"https:\/\/www.europesays.com\/ro\/wp-json\/wp\/v2\/comments?post=286821"}],"version-history":[{"count":0,"href":"https:\/\/www.europesays.com\/ro\/wp-json\/wp\/v2\/posts\/286821\/revisions"}],"wp:featuredmedia":[{"embeddable":true,"href":"https:\/\/www.europesays.com\/ro\/wp-json\/wp\/v2\/media\/286822"}],"wp:attachment":[{"href":"https:\/\/www.europesays.com\/ro\/wp-json\/wp\/v2\/media?parent=286821"}],"wp:term":[{"taxonomy":"category","embeddable":true,"href":"https:\/\/www.europesays.com\/ro\/wp-json\/wp\/v2\/categories?post=286821"},{"taxonomy":"post_tag","embeddable":true,"href":"https:\/\/www.europesays.com\/ro\/wp-json\/wp\/v2\/tags?post=286821"}],"curies":[{"name":"wp","href":"https:\/\/api.w.org\/{rel}","templated":true}]}}