{"id":286837,"date":"2026-09-03T16:23:11","date_gmt":"2026-09-03T16:23:11","guid":{"rendered":"https:\/\/www.europesays.com\/ro\/286837\/"},"modified":"2026-09-03T16:23:11","modified_gmt":"2026-09-03T16:23:11","slug":"ifa-2026-motorola-razr-70-primeste-35-de-cristale-swarovski-si-un-finisaj-pantone-meteorite-in-noua-editie-brilliant-collection","status":"publish","type":"post","link":"https:\/\/www.europesays.com\/ro\/286837\/","title":{"rendered":"IFA 2026: Motorola razr 70 prime\u0219te 35 de cristale Swarovski \u0219i un finisaj PANTONE Meteorite \u00een noua edi\u021bie Brilliant Collection"},"content":{"rendered":"<p><a href=\"https:\/\/www.mobilissimo.ro\/stiri-despre\/IFA+2026\" rel=\"nofollow noopener\" target=\"_blank\">IFA 2026<\/a> ne aduce \u0219i o edi\u021bie special\u0103 a lui <a href=\"https:\/\/www.mobilissimo.ro\/stiri-telefoane\/motorola-vine-la-ifa-2026-cu-un-razr-mai-special-ce-primeste-tratamentul-swarovski\" target=\"_blank\" rel=\"nofollow noopener\">Motorola razr 70<\/a>. E vorba despre o variant\u0103 decorat\u0103 cu 35 de cristale Swarovski, prezentat\u0103 chiar \u00eenainte de deschiderea IFA 2026. Telefonul pliabil adopt\u0103 pentru aceast\u0103 versiune nuan\u021ba PANTONE Meteorite, un finisaj \u00eenchis la culoare peste care cristalele Silver Night devin principalul element vizual. Iat\u0103 detalii!<\/p>\n<p style=\"text-align:center\"><a href=\"https:\/\/www.europesays.com\/ro\/wp-content\/uploads\/2026\/09\/ezgif-612a02885dca1de8.jpg\" target=\"_blank\"><img decoding=\"async\" alt=\"\" src=\"https:\/\/www.europesays.com\/ro\/wp-content\/uploads\/2026\/09\/ezgif-612a02885dca1de8.jpg\" style=\"height:399px; width:592px\"\/><\/a><\/p>\n<p>Nu este prima \u00eent\u00e2lnire dintre Motorola \u0219i Swarovski. Anul trecut ap\u0103rea Motorola razr 60 Swarovski, tot \u00een cadrul Brilliant Collection. De data aceasta, spatele are o textur\u0103 matlasat\u0103 \u0219i include 35 de cristale Swarovski pozi\u021bionate manual, \u00een timp ce balamaua prime\u0219te separat un cristal mai mare, t\u0103iat \u00een 32 de fa\u021bete. \u00cen pachet se afl\u0103 \u0219i o hus\u0103 transparent\u0103 care las\u0103 designul special la vedere pentru curio\u0219i.<\/p>\n<p>Sub aceast\u0103 carcas\u0103 extravagant\u0103 se afl\u0103 practic Motorola razr 70, terminal cunoscut deja. Pliabilul are un ecran extern de 3.6 inch, pe care po\u021bi rula inclusiv aplica\u021bii complete, al\u0103turi de un panoul pliabil Extreme AMOLED de 6.9 inch intern. Sistemul foto include dou\u0103 camere de 50 MP \u00een partea din spate, senzorul ultrawide folosind pixel binning pentru fotografii de 12.5 MP. Telefonul integreaz\u0103 \u0219i func\u021biile AI ale Motorola, iar bateria are o capacitate de 4800 mAh.\u00a0<\/p>\n<p>Video hands-on Motorola razr 70 (Swarovski Edition)<\/p>\n<p style=\"text-align:center\">\n<p>Avem de-a face cu o lansare dedicat\u0103 exclusiv noului design. Noua variant\u0103 \u201eSwarovski Edition\u201d reprezint\u0103 acela\u0219i pliabil atractiv, transformat acum \u00eentr-un accesoriu mult mai vizibil. PANTONE Meteorite ajut\u0103 aici, \u00eentruc\u00e2t fundalul \u00eentunecat las\u0103 cristalele s\u0103 ias\u0103 \u00een eviden\u021b\u0103 subtil \u0219i elegant, f\u0103r\u0103 s\u0103 ajung\u0103 \u00een zona \u201ekitsch\u201d.\u00a0<\/p>\n<p>Motorola razr 70 with Crystals by Swarovski va fi disponibil \u00een edi\u021bie limitat\u0103 \u00een majoritatea pie\u021belor globale, inclusiv \u00een Rom\u00e2nia. Pre\u021bul nu a fost comunicat pentru moment, dar noul model urmeaz\u0103 s\u0103 fie disponibil cur\u00e2nd \u00een oferta retailerilor din online.<\/p>\n","protected":false},"excerpt":{"rendered":"IFA 2026 ne aduce \u0219i o edi\u021bie special\u0103 a lui Motorola razr 70. E vorba despre o variant\u0103&hellip;\n","protected":false},"author":2,"featured_media":286838,"comment_status":"","ping_status":"","sticky":false,"template":"","format":"standard","meta":{"footnotes":"","_share_on_mastodon":"0"},"categories":[16],"tags":[68356,1233,38940,57238,41,40,38,39,58458,141,124,2601],"class_list":["post-286837","post","type-post","status-publish","format-standard","has-post-thumbnail","category-tehnologie","tag-ifa-2026","tag-motorola","tag-motorola-razr-70","tag-pantone","tag-ro","tag-romana","tag-romania","tag-romanian","tag-swarovski","tag-technology","tag-tehnologie","tag-telefoane-pliabile"],"share_on_mastodon":{"url":"https:\/\/pubeurope.com\/@ro\/117208036888668890","error":""},"_links":{"self":[{"href":"https:\/\/www.europesays.com\/ro\/wp-json\/wp\/v2\/posts\/286837","targetHints":{"allow":["GET"]}}],"collection":[{"href":"https:\/\/www.europesays.com\/ro\/wp-json\/wp\/v2\/posts"}],"about":[{"href":"https:\/\/www.europesays.com\/ro\/wp-json\/wp\/v2\/types\/post"}],"author":[{"embeddable":true,"href":"https:\/\/www.europesays.com\/ro\/wp-json\/wp\/v2\/users\/2"}],"replies":[{"embeddable":true,"href":"https:\/\/www.europesays.com\/ro\/wp-json\/wp\/v2\/comments?post=286837"}],"version-history":[{"count":0,"href":"https:\/\/www.europesays.com\/ro\/wp-json\/wp\/v2\/posts\/286837\/revisions"}],"wp:featuredmedia":[{"embeddable":true,"href":"https:\/\/www.europesays.com\/ro\/wp-json\/wp\/v2\/media\/286838"}],"wp:attachment":[{"href":"https:\/\/www.europesays.com\/ro\/wp-json\/wp\/v2\/media?parent=286837"}],"wp:term":[{"taxonomy":"category","embeddable":true,"href":"https:\/\/www.europesays.com\/ro\/wp-json\/wp\/v2\/categories?post=286837"},{"taxonomy":"post_tag","embeddable":true,"href":"https:\/\/www.europesays.com\/ro\/wp-json\/wp\/v2\/tags?post=286837"}],"curies":[{"name":"wp","href":"https:\/\/api.w.org\/{rel}","templated":true}]}}