{"id":286849,"date":"2026-09-03T16:32:16","date_gmt":"2026-09-03T16:32:16","guid":{"rendered":"https:\/\/www.europesays.com\/ro\/286849\/"},"modified":"2026-09-03T16:32:16","modified_gmt":"2026-09-03T16:32:16","slug":"companiile-aeriene-straine-incep-sa-suspende-zborurile-spre-rusia-dupa-avertismentul-kievului-privind-riscurile-din-spatiul-aerian","status":"publish","type":"post","link":"https:\/\/www.europesays.com\/ro\/286849\/","title":{"rendered":"Companiile aeriene str\u0103ine \u00eencep s\u0103 suspende zborurile spre Rusia, dup\u0103 avertismentul Kievului privind riscurile din spa\u021biul aerian"},"content":{"rendered":"<p>\t    <img loading=\"lazy\" decoding=\"async\" class=\"mg-x-auto\" width=\"30\" height=\"30\" src=\"https:\/\/www.europesays.com\/ro\/wp-content\/uploads\/2026\/09\/1788453136_783_google-g-w.png\" alt=\"\"\/>\t\t\t    <\/p>\n<p id=\"p-0\">Pre\u0219edintele ucrainean Volodimir Zelenski a anun\u021bat miercuri c\u0103 primele companii aeriene au \u00eenceput s\u0103 suspende zborurile c\u0103tre aeroporturile din Rusia, dup\u0103 ce Kievul a spus c\u0103 exist\u0103 riscuri mari provocate de opera\u021biunile cu drone ucrainene \u00een spa\u021biul aerian rusesc.<\/p>\n<p id=\"p-1\">\u201ePrimim ve\u0219ti c\u0103 primele companii aeriene au \u00eenceput s\u0103 suspende zborurile c\u0103tre aeroporturile ruse\u0219ti\u201d, a spus pre\u0219edintele \u00een <a href=\"https:\/\/www.president.gov.ua\/en\/news\/uryad-nashoyi-derzhavi-bude-pracyuvati-nad-neobhidnimi-zaraz-106225?utm_source=chatgpt.com\" rel=\"nofollow noopener\" target=\"_blank\">discursul s\u0103u<\/a>, calific\u00e2nd situa\u021bia drept un \u201er\u0103spuns logic\u201d la riscurile create de r\u0103zboi.<\/p>\n<p class=\"isSelectedEnd\" id=\"p-2\">Avertismentul a venit \u00een contextul unor perturb\u0103ri majore la aeroporturile din Moscova. Mai multe companii aeriene str\u0103ine \u0219i-au anulat zborurile.<\/p>\n<p id=\"p-3\">Datele de urm\u0103rire a zborurilor citate de Reuters arat\u0103 c\u0103 Aeroportul Interna\u021bional \u0218eremetievo a \u00eenregistrat miercuri 21 de anul\u0103ri \u0219i 235 de \u00eent\u00e2rzieri, iar Aeroportul Vnukovo a avut 22 de anul\u0103ri \u0219i 94 de \u00eent\u00e2rzieri.<\/p>\n<p id=\"p-4\">Publica\u021bia independent\u0103 ruseasc\u0103 Agentstvo, care a analizat orarele aeroporturilor din Moscova, a spus c\u0103 operatorii aerieni str\u0103ini au anulat miercuri 27 de zboruri c\u0103tre \u0219i dinspre capitala Rusiei, mult mai multe dec\u00e2t \u00een ziua precedent\u0103.<\/p>\n<p class=\"isSelectedEnd\" id=\"p-5\">Printre zborurile anulate s-au num\u0103rat curse operate de Pegasus Airlines \u0219i Turkish Airlines din Turcia, flydubai din Emiratele Arabe Unite, Nesma Airlines din Egipt, Shirak Avia din Armenia, Kuwait Airways \u0219i Somon Air din Tadjikistan.<\/p>\n<p id=\"p-6\">Pegasus a spus c\u0103 unele dintre zborurile c\u0103tre Rusia au fost anulate din motive \u201etehnice \u0219i opera\u021bionale\u201d, iar flydubai a anun\u021bat c\u0103 pot ap\u0103rea \u00eent\u00e2rzieri, devieri.<\/p>\n<p>Kievul avertizeaz\u0103 asupra riscurilor tot mai mari<\/p>\n<p id=\"p-7\">\u00cen <a href=\"https:\/\/www.president.gov.ua\/en\/news\/rosijske-nebo-de-fakto-bude-zakrivatisya-vijna-sho-rozvyazan-106201?utm_source=chatgpt.com\" rel=\"nofollow noopener\" target=\"_blank\">discursul s\u0103u de mar\u021bi<\/a> sear\u0103, Volodimir Zelenski a spus c\u0103 riscurile pentru spa\u021biul aerian rusesc au crescut, preciz\u00e2nd c\u0103 Ucraina nu vizeaz\u0103 aeronavele civile \u0219i nici victimele nevinovate.<\/p>\n<p class=\"isSelectedEnd\" id=\"p-8\">\u201eVor exista pur \u0219i simplu drone pe cerul Rusiei la o scar\u0103 care trebuie luat\u0103 \u00een considerare\u201d, a spus Zelenski.<\/p>\n<p id=\"p-9\">Ministrul ucrainean de externe Andrii Sybiha a transmis, \u00eentr-un mesaj pe X: \u201eVrem s\u0103 prevenim incidente neinten\u021bionate\u201d, ad\u0103ug\u00e2nd c\u0103 \u201er\u0103zboiul se \u00eentoarce acas\u0103, \u00een Rusia\u201d.<\/p>\n<p class=\"isSelectedEnd\" id=\"p-10\">Ucraina a notificat \u00een mod oficial Organiza\u021bia Avia\u021biei Civile Interna\u021bionale (OACI) cu privire la aceste riscuri, cer\u00e2nd agen\u021biei ONU pentru avia\u021bie s\u0103 \u00eencurajeze statele membre s\u0103 interzic\u0103 zborurile civile \u00een spa\u021biul aerian rusesc.<\/p>\n<p id=\"p-11\">OACI a spus c\u0103 exist\u0103 multe riscuri pentru aeronavele civile de a fi vizate \u00een zonele de conflict.<\/p>\n<p class=\"isSelectedEnd\" id=\"p-12\">Majoritatea companiilor aeriene europene \u0219i americane evit\u0103 spa\u021biul aerian rusesc de la invazia pe scar\u0103 larg\u0103 a Ucrainei de c\u0103tre Rusia, \u00eenceput\u0103 \u00een februarie 2022.<\/p>\n<p class=\"isSelectedEnd\" id=\"p-13\">Cu toate acestea, companiile aeriene din \u021b\u0103ri precum China, Turcia \u0219i statele din Golf continu\u0103 s\u0103 opereze \u00een aceast\u0103 zon\u0103.<\/p>\n<p id=\"p-14\">Moscova a respins avertismentul Kievului legat de acest aspect, iar autorit\u0103\u021bile aeronautice ruse\u0219ti au spus c\u0103 opera\u021biunile aeroporturilor \u0219i ale companiilor aeriene str\u0103ine continu\u0103.<\/p>\n","protected":false},"excerpt":{"rendered":"Pre\u0219edintele ucrainean Volodimir Zelenski a anun\u021bat miercuri c\u0103 primele companii aeriene au \u00eenceput s\u0103 suspende zborurile c\u0103tre aeroporturile&hellip;\n","protected":false},"author":2,"featured_media":286850,"comment_status":"","ping_status":"","sticky":false,"template":"","format":"standard","meta":{"footnotes":"","_share_on_mastodon":"0"},"categories":[12],"tags":[32,33,31,39849,572,36,37,27,74,34,35,25,41,40,38,39,45,1748,26,28,29,30,685,1401,71,72,73,7857],"class_list":["post-286849","post","type-post","status-publish","format-standard","has-post-thumbnail","category-international","tag-breaking-news","tag-breakingnews","tag-cele-mai-populare-subiecte","tag-companii-aeriene","tag-drone","tag-featured-news","tag-featurednews","tag-headlines","tag-international","tag-latest-news","tag-latestnews","tag-news","tag-ro","tag-romana","tag-romania","tag-romanian","tag-rusia","tag-spatiu-aerian","tag-stiri","tag-titluri","tag-top-stories","tag-topstories","tag-ucraina","tag-volodimir-zelenski","tag-world","tag-world-news","tag-worldnews","tag-zboruri"],"share_on_mastodon":{"url":"https:\/\/pubeurope.com\/@ro\/117208072542532129","error":""},"_links":{"self":[{"href":"https:\/\/www.europesays.com\/ro\/wp-json\/wp\/v2\/posts\/286849","targetHints":{"allow":["GET"]}}],"collection":[{"href":"https:\/\/www.europesays.com\/ro\/wp-json\/wp\/v2\/posts"}],"about":[{"href":"https:\/\/www.europesays.com\/ro\/wp-json\/wp\/v2\/types\/post"}],"author":[{"embeddable":true,"href":"https:\/\/www.europesays.com\/ro\/wp-json\/wp\/v2\/users\/2"}],"replies":[{"embeddable":true,"href":"https:\/\/www.europesays.com\/ro\/wp-json\/wp\/v2\/comments?post=286849"}],"version-history":[{"count":0,"href":"https:\/\/www.europesays.com\/ro\/wp-json\/wp\/v2\/posts\/286849\/revisions"}],"wp:featuredmedia":[{"embeddable":true,"href":"https:\/\/www.europesays.com\/ro\/wp-json\/wp\/v2\/media\/286850"}],"wp:attachment":[{"href":"https:\/\/www.europesays.com\/ro\/wp-json\/wp\/v2\/media?parent=286849"}],"wp:term":[{"taxonomy":"category","embeddable":true,"href":"https:\/\/www.europesays.com\/ro\/wp-json\/wp\/v2\/categories?post=286849"},{"taxonomy":"post_tag","embeddable":true,"href":"https:\/\/www.europesays.com\/ro\/wp-json\/wp\/v2\/tags?post=286849"}],"curies":[{"name":"wp","href":"https:\/\/api.w.org\/{rel}","templated":true}]}}