{"id":286857,"date":"2026-09-03T16:37:10","date_gmt":"2026-09-03T16:37:10","guid":{"rendered":"https:\/\/www.europesays.com\/ro\/286857\/"},"modified":"2026-09-03T16:37:10","modified_gmt":"2026-09-03T16:37:10","slug":"tiktok-introduce-comentarii-vocale-sondaje-si-carusele-foto-in-sectiunea-de-comentarii","status":"publish","type":"post","link":"https:\/\/www.europesays.com\/ro\/286857\/","title":{"rendered":"TikTok introduce comentarii vocale, sondaje \u0219i carusele foto \u00een sec\u021biunea de comentarii"},"content":{"rendered":"<p class=\"wp-block-paragraph\">Platforma social\u0103 TikTok lanseaz\u0103 trei noi tipuri de comentarii, anume comentariile vocale, sondajele \u0219i caruselele foto, potrivit unui comunicat transmis, joi, StartupCafe.ro.<\/p>\n<p class=\"wp-block-paragraph\">Comentariile vocale (Voice Comments) permit utilizatorilor s\u0103 \u00eenregistreze un mesaj de maxim 60 de secunde.<\/p>\n<blockquote class=\"wp-block-quote is-layout-flow wp-block-quote-is-layout-flow\">\n<p class=\"wp-block-paragraph\">\u201eSunetul \u0219i muzica au modelat TikTok \u00eenc\u0103 de la \u00eenceput, transform\u00e2nd melodiile \u00een trenduri \u0219i fragmentele audio \u00een glume distribuite pe \u00eentreaga platform\u0103. Acum, TikTok aduce aceea\u0219i energie \u0219i \u00een sec\u021biunea de comentarii prin Comentariile Vocale (Voice Comments), o nou\u0103 modalitate de a publica \u0219i asculta mesaje audio direct \u00een sec\u021biunea de comentarii a oric\u0103rui videoclip\u201d, transmite compania.<\/p>\n<\/blockquote>\n<p class=\"wp-block-paragraph\">Odat\u0103 publicat, comentariul poate fi ascultat de oricine, transform\u00e2nd sec\u021biunea de comentarii \u00eentr-un loc \u00een care oamenii pot asculta la fel de mult pe c\u00e2t pot citi.<\/p>\n<p class=\"wp-block-paragraph\">Func\u021bionalitatea va fi disponibil\u0103 la nivel global \u00een urm\u0103toarea lun\u0103, pentru conturile utilizatorilor cu v\u00e2rsta de 18 ani \u0219i peste.<\/p>\n<p class=\"wp-block-paragraph\">Totodat\u0103, platforma anun\u021b\u0103 \u0219i c\u0103 utilizatorii pot posta de acum sondaje \u00een comentarii (Comment Polls) prin care creatorii pot pune deciziile direct \u00een m\u00e2inile urm\u0103ritorilor lor, fie c\u0103 este vorba despre alegerea unei \u021binute, despre ce s\u0103 g\u0103teasc\u0103 sau despre votarea urm\u0103toarei idei de videoclip.<\/p>\n<p><img loading=\"lazy\" decoding=\"async\" data-attachment-id=\"106306\" data-permalink=\"https:\/\/startupcafe.ro\/tiktok-comentarii-vocale-sondaje-carusele-foto-sectiune-comentarii-106304\/tiktok_comment-polls\" data-orig-file=\"https:\/\/startupcafe.ro\/wp-content\/uploads\/2026\/09\/TikTok_Comment-Polls.png\" data-orig-size=\"1280,720\" data-comments-opened=\"0\" data-image-meta=\"{&quot;aperture&quot;:&quot;0&quot;,&quot;credit&quot;:&quot;&quot;,&quot;camera&quot;:&quot;&quot;,&quot;caption&quot;:&quot;&quot;,&quot;created_timestamp&quot;:&quot;0&quot;,&quot;copyright&quot;:&quot;&quot;,&quot;focal_length&quot;:&quot;0&quot;,&quot;iso&quot;:&quot;0&quot;,&quot;shutter_speed&quot;:&quot;0&quot;,&quot;title&quot;:&quot;&quot;,&quot;orientation&quot;:&quot;0&quot;,&quot;alt&quot;:&quot;&quot;}\" data-image-title=\"TikTok_Comment Polls\" data-image-description=\"\" data-image-caption=\"\" data-large-file=\"https:\/\/www.europesays.com\/ro\/wp-content\/uploads\/2026\/09\/TikTok_Comment-Polls.png\" height=\"576\" width=\"1024\" src=\"https:\/\/www.europesays.com\/ro\/wp-content\/uploads\/2026\/09\/TikTok_Comment-Polls.png\" alt=\"\" class=\"wp-image-106306\"  \/><\/p>\n<p class=\"wp-block-paragraph\">Pentru a crea un sondaj \u00een comentarii, creatorii pot ad\u0103uga un sondaj atunci c\u00e2nd comenteaz\u0103 la propriul videoclip. Este suficient s\u0103 selecteze pictograma pentru sondaj din caseta de comentarii, s\u0103 aleag\u0103 p\u00e2n\u0103 la 5 op\u021biuni pe care urm\u0103ritorii le pot vota \u0219i s\u0103 stabileasc\u0103 perioada \u00een care votul va fi valabil. Pe m\u0103sur\u0103 ce voturile sunt exprimate, creatorii pot urm\u0103ri rezultatele direct \u00een sec\u021biunea de comentarii.<\/p>\n<p class=\"wp-block-paragraph\">Func\u021bia de a ad\u0103uga fotografii \u00een comentarii a primit o actualizare, platforma permi\u021b\u00e2nd acum postarea de carusele foto (Photo Carousel Comments) \u0219i Live Photo (Live Photo Comments).<\/p>\n<p><img loading=\"lazy\" decoding=\"async\" data-attachment-id=\"106307\" data-permalink=\"https:\/\/startupcafe.ro\/tiktok-comentarii-vocale-sondaje-carusele-foto-sectiune-comentarii-106304\/tiktok_photo-carousel-comments-live-photo-comment\" data-orig-file=\"https:\/\/startupcafe.ro\/wp-content\/uploads\/2026\/09\/TikTok_Photo-Carousel-Comments-Live-Photo-Comment.png\" data-orig-size=\"1280,720\" data-comments-opened=\"0\" data-image-meta=\"{&quot;aperture&quot;:&quot;0&quot;,&quot;credit&quot;:&quot;&quot;,&quot;camera&quot;:&quot;&quot;,&quot;caption&quot;:&quot;&quot;,&quot;created_timestamp&quot;:&quot;0&quot;,&quot;copyright&quot;:&quot;&quot;,&quot;focal_length&quot;:&quot;0&quot;,&quot;iso&quot;:&quot;0&quot;,&quot;shutter_speed&quot;:&quot;0&quot;,&quot;title&quot;:&quot;&quot;,&quot;orientation&quot;:&quot;0&quot;,&quot;alt&quot;:&quot;&quot;}\" data-image-title=\"TikTok_Photo Carousel Comments &amp; Live Photo Comment\" data-image-description=\"\" data-image-caption=\"\" data-large-file=\"https:\/\/www.europesays.com\/ro\/wp-content\/uploads\/2026\/09\/TikTok_Photo-Carousel-Comments-Live-Photo-Comment.png\" height=\"576\" width=\"1024\" src=\"https:\/\/www.europesays.com\/ro\/wp-content\/uploads\/2026\/09\/TikTok_Photo-Carousel-Comments-Live-Photo-Comment.png\" alt=\"\" class=\"wp-image-106307\"  \/><\/p>\n<p class=\"wp-block-paragraph\">Cu ajutorul caruselelor foto \u00een comentarii, utilizatorii pot ad\u0103uga acum p\u00e2n\u0103 la 9 fotografii \u00eentr-un singur comentariu, iar cu ajutorul comentariilor Live Photo, utilizatorii pot \u00eenc\u0103rca fotografii tip Live Photos direct din galeria telefonului, oferind comentariului foto o scurt\u0103 secven\u021b\u0103 \u00een mi\u0219care, care le permite celorlal\u021bi s\u0103 vad\u0103 momentul dincolo de cadrul static.<\/p>\n<p class=\"wp-block-paragraph\">Comentariile Live Photo sunt disponibile acum la nivel global, iar Caruselele foto \u00een comentarii vor fi disponibile la nivel global \u00een cursul urm\u0103toarei luni.<\/p>\n","protected":false},"excerpt":{"rendered":"Platforma social\u0103 TikTok lanseaz\u0103 trei noi tipuri de comentarii, anume comentariile vocale, sondajele \u0219i caruselele foto, potrivit unui&hellip;\n","protected":false},"author":2,"featured_media":286858,"comment_status":"","ping_status":"","sticky":false,"template":"","format":"standard","meta":{"footnotes":"","_share_on_mastodon":"0"},"categories":[16],"tags":[78995,78996,2870,78997,78998,2546,4841,78999,41,40,38,39,79000,3496,79001,141,124,412],"class_list":["post-286857","post","type-post","status-publish","format-standard","has-post-thumbnail","category-tehnologie","tag-carusele-foto","tag-carusele-foto-in-comentarii","tag-comentarii","tag-comentarii-vocale","tag-engagement","tag-foto","tag-live-photo","tag-live-photos","tag-ro","tag-romana","tag-romania","tag-romanian","tag-sectiune-comentarii","tag-sondaje","tag-sondaje-in-comentarii","tag-technology","tag-tehnologie","tag-tiktok"],"share_on_mastodon":{"url":"https:\/\/pubeurope.com\/@ro\/117208091782983613","error":""},"_links":{"self":[{"href":"https:\/\/www.europesays.com\/ro\/wp-json\/wp\/v2\/posts\/286857","targetHints":{"allow":["GET"]}}],"collection":[{"href":"https:\/\/www.europesays.com\/ro\/wp-json\/wp\/v2\/posts"}],"about":[{"href":"https:\/\/www.europesays.com\/ro\/wp-json\/wp\/v2\/types\/post"}],"author":[{"embeddable":true,"href":"https:\/\/www.europesays.com\/ro\/wp-json\/wp\/v2\/users\/2"}],"replies":[{"embeddable":true,"href":"https:\/\/www.europesays.com\/ro\/wp-json\/wp\/v2\/comments?post=286857"}],"version-history":[{"count":0,"href":"https:\/\/www.europesays.com\/ro\/wp-json\/wp\/v2\/posts\/286857\/revisions"}],"wp:featuredmedia":[{"embeddable":true,"href":"https:\/\/www.europesays.com\/ro\/wp-json\/wp\/v2\/media\/286858"}],"wp:attachment":[{"href":"https:\/\/www.europesays.com\/ro\/wp-json\/wp\/v2\/media?parent=286857"}],"wp:term":[{"taxonomy":"category","embeddable":true,"href":"https:\/\/www.europesays.com\/ro\/wp-json\/wp\/v2\/categories?post=286857"},{"taxonomy":"post_tag","embeddable":true,"href":"https:\/\/www.europesays.com\/ro\/wp-json\/wp\/v2\/tags?post=286857"}],"curies":[{"name":"wp","href":"https:\/\/api.w.org\/{rel}","templated":true}]}}