{"id":286938,"date":"2026-09-03T17:29:16","date_gmt":"2026-09-03T17:29:16","guid":{"rendered":"https:\/\/www.europesays.com\/ro\/286938\/"},"modified":"2026-09-03T17:29:16","modified_gmt":"2026-09-03T17:29:16","slug":"15-milioane-de-euro-mita-la-anaf-timisoara-pentru-rambursare-de-tva","status":"publish","type":"post","link":"https:\/\/www.europesays.com\/ro\/286938\/","title":{"rendered":"1,5 milioane de euro mit\u0103 la ANAF Timi\u0219oara pentru rambursare de TVA"},"content":{"rendered":"<p>\t    <img loading=\"lazy\" decoding=\"async\" class=\"mg-x-auto\" width=\"30\" height=\"30\" src=\"https:\/\/www.europesays.com\/ro\/wp-content\/uploads\/2026\/09\/1788456556_881_google-g-w.png\" alt=\"\"\/>\t\t\t    <\/p>\n<p id=\"p-0\"><a style=\"color: #0000ff;\" href=\"https:\/\/dna.ro\/comunicat.xhtml?id=13922\" rel=\"nofollow noopener\" target=\"_blank\">Sec\u021bia de combatere a infrac\u021biunilor asimilate infrac\u021biunilor de corup\u021bie a DNA<\/a> a anun\u021bat c\u0103 a dispus punerea \u00een mi\u0219care a ac\u021biunii penale\u00a0\u0219i\u00a0luarea m\u0103surii controlului judiciar, pentru o durat\u0103 de 60 de zile, \u00eencep\u00e2nd cu data de 03 septembrie 2026, fa\u021b\u0103 de urm\u0103torii inculpa\u021bi:<\/p>\n<ul>\n<li>CRAINIC ION-DACIAN, inspector superior la Direc\u021bia General\u0103 Regional\u0103 a Finan\u021belor Publice (D.G.R.F.P.) Timi\u0219oara din cadrul A.N.A.F., pentru s\u0103v\u00e2r\u0219irea a dou\u0103 (2) infrac\u021biuni de trafic de influen\u021b\u0103,<\/li>\n<li>C. G., om de afaceri, administrator al unei societ\u0103\u021bi comerciale, pentru s\u0103v\u00e2r\u0219irea a dou\u0103 (2) infrac\u021biuni de cump\u0103rare de influen\u021b\u0103,<\/li>\n<li>V. A., (Varga Andrei) persoan\u0103 f\u0103r\u0103 calitate special\u0103, pentru s\u0103v\u00e2r\u0219irea a dou\u0103 (2) infrac\u021biuni de complicitate la trafic de influen\u021b\u0103.<\/li>\n<\/ul>\n<p id=\"p-1\">Surse sus\u021bin c\u0103 <a style=\"color: #0000ff;\" href=\"https:\/\/www.mediafax.ro\/justitie\/perchezitii-dna-la-finantele-din-timisoara-intr-un-dosar-de-coruptie-fiul-lui-nelutu-varga-s-ar-afla-printre-suspecti-23801039\" rel=\"nofollow noopener\" target=\"_blank\">Andrei Varga este fiul omului de afaceri Nelu\u021bu Varga<\/a>.<\/p>\n<p>\u0218eful din Finan\u021bele Publice Timi\u0219oara ar fi acceptat o promisiune de 1,5 milioane de euro<\/p>\n<p id=\"p-2\">\u00cen ordonan\u021bele procurorilor se arat\u0103 c\u0103, \u00een cauz\u0103, exist\u0103 date \u0219i probe care contureaz\u0103 urm\u0103toarea stare de fapt:<\/p>\n<p id=\"p-3\">La data de 04 decembrie 2025, \u00een calitatea men\u021bionat\u0103, inculpatul Crainic Ion-Dacian ar fi acceptat, \u00een mod direct, promisiunea inculpatului C.G., om de afaceri, de a primi suma de 1.500.000 euro, pentru a determina func\u021bionari publici competen\u021bi din cadrul A.N.A.F. Timi\u0219oara, pe l\u00e2ng\u0103 care a l\u0103sat s\u0103 se cread\u0103 c\u0103 are influen\u021b\u0103, s\u0103 \u00eendeplineasc\u0103 un act ce intr\u0103 \u00een \u00eendatoririle lor de serviciu, respectiv s\u0103 admit\u0103 rambursarea de TVA (\u00een valoare de aproximativ 21.000.000 lei) \u00een favoarea societ\u0103\u021bii comerciale reprezentate de omul de afaceri, remiterea sumelor urm\u00e2nd a fi disimulat\u0103 prin \u00eencheierea unor contracte de prest\u0103ri servicii sau de management.<\/p>\n<p>1 milion de euro pentru Crainic, 500.000 de euro pentru Varga<\/p>\n<p id=\"p-4\">Acceptarea promisiunii f\u0103cute \u00een scopul descris anterior ar fi fost reiterat\u0103 la data de 19 decembrie 2025, c\u00e2nd inculpatul Crainic Ion-Dacian ar fi precizat \u0219i c\u0103, din suma de 1.500.000 euro, va opri 1.000.000 euro pentru sine \u0219i pentru complicele s\u0103u inculpatul A.V., iar 500.000 euro pentru func\u021bionarii despre care a l\u0103sat s\u0103 se \u00een\u021beleag\u0103 c\u0103 vor rezolva cererea omului de afaceri,<\/p>\n<p id=\"p-5\">\u00cen plus, la data de 09 martie 2026, inculpatul Crainic Ion-Dacian, \u00een aceea\u0219i calitate, ar fi acceptat, \u00een mod indirect, prin intermediul lui V.A., promisiunea aceluia\u0219i om de afaceri, inculpatul C. G., de a primi suma de 100.000 euro, acceptare reiterat\u0103 la data de 18 martie 2026, pentru a determina func\u021bionari publici competen\u021bi din cadrul A.N.A.F. Timi\u0219oara, pe l\u00e2ng\u0103 care Crainic Ion-Dacian a l\u0103sat s\u0103 se cread\u0103 c\u0103 are influen\u021b\u0103, s\u0103 \u00eendeplineasc\u0103 acte ce intr\u0103 \u00een \u00eendatoririle lor de serviciu, respectiv s\u0103 admit\u0103 o cerere privind redob\u00e2ndirea codului de TVA, precum \u0219i rambursarea de TVA (\u00een valoare de aproximativ 5.000.000 lei), \u00een favoarea unei societ\u0103\u021bi comerciale reprezentate \u00een fapt de omul de afaceri, remiterea sumelor urm\u00e2nd a fi disimulat\u0103 prin \u00eencheierea unor contracte de prest\u0103ri servicii, ori consultan\u021b\u0103 pe fonduri europene.<\/p>\n<p id=\"p-6\">\u201ePe durata controlului judiciar, inculpa\u021bii trebuie s\u0103 respecte o serie de obliga\u021bii, respectiv interdic\u021bia de a comunica direct sau indirect cu persoanele indicate \u00een ordonan\u021be, interdic\u021bia de a p\u0103r\u0103si \u021bara, iar \u00een cazul inculpatului Crainic Ion-Dacian \u0219i interdic\u021bia de exercita func\u021bii de angajat \u00een cadrul A.N.A.F.- Direc\u021bia General\u0103 Regional\u0103 a Finan\u021belor Publice Timi\u0219oara.<\/p>\n<p id=\"p-7\">Celor trei inculpa\u021bi li s-a atras aten\u021bia c\u0103, \u00een caz de \u00eenc\u0103lcare cu rea-credin\u021b\u0103 a obliga\u021biilor care le revin, m\u0103sura controlului judiciar se poate \u00eenlocui cu m\u0103sura arestului la domiciliu sau m\u0103sura arest\u0103rii preventive. De asemenea, inculpa\u021bilor li s-au adus la cuno\u0219tin\u021b\u0103 calitatea procesual\u0103 \u0219i acuza\u021biile penale\u201d, anun\u021b\u0103 DNA.<\/p>\n","protected":false},"excerpt":{"rendered":"Sec\u021bia de combatere a infrac\u021biunilor asimilate infrac\u021biunilor de corup\u021bie a DNA a anun\u021bat c\u0103 a dispus punerea \u00een&hellip;\n","protected":false},"author":2,"featured_media":286939,"comment_status":"","ping_status":"","sticky":false,"template":"","format":"standard","meta":{"footnotes":"","_share_on_mastodon":"0"},"categories":[10],"tags":[3401,6221,79018,32,33,31,79019,79020,1567,36,37,27,34,35,4621,25,79021,41,40,38,39,26,28,29,30],"class_list":["post-286938","post","type-post","status-publish","format-standard","has-post-thumbnail","category-romania","tag-3401","tag-5-milioane-de-euro","tag-andrei-varga","tag-breaking-news","tag-breakingnews","tag-cele-mai-populare-subiecte","tag-crainic-ion-dacian","tag-directia-generala-regionala-a-finantelor-publice-timisoara","tag-dna","tag-featured-news","tag-featurednews","tag-headlines","tag-latest-news","tag-latestnews","tag-nelutu-varga","tag-news","tag-returnare-de-tva","tag-ro","tag-romana","tag-romania","tag-romanian","tag-stiri","tag-titluri","tag-top-stories","tag-topstories"],"share_on_mastodon":{"url":"https:\/\/pubeurope.com\/@ro\/117208296437180678","error":""},"_links":{"self":[{"href":"https:\/\/www.europesays.com\/ro\/wp-json\/wp\/v2\/posts\/286938","targetHints":{"allow":["GET"]}}],"collection":[{"href":"https:\/\/www.europesays.com\/ro\/wp-json\/wp\/v2\/posts"}],"about":[{"href":"https:\/\/www.europesays.com\/ro\/wp-json\/wp\/v2\/types\/post"}],"author":[{"embeddable":true,"href":"https:\/\/www.europesays.com\/ro\/wp-json\/wp\/v2\/users\/2"}],"replies":[{"embeddable":true,"href":"https:\/\/www.europesays.com\/ro\/wp-json\/wp\/v2\/comments?post=286938"}],"version-history":[{"count":0,"href":"https:\/\/www.europesays.com\/ro\/wp-json\/wp\/v2\/posts\/286938\/revisions"}],"wp:featuredmedia":[{"embeddable":true,"href":"https:\/\/www.europesays.com\/ro\/wp-json\/wp\/v2\/media\/286939"}],"wp:attachment":[{"href":"https:\/\/www.europesays.com\/ro\/wp-json\/wp\/v2\/media?parent=286938"}],"wp:term":[{"taxonomy":"category","embeddable":true,"href":"https:\/\/www.europesays.com\/ro\/wp-json\/wp\/v2\/categories?post=286938"},{"taxonomy":"post_tag","embeddable":true,"href":"https:\/\/www.europesays.com\/ro\/wp-json\/wp\/v2\/tags?post=286938"}],"curies":[{"name":"wp","href":"https:\/\/api.w.org\/{rel}","templated":true}]}}