{"id":286974,"date":"2026-09-03T17:54:08","date_gmt":"2026-09-03T17:54:08","guid":{"rendered":"https:\/\/www.europesays.com\/ro\/286974\/"},"modified":"2026-09-03T17:54:08","modified_gmt":"2026-09-03T17:54:08","slug":"amazfit-pregateste-o-alternativa-neobisnuita-la-ceasurile-garmin-solar-cu-noul-t-rex-dual-solar-ce-ne-rezerva","status":"publish","type":"post","link":"https:\/\/www.europesays.com\/ro\/286974\/","title":{"rendered":"Amazfit preg\u0103te\u0219te o alternativ\u0103 neobi\u0219nuit\u0103 la ceasurile Garmin Solar cu noul T-Rex Dual Solar; Ce ne rezerv\u0103?"},"content":{"rendered":"<p>Am testat de-a lungul timpului smartwatch-uri Garmin <a href=\"https:\/\/www.mobilissimo.ro\/recenzii-ceasuri-inteligente\/am-testat-garmin-enduro-3\" target=\"_blank\" rel=\"nofollow noopener\">cu display-uri Solar<\/a> ce se \u00eencarc\u0103, dup\u0103 cum spune chiar numele, \u00een razele directe ale soarelui. Iat\u0103 \u00eens\u0103 c\u0103 Amazfit preg\u0103te\u0219te o alternativ\u0103 inedit\u0103 la astfel de modele. Se contureaz\u0103 a\u0219a-zisul T-Rex Dual Solar, un smartwatch ce ar avea dou\u0103 panouri fotovoltaice integrate, unul frontal \u0219i unul pe spatele carcasei. Detalii avem mai jos!<\/p>\n<p>Ideea se potrive\u0219te cu direc\u021bia seriei <a href=\"https:\/\/www.mobilissimo.ro\/stiri-ceasuri-inteligente\/amazfit-t-rex-3-a-debutat-aduce-un-procesor-nou-autonomie-impresionanta-ecran-mai-mare\" target=\"_blank\" rel=\"nofollow noopener\">Amazfit T-Rex<\/a>, orientat\u0103 spre autonomie mare \u0219i utilizare \u00een drume\u021bii sau activit\u0103\u021bi de durat\u0103. Panoul frontal ar putea colecta energie c\u00e2t timp ceasul este purtat, \u00een vreme ce suprafa\u021ba fotovoltaic\u0103 de pe spate ar intra \u00een joc atunci c\u00e2nd ceasul este scos de la m\u00e2n\u0103 \u0219i l\u0103sat \u00een lumin\u0103.<\/p>\n<p>Exist\u0103 \u0219i leak-uri ce privesc modul de func\u021bionare, din aplica\u021bia Amazfit. Analiza APK-ului indic\u0103 un panou posterior de dimensiuni mai mari, \u00een timp ce aplica\u021bia va poate urm\u0103ri separat intensitatea luminii primite de cele dou\u0103 suprafe\u021be, astfel \u00eenc\u00e2t utilizatorul s\u0103 vad\u0103 dac\u0103 pozi\u021bionarea ceasului favorizeaz\u0103 \u00eenc\u0103rcarea. Practic, \u00eentr-o pauz\u0103 pe traseu, T-Rex Dual Solar ar putea fi a\u0219ezat astfel \u00eenc\u00e2t panoul mai mare s\u0103 fie expus direct soarelui.<\/p>\n<p>Conceptul \u00eel diferen\u021biaz\u0103 de solu\u021biile Garmin bazate pe suprafa\u021ba solar\u0103 integrat\u0103 \u00een partea frontal\u0103 a ceasului. Pentru moment vorbim \u00eens\u0103 despre informa\u021bii extrase din software, nu despre specifica\u021bii anun\u021bate oficial de Zepp Health. Amazfit T-Rex Dual Solar a ap\u0103rut deja \u00een certific\u0103ri, \u00eens\u0103 data lans\u0103rii nu e momentan cunoscut\u0103.<\/p>\n","protected":false},"excerpt":{"rendered":"Am testat de-a lungul timpului smartwatch-uri Garmin cu display-uri Solar ce se \u00eencarc\u0103, dup\u0103 cum spune chiar numele,&hellip;\n","protected":false},"author":2,"featured_media":286975,"comment_status":"","ping_status":"","sticky":false,"template":"","format":"standard","meta":{"footnotes":"","_share_on_mastodon":"0"},"categories":[16],"tags":[67979,79031,59559,41,40,38,39,3651,79030,141,124],"class_list":["post-286974","post","type-post","status-publish","format-standard","has-post-thumbnail","category-tehnologie","tag-amazfit","tag-garmin-solar","tag-incarcare-solara","tag-ro","tag-romana","tag-romania","tag-romanian","tag-smartwatch","tag-t-rex-dual-solar","tag-technology","tag-tehnologie"],"share_on_mastodon":{"url":"https:\/\/pubeurope.com\/@ro\/117208394468617570","error":""},"_links":{"self":[{"href":"https:\/\/www.europesays.com\/ro\/wp-json\/wp\/v2\/posts\/286974","targetHints":{"allow":["GET"]}}],"collection":[{"href":"https:\/\/www.europesays.com\/ro\/wp-json\/wp\/v2\/posts"}],"about":[{"href":"https:\/\/www.europesays.com\/ro\/wp-json\/wp\/v2\/types\/post"}],"author":[{"embeddable":true,"href":"https:\/\/www.europesays.com\/ro\/wp-json\/wp\/v2\/users\/2"}],"replies":[{"embeddable":true,"href":"https:\/\/www.europesays.com\/ro\/wp-json\/wp\/v2\/comments?post=286974"}],"version-history":[{"count":0,"href":"https:\/\/www.europesays.com\/ro\/wp-json\/wp\/v2\/posts\/286974\/revisions"}],"wp:featuredmedia":[{"embeddable":true,"href":"https:\/\/www.europesays.com\/ro\/wp-json\/wp\/v2\/media\/286975"}],"wp:attachment":[{"href":"https:\/\/www.europesays.com\/ro\/wp-json\/wp\/v2\/media?parent=286974"}],"wp:term":[{"taxonomy":"category","embeddable":true,"href":"https:\/\/www.europesays.com\/ro\/wp-json\/wp\/v2\/categories?post=286974"},{"taxonomy":"post_tag","embeddable":true,"href":"https:\/\/www.europesays.com\/ro\/wp-json\/wp\/v2\/tags?post=286974"}],"curies":[{"name":"wp","href":"https:\/\/api.w.org\/{rel}","templated":true}]}}