{"id":286990,"date":"2026-09-03T18:05:14","date_gmt":"2026-09-03T18:05:14","guid":{"rendered":"https:\/\/www.europesays.com\/ro\/286990\/"},"modified":"2026-09-03T18:05:14","modified_gmt":"2026-09-03T18:05:14","slug":"ramnicu-valcea-va-fi-legata-de-a1-sibiu-pitesti","status":"publish","type":"post","link":"https:\/\/www.europesays.com\/ro\/286990\/","title":{"rendered":"R\u00e2mnicu V\u00e2lcea va fi legat\u0103 de A1 Sibiu-Pite\u0219ti"},"content":{"rendered":"<p id=\"p-0\">Guvernul a aprobat proiectul de conectare a municipiului R\u00e2mnicu V\u00e2lcea la Autostrada Sibiu-Pite\u0219ti, prin modernizarea DN 73C \u0219i construirea unui sector nou de drum \u00een zona localit\u0103\u021bii Tigveni, a anun\u021bat joi Hora\u021biu Cosma, secretar de stat \u00een Ministerul Transporturilor \u0219i Infrastructurii.<\/p>\n<p id=\"p-1\">Proiectul prevede modernizarea a aproximativ 13 kilometri din DN 73C, \u00eentre R\u00e2mnicu V\u00e2lcea \u0219i Tigveni, precum \u0219i construirea unui sector nou de 2,4 kilometri care va ocoli localitatea Tigveni \u0219i va asigura leg\u0103tura direct\u0103 cu Autostrada Sibiu-Pite\u0219ti, prin nodul rutier Tigveni.<\/p>\n<p>&#8211; articolul continu\u0103 mai jos &#8211;<\/p>\n<blockquote>\n<p id=\"p-2\">\u201eLeg\u0103m R\u00e2mnicu V\u00e2lcea \u0219i \u00eentreaga regiune la Autostrada Sibiu \u2013 Pite\u0219ti: am aprobat ast\u0103zi \u00een Guvern proiectul de conectare modern\u0103\u201d, a transmis Hora\u021biu Cosma.<\/p>\n<\/blockquote>\n<p id=\"p-3\">Investi\u021bia are o valoare total\u0103 de aproximativ 770 de milioane de lei, finan\u021barea urm\u00e2nd s\u0103 fie asigurat\u0103 din fonduri externe nerambursabile.<\/p>\n<p>Drum nou cu patru benzi \u0219i \u0219apte poduri \u0219i pasaje reabilitate<\/p>\n<p id=\"p-4\">Pe l\u00e2ng\u0103 modernizarea \u0219i l\u0103rgirea celor 13 kilometri de DN 73C, proiectul include construirea unui sector nou de 2,4 kilometri, cu patru benzi de circula\u021bie, pentru ocolirea localit\u0103\u021bii Tigveni.<\/p>\n<p id=\"p-5\">Lucr\u0103rile mai prev\u0103d construirea a trei sensuri giratorii \u0219i reabilitarea a \u0219apte poduri \u0219i pasaje.<\/p>\n<p id=\"p-6\">Valoarea investi\u021biei este apropiat\u0103 de cea prev\u0103zut\u0103 \u00een proiectul de hot\u0103r\u00e2re privind aprobarea indicatorilor tehnico-economici, respectiv 769,017 milioane de lei, inclusiv TVA. Din aceast\u0103 sum\u0103, lucr\u0103rile de construc\u021bii-montaj sunt estimate la 652 milioane de lei.<\/p>\n<p id=\"p-7\">Beneficiarul proiectului este Compania Na\u021bional\u0103 de Administrare a Infrastructurii Rutiere (CNAIR), iar finan\u021barea este prev\u0103zut\u0103 prin Programul Transport 2021-2027, de la bugetul de stat \u0219i din alte surse legal constituite.<\/p>\n<p>Conexiunea este important\u0103 pentru traficul de pe A1 Sibiu-Pite\u0219ti<\/p>\n<p id=\"p-8\">Modernizarea DN 73C \u0219i noul sector de drum sunt necesare \u00een contextul avans\u0103rii Autostr\u0103zii Sibiu-Pite\u0219ti. Tronsonul dintre Curtea de Arge\u0219 \u0219i Tigveni, construit de compania austriac\u0103 PORR, urmeaz\u0103 s\u0103 fie deschis circula\u021biei, iar traficul care va ajunge la nodul Tigveni va avea nevoie de o conexiune rutier\u0103 modernizat\u0103 c\u0103tre R\u00e2mnicu V\u00e2lcea.<\/p>\n<p id=\"p-9\">\u00cen prezent, DN 73C este un drum na\u021bional degradat, cu o platform\u0103 de aproximativ 8 metri \u0219i o parte carosabil\u0103 de 6 metri.<\/p>\n<p id=\"p-10\">Potrivit lui Hora\u021biu Cosma, conectarea R\u00e2mnicu V\u00e2lcea la autostrad\u0103 ar urma s\u0103 reduc\u0103 timpul de deplasare \u0219i s\u0103 creasc\u0103 siguran\u021ba rutier\u0103, dar \u0219i s\u0103 faciliteze accesul oamenilor \u0219i companiilor din regiune la infrastructura rutier\u0103 de mare vitez\u0103.<\/p>\n<blockquote>\n<p id=\"p-11\">\u201dValoarea total\u0103 a proiectului este de 770 de milioane de lei, iar finan\u021barea va fi asigurat\u0103 din fonduri externe nerambursabile. Este un proiect pe care R\u00e2mnicu V\u00e2lcea \u0219i \u00eentreaga zon\u0103 \u00eel a\u0219teapt\u0103 de mult timp. Conectarea municipiului la Autostrada Sibiu \u2013 Pite\u0219ti nu \u00eenseamn\u0103 doar timp mai scurt de deplasare \u0219i mai mult\u0103 siguran\u021b\u0103 \u00een trafic. \u00censeamn\u0103 acces mai bun pentru oameni \u0219i companii, noi oportunit\u0103\u021bi pentru investi\u021bii, dezvoltare economic\u0103 \u0219i turistic\u0103 \u0219i, \u00een cele din urm\u0103, o regiune mai bine conectat\u0103 la marile coridoare de transport ale Rom\u00e2niei. Este o datorie a Guvernului Rom\u00e2niei fa\u021b\u0103 de V\u00e2lcea s\u0103 duc\u0103 aceast\u0103 conexiune la cap\u0103t\u201d, a declarat secretarul de stat.<\/p>\n<\/blockquote>\n<p id=\"p-12\"><a><br \/>Urm\u0103torul pas este lansarea licita\u021biei pentru execu\u021bia lucr\u0103rilor, anun\u021bat\u0103 pentru aceast\u0103 toamn\u0103. Potrivit lui Cosma, \u00een aceea\u0219i perioad\u0103 ar urma s\u0103 se poat\u0103 circula continuu pe autostrad\u0103 de la nodul Tigveni p\u00e2n\u0103 la Pite\u0219ti, Bucure\u0219ti \u0219i Constan\u021ba.<\/a><\/p>\n","protected":false},"excerpt":{"rendered":"Guvernul a aprobat proiectul de conectare a municipiului R\u00e2mnicu V\u00e2lcea la Autostrada Sibiu-Pite\u0219ti, prin modernizarea DN 73C \u0219i&hellip;\n","protected":false},"author":2,"featured_media":286991,"comment_status":"","ping_status":"","sticky":false,"template":"","format":"standard","meta":{"footnotes":"","_share_on_mastodon":"0"},"categories":[5],"tags":[57721,9886,111,32,33,31,2693,79033,36,37,27,1403,34,35,14076,25,17481,41,40,38,39,26,78918,28,29,30],"class_list":["post-286990","post","type-post","status-publish","format-standard","has-post-thumbnail","category-titluri","tag-a1-sibiu-pitesti","tag-autostrada-sibiu-pitesti","tag-autostrazi","tag-breaking-news","tag-breakingnews","tag-cele-mai-populare-subiecte","tag-cnair","tag-dn-73c","tag-featured-news","tag-featurednews","tag-headlines","tag-infrastructura","tag-latest-news","tag-latestnews","tag-ministerul-transporturilor","tag-news","tag-ramnicu-valcea","tag-ro","tag-romana","tag-romania","tag-romanian","tag-stiri","tag-tigveni","tag-titluri","tag-top-stories","tag-topstories"],"share_on_mastodon":{"url":"https:\/\/pubeurope.com\/@ro\/117208437579086874","error":""},"_links":{"self":[{"href":"https:\/\/www.europesays.com\/ro\/wp-json\/wp\/v2\/posts\/286990","targetHints":{"allow":["GET"]}}],"collection":[{"href":"https:\/\/www.europesays.com\/ro\/wp-json\/wp\/v2\/posts"}],"about":[{"href":"https:\/\/www.europesays.com\/ro\/wp-json\/wp\/v2\/types\/post"}],"author":[{"embeddable":true,"href":"https:\/\/www.europesays.com\/ro\/wp-json\/wp\/v2\/users\/2"}],"replies":[{"embeddable":true,"href":"https:\/\/www.europesays.com\/ro\/wp-json\/wp\/v2\/comments?post=286990"}],"version-history":[{"count":0,"href":"https:\/\/www.europesays.com\/ro\/wp-json\/wp\/v2\/posts\/286990\/revisions"}],"wp:featuredmedia":[{"embeddable":true,"href":"https:\/\/www.europesays.com\/ro\/wp-json\/wp\/v2\/media\/286991"}],"wp:attachment":[{"href":"https:\/\/www.europesays.com\/ro\/wp-json\/wp\/v2\/media?parent=286990"}],"wp:term":[{"taxonomy":"category","embeddable":true,"href":"https:\/\/www.europesays.com\/ro\/wp-json\/wp\/v2\/categories?post=286990"},{"taxonomy":"post_tag","embeddable":true,"href":"https:\/\/www.europesays.com\/ro\/wp-json\/wp\/v2\/tags?post=286990"}],"curies":[{"name":"wp","href":"https:\/\/api.w.org\/{rel}","templated":true}]}}