{"id":287060,"date":"2026-09-03T18:57:23","date_gmt":"2026-09-03T18:57:23","guid":{"rendered":"https:\/\/www.europesays.com\/ro\/287060\/"},"modified":"2026-09-03T18:57:23","modified_gmt":"2026-09-03T18:57:23","slug":"tcl-aduce-la-ifa-2026-ochelari-ai-cinema-microoled-casti-swarovski-si-un-robot-care-se-plimba-prin-casa","status":"publish","type":"post","link":"https:\/\/www.europesays.com\/ro\/287060\/","title":{"rendered":"TCL aduce la IFA 2026 ochelari AI, cinema MicroOLED, c\u0103\u0219ti Swarovski \u0219i un robot care se plimb\u0103 prin cas\u0103"},"content":{"rendered":"<p>TCL mut\u0103 o parte din experien\u021ba digital\u0103 de pe telefon spre ochelari, c\u0103\u0219ti \u0219i robo\u021bi. La <a href=\"https:\/\/www.tcl.com\/global\/en\/news\/ai-inspired-life-step-inside-tcl-inspiration-habitat-at-ifa-2026\" rel=\"nofollow noopener noreferrer\" target=\"_blank\">IFA 2026<\/a>, nout\u0103\u021bile acestui grup sunt RayNeo iO \u0219i RayNeo GT Max, dou\u0103 perechi de ochelari construite pentru utiliz\u0103ri aproape opuse. \u00cen aceea\u0219i zon\u0103 reapar c\u0103\u0219tile open-ear CrystalClip \u0219i robotul AiMe, acesta din urm\u0103 ajuns \u00eentre timp la a doua genera\u021bie \u0219i la precomand\u0103 \u00een China.<\/p>\n<p>Nu toate pornesc \u00eens\u0103 de la zero la Berlin. CrystalClip a debutat \u00een martie, la MWC 2026, iar AiMe ne este cunoscut \u00eenc\u0103 de la <a href=\"https:\/\/www.mobilissimo.ro\/stiri-despre\/CES+2025\" target=\"_blank\" rel=\"nofollow noopener\">CES 2025<\/a>. Dac\u0103 <a href=\"https:\/\/www.mobilissimo.ro\/stiri-diverse\/tcl-aduce-la-ifa-2026-televizoare-sqd-mini-led-dispozitive-nxtpaper-ochelari-rayneo-si-electrocasnice-conectate-ai-ul-devine-tema-intregii-case\" rel=\"nofollow noopener\" target=\"_blank\">avanpremiera TCL pentru IFA 2026<\/a> punea toate aceste produse sub umbrela larg\u0103 \u201eAI Inspired Life\u201d, acum putem vedea mai bine care sunt gadgeturile noi \u0219i care doar au f\u0103cut drumul din nou p\u00e2n\u0103 la stand.<\/p>\n<p style=\"text-align:center\"><a href=\"https:\/\/www.mobilissimo.ro\/imgs\/uploaded\/images\/4\/gsmarena_003 (1).jpg\" target=\"_blank\" rel=\"nofollow noopener\"><img decoding=\"async\" alt=\"\" src=\"https:\/\/www.europesays.com\/ro\/wp-content\/uploads\/2026\/09\/gsmarena_003 (1).jpg\" style=\"height:333px; width:592px\"\/><\/a><\/p>\n<p>RayNeo iO \u0219i GT Max rezolv\u0103 dou\u0103 probleme complet diferite<\/p>\n<p><a href=\"https:\/\/www.mobilissimo.ro\/stiri-despre\/RayNeo\" target=\"_blank\" rel=\"nofollow noopener\">RayNeo<\/a> nu \u00eencearc\u0103 s\u0103 bage camer\u0103, AI, cinema virtual, autonomie mare \u0219i tracking sofisticat \u00een aceea\u0219i ram\u0103. Probabil e mai s\u0103n\u0103tos a\u0219a.\u00a0RayNeo iO sunt ochelari pentru purtare zilnic\u0103, cu informa\u021bii scurte \u00een c\u00e2mpul vizual, transcriere, traducere \u0219i func\u021bii AI. Nu au camer\u0103 \u0219i c\u00e2nt\u0103resc doar aproximativ 33-34 de grame.<\/p>\n<p>RayNeo GT Max merg \u00een direc\u021bia opus\u0103. Sunt ochelari-display pentru filme \u0219i gaming, cu MicroOLED, c\u00e2mp vizual de 59 de grade \u0219i un ecran virtual care poate urca p\u00e2n\u0103 la echivalentul a 307 inch. Greutatea ajunge la 78 de grame.<\/p>\n<p>RayNeo iO: ochelari AI de 33 de grame \u0219i f\u0103r\u0103 camer\u0103<\/p>\n<p>RayNeo iO \u00eencearc\u0103 s\u0103 semene mai degrab\u0103 cu ni\u0219te ochelari normali dec\u00e2t cu un headset AR. Rama folose\u0219te aliaj de magneziu-aluminiu AZ91D \u0219i bra\u021be din titan, iar certificarea IP54 ofer\u0103 protec\u021bie la praf \u0219i stropire.<\/p>\n<p style=\"text-align:center\">\n<p class=\"photoGallery\"><a class=\"ui-action-gallery-overlay\" data-photo-gallery-id=\"15821\"><img class=\"articleGalleryPreviewImage\" src=\"https:\/\/www.europesays.com\/ro\/wp-content\/uploads\/2026\/09\/6a9983b442426.jpg\" alt=\"Ochelari AI - RayNeo iO (galerie)\" width=\"1154\" height=\"696\" loading=\"lazy\" decoding=\"async\"\/>Ochelari AI &#8211; RayNeo iO (galerie)<\/a><\/p>\n<\/p>\n<p>O alegere mai important\u0103 dec\u00e2t materialele este eliminarea camerei. RayNeo vrea ca iO s\u0103 stea pe nas pentru perioade lungi \u0219i s\u0103 afi\u0219eze informa\u021bii, f\u0103r\u0103 ca purt\u0103torul s\u0103 umble permanent cu un obiectiv \u00eendreptat spre oamenii din jur. E \u0219i una dintre explica\u021biile pentru greutatea sc\u0103zut\u0103.<\/p>\n<p>RayNeo are deja experien\u021b\u0103 cu ochelari AR mai conven\u021bionali; la MWC am v\u0103zut, de exemplu, <a href=\"https:\/\/www.mobilissimo.ro\/stiri-diverse\/mwc-2026-rayneo-air-4-pro-marcheaza-o-premiera-in-ar-hdr10\" rel=\"nofollow noopener\" target=\"_blank\">RayNeo Air 4 Pro cu HDR10 \u0219i ecran virtual<\/a>. iO schimb\u0103 \u00eens\u0103 priorit\u0103\u021bile: mai pu\u021bin cinema, mai mult\u0103 informa\u021bie util\u0103 pe parcursul zilei. Sistemul Firefly Nano Engine folose\u0219te un ghid optic difractiv \u0219i produce o imagine monocrom\u0103 verde. C\u00e2mpul vizual este de aproximativ 23,5 grade, iar RayNeo indic\u0103 o luminozitate de p\u00e2n\u0103 la 1.300 ni\u021bi m\u0103surat\u0103 la nivelul ochiului.<\/p>\n<p>Nu te vei uita la Netflix pe a\u0219a ceva. Display-ul este f\u0103cut pentru or\u0103, vreme, baterie, calendar, task-uri, informa\u021bii financiare \u0219i alte elemente din Personal Dashboard.<\/p>\n<p>\u00cen documenta\u021bia TCL apare \u0219i valoarea de 0,6 mm, dar aceasta descrie ansamblul optic foarte sub\u021bire, nu grosimea \u00eentregii perechi de ochelari.<\/p>\n<p>Live Captions pune traducerea direct \u00een fa\u021ba ochilor<\/p>\n<p>Una dintre func\u021biile care pare imediat util\u0103 este Live Captions &amp; Translation. Microfoanele capteaz\u0103 conversa\u021bia, iar textul apare direct \u00een c\u00e2mpul vizual. Sistemul poate \u00eencerca s\u0103 separe vocea purt\u0103torului de cea a interlocutorului, astfel \u00eenc\u00e2t subtitrarea s\u0103 urm\u0103reasc\u0103 persoana cu care vorbe\u0219ti. Sunt suportate 40 de limbi pentru traducere bidirec\u021bional\u0103.<\/p>\n<p style=\"text-align:center\"><a href=\"https:\/\/www.mobilissimo.ro\/imgs\/uploaded\/images\/4\/images (3).jpg\" style=\"text-align: center;\" rel=\"nofollow noopener\" target=\"_blank\"><img decoding=\"async\" alt=\"\" src=\"https:\/\/www.europesays.com\/ro\/wp-content\/uploads\/2026\/09\/images (3).jpg\" style=\"height:332px; width:592px\"\/><\/a><\/p>\n<p>\u00centr-o conversa\u021bie, traducerea interlocutorului poate ap\u0103rea \u00een ochelari, iar replica utilizatorului poate fi tradus\u0103 pe telefon \u0219i redat\u0103 audio. Conversa\u021bia poate fi p\u0103strat\u0103 ulterior cu originalul \u0219i traducerea al\u0103turate. Exist\u0103 \u0219i dou\u0103 abord\u0103ri pentru afi\u0219are: una actualizeaz\u0103 rapid textul pe m\u0103sur\u0103 ce interlocutorul vorbe\u0219te, cealalt\u0103 a\u0219teapt\u0103 finalizarea propozi\u021biei pentru un rezultat mai stabil.<\/p>\n<p>Voice Memo are dou\u0103 moduri de captur\u0103:<\/p>\n<ul>\n<li>Wide Spectrum, pentru \u0219edin\u021be, cursuri \u0219i conversa\u021bii cu mai multe persoane;<\/li>\n<li>Voice Isolation, pentru interviuri \u0219i discu\u021bii unu-la-unu.<\/li>\n<\/ul>\n<p>Momentele importante pot fi marcate \u00een timpul \u00eenregistr\u0103rii, iar sistemul le acord\u0103 prioritate atunci c\u00e2nd genereaz\u0103 ulterior sumarul. Transcrierea suport\u0103 peste 100 de limbi, poate separa automat interlocutorii \u0219i permite redenumirea lor. Dup\u0103 procesare apar un rezumat, ideile principale \u0219i o list\u0103 de lucruri de f\u0103cut. Exist\u0103 \u0219i un detaliu necesar pentru confiden\u021bialitate: c\u00e2nd \u00eencepe \u00eenregistrarea, pe bra\u021bul ramei se aprinde un indicator alb.<\/p>\n<p>Are \u0219i teleprompter, nu doar \u201eAI\u201d scris pe cutie<\/p>\n<p>Teleprompter-ul integrat poate afi\u0219a un discurs sau un scenariu direct \u00een fa\u021ba ochilor. Pot fi modificate dimensiunea textului, pozi\u021bia, l\u0103\u021bimea, spa\u021bierea \u0219i distan\u021ba aparent\u0103. Sunt disponibile trei moduri: Smart Follow \u00eencearc\u0103 s\u0103 urm\u0103reasc\u0103 ritmul vorbirii, Auto Scroll deruleaz\u0103 textul la o vitez\u0103 stabilit\u0103, iar Manual Control las\u0103 utilizatorul s\u0103 decid\u0103 avansarea.<\/p>\n<p>Pot fi importate fi\u0219iere TXT, DOC, DOCX \u0219i PDF, din care r\u0103m\u00e2ne textul propriu-zis. Pentru prezent\u0103ri, film\u0103ri sau interviuri, func\u021bia asta mi se pare mai concret\u0103 dec\u00e2t \u00eenc\u0103 o promisiune vag\u0103 despre \u201easistentul AI al viitorului\u201d.<\/p>\n<p style=\"text-align:center\"><a href=\"https:\/\/www.mobilissimo.ro\/imgs\/uploaded\/images\/4\/zMKQ2yynb62Mw3zQ3cuYqB-1180-80 (1).jpg\" style=\"text-align: center;\" rel=\"nofollow noopener\" target=\"_blank\"><img decoding=\"async\" alt=\"\" src=\"https:\/\/www.europesays.com\/ro\/wp-content\/uploads\/2026\/09\/zMKQ2yynb62Mw3zQ3cuYqB-1180-80 (1).jpg\" style=\"height:333px; width:592px\"\/><\/a><\/p>\n<p>Controlul se face \u0219i prin Smart Crown, o roti\u021b\u0103 fizic\u0103 folosit\u0103 pentru scroll, selec\u021bie \u0219i shortcut-uri, f\u0103r\u0103 s\u0103 fie nevoie s\u0103 vorbe\u0219ti de fiecare dat\u0103 cu ochelarii.<\/p>\n<p>Mai multe modele AI, dar unele func\u021bii vor trece prin abonament<\/p>\n<p>RayNeo vorbe\u0219te despre acces la mai multe modele AI \u0219i nominalizeaz\u0103 \u00een materialele sale Gemini, ChatGPT, Claude \u0219i DeepSeek. Documenta\u021bia suport este ceva mai rezervat\u0103 \u0219i folose\u0219te formularea \u201emultiple mainstream AI models\u201d. \u0218tim \u0219i c\u0103 un abonament va debloca modele AI avansate suplimentare. Nu avem \u00eenc\u0103 o structur\u0103 complet\u0103 a planurilor, a\u0219a c\u0103 n-a\u0219 pune semnul egal \u00eentre \u201esuport\u0103 patru modele\u201d \u0219i \u201eprime\u0219ti toate cele patru gratuit\u201d.<\/p>\n<p style=\"text-align:center\"><a href=\"https:\/\/www.europesays.com\/ro\/wp-content\/uploads\/2026\/09\/RayNeo-iO-lunettes-IA-ecran-1024.jpg\" target=\"_blank\"><img decoding=\"async\" alt=\"\" src=\"https:\/\/www.europesays.com\/ro\/wp-content\/uploads\/2026\/09\/RayNeo-iO-lunettes-IA-ecran-1024.jpg\" style=\"height:262px; width:592px\"\/><\/a><\/p>\n<p>\u00cenregistr\u0103rile Voice Memo, Live Captions \u0219i alte informa\u021bii salvate pot forma \u0219i o baz\u0103 personal\u0103 prin care AI-ul s\u0103 caute ulterior. De exemplu, po\u021bi cere lista de sarcini stabilit\u0103 la \u0219edin\u021ba de s\u0103pt\u0103m\u00e2na trecut\u0103. Func\u021bia este \u00eens\u0103 marcat\u0103 beta.<\/p>\n<p>Bateria ochelarilor are doar 240 mAh, dar lipsa camerei \u0219i a unui display color mare ajut\u0103. RayNeo indic\u0103 p\u00e2n\u0103 la aproximativ dou\u0103 zile \u00een utilizare u\u0219oar\u0103, intermitent\u0103, \u0219i p\u00e2n\u0103 la 18 ore de \u00eenregistrare audio continu\u0103 \u00een anumite scenarii.<\/p>\n<p>Va exista \u0219i o variant\u0103 cu toc de \u00eenc\u0103rcare, \u00een timp ce pachetul standard include toc obi\u0219nuit \u0219i charging clip.<\/p>\n<p>RayNeo GT Max: aici scopul este un televizor uria\u0219 \u00een fa\u021ba ochilor<\/p>\n<p>GT Max renun\u021b\u0103 la preten\u021bia de a ar\u0103ta ca o pereche normal\u0103 de ochelari. Miza este un ecran virtual suficient de mare \u00eenc\u00e2t s\u0103 poat\u0103 \u00eenlocui un monitor sau un televizor atunci c\u00e2nd e\u0219ti \u00een avion, tren sau hotel. Sistemul Peacock Optical Engine 3.0 Max folose\u0219te panouri Tandem MicroOLED de genera\u021bia a cincea. C\u00e2mpul vizual ajunge la 59 de grade, refresh rate-ul la 120 Hz, iar luminozitatea declarat\u0103 urc\u0103 spre 1.200 ni\u021bi.<\/p>\n<p style=\"text-align:center\"><a href=\"https:\/\/www.europesays.com\/ro\/wp-content\/uploads\/2026\/09\/GT-7-1154x1154.jpg\" style=\"text-align: center;\"><img decoding=\"async\" alt=\"\" src=\"https:\/\/www.europesays.com\/ro\/wp-content\/uploads\/2026\/09\/GT-7-1154x1154.jpg\" style=\"height:170px; width:592px\"\/><\/a><\/p>\n<p>RayNeo ofer\u0103 mai multe dimensiuni pentru imaginea virtual\u0103, p\u00e2n\u0103 la echivalentul a 307 inch. Demonstra\u021bia IFA este descris\u0103 la 267 inch, valoare care corespunde uneia dintre configura\u021biile intermediare, deci nu avem de fapt dou\u0103 diagonale maxime care se contrazic.<\/p>\n<p>GT Max are o arhitectur\u0103 cu dou\u0103 procesoare specializate. Vision 4000 Display Chip se ocup\u0103 de imagine, iar Zone 360 3DoF Chip urm\u0103re\u0219te rota\u021biile capului. 3DoF nu trebuie confundat cu tracking-ul complet 6DoF de pe headset-urile AR\/VR mai complexe. Aici sistemul urm\u0103re\u0219te rota\u021bia pe trei axe \u0219i o folose\u0219te pentru stabilizarea ecranului virtual.<\/p>\n<p>Sunt disponibile trei moduri:<\/p>\n<ul>\n<li>Steady \u00eencearc\u0103 s\u0103 \u021bin\u0103 imaginea stabil\u0103 \u00een tren, avion sau alte medii cu mi\u0219care;<\/li>\n<li>Pinned fixeaz\u0103 virtual ecranul \u00eentr-o anumit\u0103 pozi\u021bie;<\/li>\n<li>Follow mut\u0103 imaginea \u00eempreun\u0103 cu utilizatorul.<\/li>\n<\/ul>\n<p class=\"photoGallery\"><a class=\"ui-action-gallery-overlay\" data-photo-gallery-id=\"15823\"><img class=\"articleGalleryPreviewImage\" src=\"https:\/\/www.europesays.com\/ro\/wp-content\/uploads\/2026\/09\/6a998a4c2d79f.jpg\" alt=\"RayNeo GT Max (galerie)\" width=\"1154\" height=\"1154\" loading=\"lazy\" decoding=\"async\"\/>RayNeo GT Max (galerie)<\/a><\/p>\n<p>RayNeo pune mult accent pe c\u0103l\u0103torii, unde un ecran virtual care tremur\u0103 la fiecare accelera\u021bie ar transforma rapid filmul \u00eentr-un test pentru stomac.<\/p>\n<p>Dolby Vision are o condi\u021bie important\u0103<\/p>\n<p>TCL descrie GT Max drept parte a primului sistem de ochelari AR cu redare Dolby Vision nativ\u0103, \u00eens\u0103 exist\u0103 o stelu\u021b\u0103: func\u021bia este legat\u0103 de folosirea ochelarilor \u00eempreun\u0103 cu Pocket TV Pro.<\/p>\n<p>Cu alte cuvinte, conectarea oric\u0103rui telefon prin USB-C nu garanteaz\u0103 automat redare Dolby Vision. E un detaliu mic \u00een comunicatul de marketing, dar unul destul de mare c\u00e2nd \u00eencepi s\u0103 cumperi accesoriile. Audio-ul folose\u0219te patru difuzoare de tip racetrack reglate \u00eempreun\u0103 cu Bang &amp; Olufsen, plus sunet spa\u021bial sincronizat cu mi\u0219carea capului. TCL indic\u0103 o cre\u0219tere de 5 dB a sensibilit\u0103\u021bii \u00een frecven\u021bele joase fa\u021b\u0103 de arhitectura folosit\u0103 drept referin\u021b\u0103.<\/p>\n<p style=\"text-align:center\"><a href=\"https:\/\/www.mobilissimo.ro\/imgs\/uploaded\/images\/4\/RayNeo-GT-Max-Specifications (1).jpg\" target=\"_blank\" rel=\"nofollow noopener\"><img decoding=\"async\" alt=\"\" src=\"https:\/\/www.europesays.com\/ro\/wp-content\/uploads\/2026\/09\/RayNeo-GT-Max-Specifications (1).jpg\" style=\"height:600px; width:336px\"\/><\/a><\/p>\n<p>GT Max c\u00e2nt\u0103re\u0219te 78 de grame. Modelul GT standard este mai u\u0219or, la aproximativ 68 de grame, are un c\u00e2mp vizual de 46 de grade \u0219i ajunge la un ecran virtual de p\u00e2n\u0103 la 231 inch. GT Max va fi oferit \u0219i \u00een trei dimensiuni ale ramei pentru intervale diferite ale distan\u021bei interpupilare, iar pentru cei care poart\u0103 ochelari sunt prev\u0103zute inser\u021bii cu dioptrii.<\/p>\n<p>RayNeo iO \u0219i GT Max au debutul comercial interna\u021bional programat pentru 4 septembrie 2026, inclusiv prin magazinul RayNeo. La momentul redact\u0103rii, versiunile europene ale paginilor de produs \u00eenc\u0103 anun\u021b\u0103 lansarea din 4 septembrie \u0219i promo\u021biile Early Bird, f\u0103r\u0103 ca pre\u021bul european final pentru iO \u0219i GT Max s\u0103 fie afi\u0219at f\u0103r\u0103 echivoc.<\/p>\n<p>TCL CrystalClip: open-ear la 5,5 grame \u0219i o edi\u021bie Swarovski<\/p>\n<p>CrystalClip nu este o premier\u0103 IFA. <a href=\"https:\/\/www.tcl.com\/global\/en\/news\/tcl-introduces-brand-new-crystalclip-earbuds-featuring-exceptional-open-ear-design-and-audio-experience-at-mwc-2026\" rel=\"nofollow noopener noreferrer\" target=\"_blank\">TCL a lansat c\u0103\u0219tile \u00een martie 2026<\/a>, iar la Berlin le readuce \u00een fa\u021b\u0103 al\u0103turi de restul gamei wearable. Fiecare casc\u0103 c\u00e2nt\u0103re\u0219te doar 5,5 grame \u0219i se prinde pe ureche ca un clips.<\/p>\n<p style=\"text-align:center\"><a href=\"https:\/\/www.europesays.com\/ro\/wp-content\/uploads\/2026\/09\/cover.jpg\" target=\"_blank\"><img decoding=\"async\" alt=\"\" src=\"https:\/\/www.europesays.com\/ro\/wp-content\/uploads\/2026\/09\/cover.jpg\" style=\"height:333px; width:592px\"\/><\/a><\/p>\n<p>O punte din aliaj de titan leag\u0103 cele dou\u0103 extremit\u0103\u021bi, iar canalul auditiv r\u0103m\u00e2ne liber. E ideea clasic\u0103 open-ear: muzica continu\u0103, dar traficul \u0219i oamenii din jur nu dispar complet. Certificarea este IPX4, suficient\u0103 pentru transpira\u021bie \u0219i stropi, nu pentru baie \u00een piscin\u0103.<\/p>\n<p>TCL folose\u0219te un driver dinamic dual-magnetic de 10,8 mm, al\u0103turi de Bass Enhancement \u0219i 3D Spatial Audio. Ultimele dou\u0103 func\u021bii sunt activate prin aplica\u021bia TCL HOME.<\/p>\n<p>Autonomia declarat\u0103 ajunge la:<\/p>\n<ul>\n<li>p\u00e2n\u0103 la 8 ore pentru c\u0103\u0219ti;<\/li>\n<li>p\u00e2n\u0103 la 36 de ore \u00eempreun\u0103 cu carcasa;<\/li>\n<li>aproximativ 3 ore de redare dup\u0103 15 minute de \u00eenc\u0103rcare.<\/li>\n<\/ul>\n<p>Sunt valori ob\u021binute \u00een testele TCL. Conectivitatea este Bluetooth 5.4, exist\u0103 trecere \u00eentre dou\u0103 dispozitive, iar telefoanele Android compatibile pot folosi Google Fast Pair.<\/p>\n<p>CrystalClip poate folosi asistentul vocal al telefonului \u0219i ofer\u0103 \u0219i Smart Translation, cu traducerea redat\u0103 direct \u00een c\u0103\u0219ti. Func\u021bia nu este \u00eens\u0103 autonom\u0103. Ea necesit\u0103 un smartphone TCL cu TCL UI 9.1 sau mai nou \u0219i Smart Translator, deci o pereche CrystalClip legat\u0103 la orice Android nu cap\u0103t\u0103 automat traducere live.<\/p>\n<p style=\"text-align:center\">\n<p class=\"photoGallery\"><a class=\"ui-action-gallery-overlay\" data-photo-gallery-id=\"15824\"><img class=\"articleGalleryPreviewImage\" src=\"https:\/\/www.europesays.com\/ro\/wp-content\/uploads\/2026\/09\/6a998cca50540.jpg\" alt=\"TCL CrystalClip Swarovski (galerie)\" width=\"800\" height=\"600\" loading=\"lazy\" decoding=\"async\"\/>TCL CrystalClip Swarovski (galerie)<\/a><\/p>\n<\/p>\n<p>Edi\u021bia CrystalClip with Crystals by Swarovski adaug\u0103 un ornament deta\u0219abil \u00een form\u0103 de trandafir. Acesta poate r\u0103m\u00e2ne pe casc\u0103 sau poate fi mutat pe geant\u0103, haine, p\u0103l\u0103rie ori \u00een p\u0103r.<\/p>\n<p>Pre\u021burile recomandate anun\u021bate pentru Europa sunt:<\/p>\n<p>Modelul standard a intrat \u00een distribu\u021bie \u00een Europa, Asia-Pacific \u0219i America de Nord \u00een prim\u0103var\u0103, iar edi\u021bia Swarovski a fost programat\u0103 pentru trimestrul al doilea din 2026.<\/p>\n<p>TCL AiMe a trecut de faza de simplu concept<\/p>\n<p>AiMe are cea mai interesant\u0103 evolu\u021bie din grup. Prima genera\u021bie a ap\u0103rut la CES 2025 drept robot AI modular, mai apropiat atunci de o demonstra\u021bie a direc\u021biei TCL dec\u00e2t de un gadget gata de cump\u0103rat. \u00centre timp situa\u021bia s-a schimbat. Pe <a href=\"https:\/\/www.tcl.com\/cn\/zh\/tcl-design\/tcl-design-works\/tcl-ai-me-design-story\" rel=\"nofollow noopener noreferrer\" target=\"_blank\">pagina oficial\u0103 TCL China dedicat\u0103 AiMe<\/a>, compania descrie a doua genera\u021bie drept model de produc\u021bie, dezvoltat pentru familii cu copii, iar precomenzile au \u00eenceput pe JD.com la 8 august 2026.<\/p>\n<p style=\"text-align:center\"><a href=\"https:\/\/www.europesays.com\/ro\/wp-content\/uploads\/2026\/09\/p2-1.jpg\" target=\"_blank\"><img decoding=\"async\" alt=\"\" src=\"https:\/\/www.europesays.com\/ro\/wp-content\/uploads\/2026\/09\/p2-1.jpg\" style=\"height:332px; width:592px\"\/><\/a><\/p>\n<p>Nu exist\u0103 \u00een acest moment un anun\u021b echivalent pentru Europa, dar nici nu mai putem pune AiMe pur \u0219i simplu \u00een sertarul cu \u201econcepte de CES care poate nu vor ajunge nic\u0103ieri\u201d.<\/p>\n<p>Noua genera\u021bie folose\u0219te o arhitectur\u0103 dual-chip \u0219i are opt grade de libertate, cu articula\u021bii flexibile care permit mi\u0219c\u0103ri precum ridicarea bra\u021belor \u0219i \u00eentoarcerea capului. Sistemul de deplasare combin\u0103 mai multe tipuri de senzori, percep\u021bie 3D \u0219i naviga\u021bie laser SLAM. Robotul poate cartografia locuin\u021ba, evita obstacolele, urm\u0103ri autonom o persoan\u0103, recunoa\u0219te obiecte \u0219i reveni singur la sta\u021bia de \u00eenc\u0103rcare.<\/p>\n<p>Asta \u00eel scoate din categoria boxei inteligente cu o fa\u021b\u0103 simpatic\u0103. AiMe se mi\u0219c\u0103 efectiv prin cas\u0103 \u0219i \u00eencearc\u0103 s\u0103 \u00een\u021beleag\u0103 spa\u021biul din jur.<\/p>\n<p>Software-ul este \u00eemp\u0103r\u021bit \u00een trei componente.<\/p>\n<ul>\n<li>Living Spark este motorul emo\u021bional care coordoneaz\u0103 expresiile, mi\u0219c\u0103rile \u0219i r\u0103spunsurile robotului.<\/li>\n<li>Living Sense gestioneaz\u0103 interac\u021biunea multimodal\u0103 \u0219i \u00eencearc\u0103 s\u0103 interpreteze vocea, gesturile \u0219i starea emo\u021bional\u0103 a copilului.<\/li>\n<li>ProActive Mind combin\u0103 procesarea local\u0103 \u0219i cloud-ul pentru decizie autonom\u0103, memorie pe termen lung \u0219i coordonarea interac\u021biunilor.<\/li>\n<\/ul>\n<p>Aici scepticismul este obligatoriu: recunoa\u0219terea emo\u021biilor \u0219i ideea unui robot care \u201e\u00een\u021belege\u201d tot mai bine copilul sunt afirma\u021bii ale TCL. C\u00e2t de bine func\u021bioneaz\u0103 \u00een lumea real\u0103 r\u0103m\u00e2ne de demonstrat pe produsul comercial.<\/p>\n<p class=\"photoGallery\"><a class=\"ui-action-gallery-overlay\" data-photo-gallery-id=\"15827\"><img class=\"articleGalleryPreviewImage\" src=\"https:\/\/www.europesays.com\/ro\/wp-content\/uploads\/2026\/09\/6a99911e1e3c4.jpg\" alt=\"TCL AiMe (galerie)\" width=\"592\" height=\"793\" loading=\"lazy\" decoding=\"async\"\/>TCL AiMe (galerie)<\/a><\/p>\n<p>TCL \u00eencearc\u0103 s\u0103 evite modelul unui profesor AI care doar r\u0103spunde la \u00eentreb\u0103ri. AiMe poate integra juc\u0103riile existente \u00een activit\u0103\u021bi de role-play, de la un mic restaurant la jocuri cu ma\u0219ini.<\/p>\n<p>AiMe Little Mailbox livreaz\u0103 copilului mesaje la care acesta poate r\u0103spunde prin desen sau texte simple, iar AiMe Little Theater \u00eel implic\u0103 \u00een construirea personajelor, decorului \u0219i pove\u0219tii. Mai exist\u0103 conversa\u021bii pentru exersarea limbii engleze, explica\u021bii de cultur\u0103 general\u0103 \u0219i dans pe muzic\u0103 pentru copii. TCL spune c\u0103 biblioteca de activit\u0103\u021bi va fi extins\u0103 prin actualiz\u0103ri OTA.<\/p>\n<p>AiMe poate afi\u0219a sau rosti remindere \u00eenainte de plecarea de acas\u0103, poate anun\u021ba vremea \u0219i poate aminti copilului de umbrel\u0103, c\u0103r\u021bi sau rechizite. Pentru trezire \u0219i sp\u0103latul pe din\u021bi, TCL prefer\u0103 interac\u021biuni \u0219i mini-jocuri \u00een locul unei simple alarme. Sunt descrise rutine pentru diminea\u021b\u0103, dup\u0103 \u0219coal\u0103, \u00eenainte \u0219i dup\u0103 mas\u0103 \u0219i \u00eenainte de culcare. Mai exist\u0103 badge-uri NFC tematice. Copilul poate alege seara un badge, iar \u00een ziua urm\u0103toare AiMe genereaz\u0103 o experien\u021b\u0103 sau o poveste legat\u0103 de tema respectiv\u0103, precum p\u0103durea sau un canion.<\/p>\n<p>Ce este de fapt nou la IFA 2026<\/p>\n<p>RayNeo iO \u0219i GT Max sunt, a\u0219adar, nout\u0103\u021bile propriu-zise de la Berlin. Primul pariaz\u0103 c\u0103 unii utilizatori vor informa\u021bii \u0219i AI \u00een fa\u021ba ochilor f\u0103r\u0103 s\u0103 poarte \u0219i o camer\u0103, al doilea pune aproape tot hardware-ul disponibil \u00een slujba unui ecran virtual c\u00e2t un perete.<\/p>\n<p class=\"photoGallery\"><a class=\"ui-action-gallery-overlay\" data-photo-gallery-id=\"15820\"><img class=\"articleGalleryPreviewImage\" src=\"https:\/\/www.europesays.com\/ro\/wp-content\/uploads\/2026\/09\/6a9992a5802e0.jpg\" alt=\"TCL- IFA 2026 (galerie)\" width=\"1200\" height=\"675\" loading=\"lazy\" decoding=\"async\"\/>TCL- IFA 2026 (galerie)<\/a><\/p>\n<p>CrystalClip are rolul mai conven\u021bional al c\u0103\u0219tilor open-ear, \u00een vreme ce AiMe este pariul cu b\u0103taia cea mai lung\u0103. Diferen\u021ba este c\u0103 robotul a trecut deja de la prototipul CES la o a doua genera\u021bie destinat\u0103 comercializ\u0103rii \u00een China. Pentru Europa nu exist\u0103 \u00eenc\u0103 un calendar anun\u021bat.<\/p>\n","protected":false},"excerpt":{"rendered":"TCL mut\u0103 o parte din experien\u021ba digital\u0103 de pe telefon spre ochelari, c\u0103\u0219ti \u0219i robo\u021bi. La IFA 2026,&hellip;\n","protected":false},"author":2,"featured_media":287061,"comment_status":"","ping_status":"","sticky":false,"template":"","format":"standard","meta":{"footnotes":"","_share_on_mastodon":"0"},"categories":[16],"tags":[1129,274,79064,22514,68356,25039,79061,79060,41,79065,40,38,39,2280,79063,79062,141,124],"class_list":["post-287060","post","type-post","status-publish","format-standard","has-post-thumbnail","category-tehnologie","tag-ai","tag-android","tag-ar-vr","tag-casti-open-ear","tag-ifa-2026","tag-ochelari-inteligenti","tag-rayneo-gt-max","tag-rayneo-io","tag-ro","tag-robot-ai","tag-romana","tag-romania","tag-romanian","tag-tcl","tag-tcl-aime","tag-tcl-crystalclip","tag-technology","tag-tehnologie"],"share_on_mastodon":{"url":"https:\/\/pubeurope.com\/@ro\/117208642648969868","error":""},"_links":{"self":[{"href":"https:\/\/www.europesays.com\/ro\/wp-json\/wp\/v2\/posts\/287060","targetHints":{"allow":["GET"]}}],"collection":[{"href":"https:\/\/www.europesays.com\/ro\/wp-json\/wp\/v2\/posts"}],"about":[{"href":"https:\/\/www.europesays.com\/ro\/wp-json\/wp\/v2\/types\/post"}],"author":[{"embeddable":true,"href":"https:\/\/www.europesays.com\/ro\/wp-json\/wp\/v2\/users\/2"}],"replies":[{"embeddable":true,"href":"https:\/\/www.europesays.com\/ro\/wp-json\/wp\/v2\/comments?post=287060"}],"version-history":[{"count":0,"href":"https:\/\/www.europesays.com\/ro\/wp-json\/wp\/v2\/posts\/287060\/revisions"}],"wp:featuredmedia":[{"embeddable":true,"href":"https:\/\/www.europesays.com\/ro\/wp-json\/wp\/v2\/media\/287061"}],"wp:attachment":[{"href":"https:\/\/www.europesays.com\/ro\/wp-json\/wp\/v2\/media?parent=287060"}],"wp:term":[{"taxonomy":"category","embeddable":true,"href":"https:\/\/www.europesays.com\/ro\/wp-json\/wp\/v2\/categories?post=287060"},{"taxonomy":"post_tag","embeddable":true,"href":"https:\/\/www.europesays.com\/ro\/wp-json\/wp\/v2\/tags?post=287060"}],"curies":[{"name":"wp","href":"https:\/\/api.w.org\/{rel}","templated":true}]}}