{"id":287064,"date":"2026-09-03T19:00:17","date_gmt":"2026-09-03T19:00:17","guid":{"rendered":"https:\/\/www.europesays.com\/ro\/287064\/"},"modified":"2026-09-03T19:00:17","modified_gmt":"2026-09-03T19:00:17","slug":"ccr-declara-drept-neconstitutionala-desemnarea-majoritatii-politice-din-consiliile-de-administratie-ale-tvr-si-radio-romania","status":"publish","type":"post","link":"https:\/\/www.europesays.com\/ro\/287064\/","title":{"rendered":"CCR declar\u0103 drept neconstitu\u021bional\u0103 desemnarea majorit\u0103\u021bii politice din Consiliile de Administra\u021bie ale TVR \u0219i Radio Rom\u00e2nia"},"content":{"rendered":"<p>\t    <img loading=\"lazy\" decoding=\"async\" class=\"mg-x-auto\" width=\"30\" height=\"30\" src=\"https:\/\/www.europesays.com\/ro\/wp-content\/uploads\/2026\/09\/1788462017_511_google-g-w.png\" alt=\"\"\/>\t\t\t    <\/p>\n<p id=\"p-0\">Este vorba despre <a href=\"https:\/\/www.ccr.ro\/wp-content\/uploads\/2026\/09\/Decizie_394_2026.pdf\" target=\"_blank\" rel=\"noopener nofollow\">Decizia nr. 394<\/a> din 29 aprilie 2026, referitoare la Hot\u0103r\u00e2rea Parlamentului nr. 45\/2025 privind CA al Societ\u0103\u021bii Rom\u00e2ne de Televiziune, \u0219i <a href=\"https:\/\/www.ccr.ro\/wp-content\/uploads\/2026\/09\/Decizie_395_2026.pdf\" target=\"_blank\" rel=\"noopener nofollow\">Decizia nr. 395<\/a> din aceea\u0219i zi.<\/p>\n<p id=\"p-1\">Acestea fac referire la Hot\u0103r\u00e2rea Parlamentului nr. 46\/2025 privind CA al Societ\u0103\u021bii Rom\u00e2ne de Radiodifuziune.<\/p>\n<p>Ce se arat\u0103 \u00een hot\u0103r\u00e2rile Cur\u021bii<\/p>\n<p id=\"p-2\">CCR spune c\u0103, dup\u0103 publicarea deciziei: \u201eactul de numire efectuat de Parlament potrivit art.19 alin.(7) din Legea nr.41\/1994, \u00een considerarea componen\u021bei Consiliului de administra\u021bie al SRTV astfel cum a fost stabilit\u0103 prin Hot\u0103r\u00e2rea Parlamentului Rom\u00e2niei nr.45\/2025, \u00ee\u0219i \u00eenceteaz\u0103 efectele juridice\u201d.<\/p>\n<p id=\"p-3\">Curtea adaug\u0103 c\u0103 Parlamentul va trebui s\u0103 fac\u0103 o nou\u0103 numire, dintre persoanele care vor alc\u0103tui noua componen\u021b\u0103 a CA.<\/p>\n<p id=\"p-4\">Se face referire la numirea pre\u0219edintelui Consiliului de Administra\u021bie, realizat\u0103 \u00een baza art. 19 alin. (7) din Legea nr. 41\/1994. Pre\u0219edintele CA este, potrivit aceleia\u0219i legi, directorul general al societ\u0103\u021bii. Adriana S\u0103ftoiu a fost numit\u0103 de Parlament \u00een aceast\u0103 func\u021bie la 26 noiembrie 2025, cu 230 de voturi pentru \u0219i unul \u00eempotriv\u0103.<\/p>\n<p id=\"p-5\">CCR nu aplic\u0103 retroactiv neconstitu\u021bionalitatea asupra voturilor date p\u00e2n\u0103 acum de CA, dar nici nu permite ca \u0219eful ales \u00een baza acelei configura\u021bii s\u0103-\u0219i continue mandatul de patru ani dup\u0103 publicare.<\/p>\n<p id=\"p-6\">Acela\u0219i lucru se arat\u0103 \u0219i \u00een\u00a0Decizia nr. 395 privind Radio Rom\u00e2nia.<\/p>\n<p id=\"p-7\">CCR stabile\u0219te c\u0103 actul de numire realizat de Parlament \u00een baza art. 19 alin. (7), \u201e\u00een considerarea componen\u021bei Consiliului de administra\u021bie al SRR\u201d stabilite prin HP nr. 46\/2025, \u201e\u00ee\u0219i \u00eenceteaz\u0103 efectele juridice la data public\u0103rii prezentei decizii \u00een Monitorul Oficial\u201d.<\/p>\n<p id=\"p-8\">\u0218i aici, Parlamentul este obligat s\u0103 fac\u0103 o nou\u0103 numire, dintre membrii noii componen\u021be a CA. \u00cen acest caz este vorba despre Robert Cristian Schwartz, validat de Parlament \u00een 26 noiembrie 2025 cu 241 de voturi pentru \u0219i dou\u0103 \u00eempotriv\u0103.<\/p>\n<p>Context<\/p>\n<p id=\"p-9\">Decizia CCR vine \u00een contextul \u00een care partidul AUR a sesizat Curtea Constitu\u021bional\u0103 cu privire la faptul c\u0103 nu a primit locurile cuvenite.<\/p>\n<p id=\"p-10\">La 18 noiembrie 2025, c\u00e2nd au fost f\u0103cute desemn\u0103rile, situa\u021bia re\u021binut\u0103 chiar de CCR era:<\/p>\n<ul>\n<li>PSD \u2013 129 parlamentari, 27,8%;<\/li>\n<li>AUR \u2013 90, 19,4%;<\/li>\n<li>PNL \u2013 73, 15,7%;<\/li>\n<li>USR \u2013 59, 12,7%;<\/li>\n<li>UDMR \u2013 32, 6,9%.<\/li>\n<\/ul>\n<p id=\"p-11\">Astfel, CCR constat\u0103 c\u0103 aceast\u0103 realitate nu s-a reflectat \u00een distribu\u021bia mandatelor.<\/p>\n","protected":false},"excerpt":{"rendered":"Este vorba despre Decizia nr. 394 din 29 aprilie 2026, referitoare la Hot\u0103r\u00e2rea Parlamentului nr. 45\/2025 privind CA&hellip;\n","protected":false},"author":2,"featured_media":287065,"comment_status":"","ping_status":"","sticky":false,"template":"","format":"standard","meta":{"footnotes":"","_share_on_mastodon":"0"},"categories":[10],"tags":[32,33,31,7477,36,37,27,34,35,25,25408,41,40,38,39,26,28,29,30,10026],"class_list":["post-287064","post","type-post","status-publish","format-standard","has-post-thumbnail","category-romania","tag-breaking-news","tag-breakingnews","tag-cele-mai-populare-subiecte","tag-curtea-constitutionala-a-romaniei","tag-featured-news","tag-featurednews","tag-headlines","tag-latest-news","tag-latestnews","tag-news","tag-radio-romania","tag-ro","tag-romana","tag-romania","tag-romanian","tag-stiri","tag-titluri","tag-top-stories","tag-topstories","tag-tvr"],"share_on_mastodon":{"url":"https:\/\/pubeurope.com\/@ro\/117208654160386250","error":""},"_links":{"self":[{"href":"https:\/\/www.europesays.com\/ro\/wp-json\/wp\/v2\/posts\/287064","targetHints":{"allow":["GET"]}}],"collection":[{"href":"https:\/\/www.europesays.com\/ro\/wp-json\/wp\/v2\/posts"}],"about":[{"href":"https:\/\/www.europesays.com\/ro\/wp-json\/wp\/v2\/types\/post"}],"author":[{"embeddable":true,"href":"https:\/\/www.europesays.com\/ro\/wp-json\/wp\/v2\/users\/2"}],"replies":[{"embeddable":true,"href":"https:\/\/www.europesays.com\/ro\/wp-json\/wp\/v2\/comments?post=287064"}],"version-history":[{"count":0,"href":"https:\/\/www.europesays.com\/ro\/wp-json\/wp\/v2\/posts\/287064\/revisions"}],"wp:featuredmedia":[{"embeddable":true,"href":"https:\/\/www.europesays.com\/ro\/wp-json\/wp\/v2\/media\/287065"}],"wp:attachment":[{"href":"https:\/\/www.europesays.com\/ro\/wp-json\/wp\/v2\/media?parent=287064"}],"wp:term":[{"taxonomy":"category","embeddable":true,"href":"https:\/\/www.europesays.com\/ro\/wp-json\/wp\/v2\/categories?post=287064"},{"taxonomy":"post_tag","embeddable":true,"href":"https:\/\/www.europesays.com\/ro\/wp-json\/wp\/v2\/tags?post=287064"}],"curies":[{"name":"wp","href":"https:\/\/api.w.org\/{rel}","templated":true}]}}