{"id":287072,"date":"2026-09-03T19:06:10","date_gmt":"2026-09-03T19:06:10","guid":{"rendered":"https:\/\/www.europesays.com\/ro\/287072\/"},"modified":"2026-09-03T19:06:10","modified_gmt":"2026-09-03T19:06:10","slug":"politicianul-israelian-de-extrema-dreapta-ben-gvir-prezinta-un-plan-de-golire-a-fasiei-gaza-de-populatia-palestiniana","status":"publish","type":"post","link":"https:\/\/www.europesays.com\/ro\/287072\/","title":{"rendered":"Politicianul israelian de extrem\u0103 dreapt\u0103 Ben Gvir prezint\u0103 un plan de golire a F\u00e2\u015fiei Gaza de popula\u0163ia palestinian\u0103"},"content":{"rendered":"<p>                        <img loading=\"lazy\" decoding=\"async\" width=\"30\" height=\"30\" src=\"https:\/\/www.europesays.com\/ro\/wp-content\/uploads\/2026\/09\/1788462370_293_google-g.png\" alt=\"Google Split\"\/>    <\/p>\n<p id=\"p-0\">Ministrul israelian de extrem\u0103-dreapta al securit\u0103\u0163ii na\u0163ionale, Itamar Ben-Gvir, a prezentat joi un plan de golire a F\u00e2\u015fiei Gaza de popula\u0163ia palestinian\u0103, care ar urma s\u0103 fie trimis\u0103 \u00een alte \u0163\u0103ri, o propunere care vine \u00eenaintea alegerilor legislative ce vor avea loc \u00een Israel \u00een octombrie, relateaz\u0103 AFP. <\/p>\n<p id=\"p-1\">\tPlanul prezentat stabile\u015fte ca obiectiv plecarea a circa 250.000 de palestinieni din F\u00e2\u015fia Gaza \u00een decurs de un an, \u00een prima etap\u0103, apoi plecarea \u015fi a celorlal\u0163i aproximativ dou\u0103 milioane de locuitori din teritoriul devastat de r\u0103zboiul dintre Israel \u015fi gruparea Hamas. <\/p>\n<p>&#8211; articolul continu\u0103 mai jos &#8211;<\/p>\n<p id=\"p-2\">\t\u201eEste realist\u201d, a sus\u0163inut respectivul ministru, ale c\u0103rui declara\u0163ii sunt condamnate cu regularitate \u00een str\u0103in\u0103tate. El a spus de asemenea c\u0103 mai multe \u0163\u0103ri sunt \u201epreg\u0103tite\u201d s\u0103-i primeasc\u0103 pe locuitorii palestinieni din F\u00e2\u015fia Gaza, f\u0103r\u0103 a le preciza. <\/p>\n<p id=\"p-3\">\tMinistrul Itamar Ben Gvir a \u00eendemnat recent la noi ucideri ale palestinienilor \u00een F\u00e2\u015fia Gaza. \u201eCred c\u0103 elimin\u0103ri \u0163intite ar trebuie f\u0103cute \u00een fiecare noapte \u00een Gaza. Elimina\u0163i 30 sau 40 dintre ei\u201d, a spus el \u00eentr-un podcast cu un fost ostatic din F\u00e2\u015fia Gaza, transmite Agerpres.<\/p>\n<p id=\"p-4\">\t\u201eNu doar pe aceia care v\u0103 pun \u00een pericol chiar \u00een acest moment. Ace\u015ftia sunt oameni care nu ar trebui s\u0103 fie \u00een via\u0163\u0103\u201d, a continuat el. \u201eLe fac un compliment calific\u00e2ndu-i drept fiin\u0163e umane\u201d, a mai spus ministrul israelian, care a anun\u0163at \u00een urm\u0103 cu dou\u0103 s\u0103pt\u0103m\u00e2ni \u00eenceperea construc\u0163iei unui \u201ecentru de sp\u00e2nzurare\u201d pentru palestinienii condamna\u0163i la moarte.<\/p>\n<p id=\"p-5\">\t\u00cen luna mai, dup\u0103 interceptarea de c\u0103tre Israel a Flotilei pentru Gaza, ministrul Itamar Ben Gvir a publicat un videoclip \u00een care membrii flotilei sunt v\u0103zu\u0163i \u00een portul Ashdod \u00eengenunchea\u0163i cu fa\u0163a \u00een jos, \u00eenc\u0103tu\u015fa\u0163i cu m\u00e2inile la spate \u015fi \u00eenghesui\u0163i \u00eentr-un spa\u0163iu \u00eengust. \u201eBun venit \u00een Israel!\u201d, spune el \u00een videoclip, z\u00e2mbind \u00een timp ce flutur\u0103 un drapel israelian, iar dintr-un difuzor se aude imnul Israelului.<\/p>\n","protected":false},"excerpt":{"rendered":"Ministrul israelian de extrem\u0103-dreapta al securit\u0103\u0163ii na\u0163ionale, Itamar Ben-Gvir, a prezentat joi un plan de golire a F\u00e2\u015fiei&hellip;\n","protected":false},"author":2,"featured_media":287073,"comment_status":"","ping_status":"","sticky":false,"template":"","format":"standard","meta":{"footnotes":"","_share_on_mastodon":"0"},"categories":[12],"tags":[65584,32,33,31,1883,36,37,27,74,34,35,25,41,40,38,39,26,28,29,30,71,72,73],"class_list":["post-287072","post","type-post","status-publish","format-standard","has-post-thumbnail","category-international","tag-ben-gvir","tag-breaking-news","tag-breakingnews","tag-cele-mai-populare-subiecte","tag-fasia-gaza","tag-featured-news","tag-featurednews","tag-headlines","tag-international","tag-latest-news","tag-latestnews","tag-news","tag-ro","tag-romana","tag-romania","tag-romanian","tag-stiri","tag-titluri","tag-top-stories","tag-topstories","tag-world","tag-world-news","tag-worldnews"],"share_on_mastodon":{"url":"https:\/\/pubeurope.com\/@ro\/117208677747909746","error":""},"_links":{"self":[{"href":"https:\/\/www.europesays.com\/ro\/wp-json\/wp\/v2\/posts\/287072","targetHints":{"allow":["GET"]}}],"collection":[{"href":"https:\/\/www.europesays.com\/ro\/wp-json\/wp\/v2\/posts"}],"about":[{"href":"https:\/\/www.europesays.com\/ro\/wp-json\/wp\/v2\/types\/post"}],"author":[{"embeddable":true,"href":"https:\/\/www.europesays.com\/ro\/wp-json\/wp\/v2\/users\/2"}],"replies":[{"embeddable":true,"href":"https:\/\/www.europesays.com\/ro\/wp-json\/wp\/v2\/comments?post=287072"}],"version-history":[{"count":0,"href":"https:\/\/www.europesays.com\/ro\/wp-json\/wp\/v2\/posts\/287072\/revisions"}],"wp:featuredmedia":[{"embeddable":true,"href":"https:\/\/www.europesays.com\/ro\/wp-json\/wp\/v2\/media\/287073"}],"wp:attachment":[{"href":"https:\/\/www.europesays.com\/ro\/wp-json\/wp\/v2\/media?parent=287072"}],"wp:term":[{"taxonomy":"category","embeddable":true,"href":"https:\/\/www.europesays.com\/ro\/wp-json\/wp\/v2\/categories?post=287072"},{"taxonomy":"post_tag","embeddable":true,"href":"https:\/\/www.europesays.com\/ro\/wp-json\/wp\/v2\/tags?post=287072"}],"curies":[{"name":"wp","href":"https:\/\/api.w.org\/{rel}","templated":true}]}}