{"id":287078,"date":"2026-09-03T19:09:10","date_gmt":"2026-09-03T19:09:10","guid":{"rendered":"https:\/\/www.europesays.com\/ro\/287078\/"},"modified":"2026-09-03T19:09:10","modified_gmt":"2026-09-03T19:09:10","slug":"florin-tanase-a-debutat-la-omonia-nicosia-si-a-pierdut-primul-trofeu","status":"publish","type":"post","link":"https:\/\/www.europesays.com\/ro\/287078\/","title":{"rendered":"Florin T\u0103nase a debutat la Omonia Nicosia \u0219i a pierdut primul trofeu"},"content":{"rendered":"\n<ul class=\"bullets\">\n<li>\n<p>SuperLiga: CFR &#8211; Farul, vineri, 20:30, DGS 1<\/p>\n<\/li>\n<li>\n<p>Liga 2: Slatina &#8211; Chindia, vineri, 17:30, DGS 1<\/p>\n<\/li>\n<\/ul>\n<p>Echipa campioan\u0103 a Ciprului a pierdut Supercupa, \u00eenvins\u0103 de Pafos cu 1-0, dup\u0103 un gol marcat de Lele \u00een minutul 74.<\/p>\n<p>Florin T\u0103nase, debut la Omonia Nicosia \u00een Supercupa Ciprului cu Pafos<\/p>\n<p>Florin T\u0103nase a \u00eenceput meciul pe banca de rezerve, dar a fost trimis \u00een teren la pauza meciului. A intrat \u00een locul lui Muamer Tankovic \u0219i a jucat \u00een spatele atacantului, \u00een sistem 4-2-3-1.<\/p>\n<p>  <img decoding=\"async\" data-skip-htmlfix=\"1\" src=\"https:\/\/www.europesays.com\/ro\/wp-content\/uploads\/2026\/09\/YjlhOWMzODNjZjI5MDk2ZGM1YzI5OWZhZjk4.thumb.jpg\" alt=\"Screenshot 2026-09-03 212037\"\/>   Florin T\u0103nase \/ Foto: Facebook@omonoiafc  <\/p>\n<p>Pe teren a mai fost un rom\u00e2n, Vlad Dragomir, integralist la Pafos.<\/p>\n<p>Dup\u0103 ce au pierdut Supercupa Ciprului, pentru Florin T\u0103nase \u0219i Omonia Nicosia urmeaz\u0103 meciuri de campionat cu Aris \u0219i cu Apollon. Apoi, pe 16 septembrie, de la ora 19:45, este programat debutul \u00een faza ligii din Europa League, cu Celta Vigo, forma\u021bia la care portar titular este Ionu\u021b Radu.<\/p>\n<p>0-1 cu Pafos este al doilea rezultat negativ \u00eenregistrat de Omonia Nicosia \u00een acest sezon, din dou\u0103 meciuri jucate. La debut, \u00een prima etap\u0103 de campionat, Omonia Nicosia, f\u0103r\u0103 Florin T\u0103nase, a f\u0103cut egal, 0-0, cu Omonia Aradippou.<\/p>\n<p>Florin T\u0103nase, contract pe doi ani la Omonia Nicosia<\/p>\n<p>Florin T\u0103nase a semnat un contract valabil doi ani cu Omonia Nicosia, care <a href=\"https:\/\/www.digisport.ro\/fotbal\/fotbal-international\/lovitura-uriasa-ce-salariu-va-incasa-florin-tanase-4458537\" target=\"_blank\" rel=\"noopener nofollow\" data-skip-linkfix=\"1\">\u00eel va pl\u0103ti cu 60.000 de euro pe lun\u0103<\/a>, salariu fa\u021b\u0103 de cel pe care mijloca\u0219ul ofensiv \u00eel avea la FCSB.<\/p>\n<p>Omonia Nicosia nu a pl\u0103tit vreun ban pentru transferul lui Florin T\u0103nase, care a putut pleca gratis ca urmare a unei \u00een\u021belegeri avute cu Gigi Becali.<\/p>\n<p>\u201dMerg la o echip\u0103 important\u0103, o echip\u0103 cu istorie foarte mare \u00een \u021bara ei, o echip\u0103 care joac\u0103 \u00een Europa. Sunt fericit. Dup\u0103 ce s-a \u00eent\u00e2mplat \u00een ultimele zile, nu a\u0219 vrea s\u0103 vorbesc acum, o voi face \u00een viitorul apropiat. Trebuie s\u0103 merg acolo s\u0103 fac vizita medical\u0103.<\/p>\n<p>Sunt entuziasmat, e clar, pentru c\u0103 altfel nu plecam, dar \u0219ti\u021bi prea bine c\u0103 Steaua (n.r. FCSB) este \u00een sufletul meu. Nu regret c\u0103 n-am plecat \u00een China, n-am de ce s\u0103 regret, asta a fost alegerea mea atunci, s\u0103 r\u0103m\u00e2n acas\u0103. Acum e ceva diferit, pentru c\u0103 am \u0219ansa s\u0103 joc \u00een Europa League.<\/p>\n<p>A fost visul meu s\u0103 joc la Steaua (n.r. FCSB), sunt fericit c\u0103 am putut s\u0103 o fac de at\u00e2t de multe ori, s\u0103 ajut echipa de multe ori. A fost un vis devenit realitate, pe care orice mic fotbalist \u00eel are. M\u0103 simt \u00eemplinit, cu siguran\u021b\u0103 echipa, suporterii vor r\u0103m\u00e2ne \u00een sufletul meu.<\/p>\n<p>Nu vreau s\u0103 dezvolt acum, \u00een viitorul apropiat cu siguran\u021b\u0103 le ve\u021bi afla. Cu suporterii am r\u0103mas \u00een rela\u021bii bune, \u00een ce rela\u021bie s\u0103 r\u0103m\u00e2n cu suporterii? Le mul\u021bumesc pentru aceast\u0103 perioad\u0103 \u0219i a\u0219 vrea s\u0103 le spun s\u0103 r\u0103m\u00e2n\u0103 l\u00e2ng\u0103 echip\u0103, pentru c\u0103 are nevoie.<\/p>\n<p>Cum s\u0103 plec cu inima str\u00e2ns\u0103? Plec cu inima deschis\u0103, ner\u0103bd\u0103tor s\u0103 ajung acolo, s\u0103-mi cunosc noii colegi \u0219i s\u0103 m\u0103 apuc de treab\u0103. Eu sper s\u0103 se redreseze situa\u021bia echipei, dar, cum a\u021bi spus \u0219i voi, sunt foarte multe plec\u0103ri \u0219i e greu pentru echip\u0103. Nu e ok\u201d, a declarat Florin T\u0103nase, la plecarea din Rom\u00e2nia.<\/p>\n<p>  Etichete:  <a href=\"https:\/\/www.digisport.ro\/eticheta\/cipru\" rel=\"nofollow noopener\" target=\"_blank\">cipru<\/a> , <a href=\"https:\/\/www.digisport.ro\/eticheta\/omonia-nicosia\" rel=\"nofollow noopener\" target=\"_blank\">omonia nicosia<\/a> , <a href=\"https:\/\/www.digisport.ro\/eticheta\/florin-tanase\" rel=\"nofollow noopener\" target=\"_blank\">florin tanase<\/a> , <a href=\"https:\/\/www.digisport.ro\/eticheta\/pafos\" rel=\"nofollow noopener\" target=\"_blank\">pafos<\/a> , <a href=\"https:\/\/www.digisport.ro\/eticheta\/supercupa-ciprului\" rel=\"nofollow noopener\" target=\"_blank\">supercupa ciprului<\/a>   <\/p>\n<p>Urm\u0103re\u0219te \u0219tirile digisport.ro \u0219i pe <a href=\"https:\/\/news.google.com\/publications\/CAAiENr1L9HFNMG5hpp5zTfVtpsqFAgKIhDa9S_RxTTBuYaaec031bab?ceid=RO:ro&amp;oc=3\" target=\"_blank\" rel=\"external nofollow noopener\">Google News<\/a><\/p>\n<p>   Noua Aplica\u0163ie Digi Sport poate fi desc\u0103rcat\u0103 din   <\/p>\n","protected":false},"excerpt":{"rendered":"SuperLiga: CFR &#8211; Farul, vineri, 20:30, DGS 1 Liga 2: Slatina &#8211; Chindia, vineri, 17:30, DGS 1 Echipa&hellip;\n","protected":false},"author":2,"featured_media":287079,"comment_status":"","ping_status":"","sticky":false,"template":"","format":"standard","meta":{"footnotes":"","_share_on_mastodon":"0"},"categories":[20],"tags":[6999,4340,61743,4730,41,40,38,39,185,184,79068],"class_list":["post-287078","post","type-post","status-publish","format-standard","has-post-thumbnail","category-sport","tag-cipru","tag-florin-tanase","tag-omonia-nicosia","tag-pafos","tag-ro","tag-romana","tag-romania","tag-romanian","tag-sport","tag-sports","tag-supercupa-ciprului"],"share_on_mastodon":{"url":"https:\/\/pubeurope.com\/@ro\/117208689446842593","error":""},"_links":{"self":[{"href":"https:\/\/www.europesays.com\/ro\/wp-json\/wp\/v2\/posts\/287078","targetHints":{"allow":["GET"]}}],"collection":[{"href":"https:\/\/www.europesays.com\/ro\/wp-json\/wp\/v2\/posts"}],"about":[{"href":"https:\/\/www.europesays.com\/ro\/wp-json\/wp\/v2\/types\/post"}],"author":[{"embeddable":true,"href":"https:\/\/www.europesays.com\/ro\/wp-json\/wp\/v2\/users\/2"}],"replies":[{"embeddable":true,"href":"https:\/\/www.europesays.com\/ro\/wp-json\/wp\/v2\/comments?post=287078"}],"version-history":[{"count":0,"href":"https:\/\/www.europesays.com\/ro\/wp-json\/wp\/v2\/posts\/287078\/revisions"}],"wp:featuredmedia":[{"embeddable":true,"href":"https:\/\/www.europesays.com\/ro\/wp-json\/wp\/v2\/media\/287079"}],"wp:attachment":[{"href":"https:\/\/www.europesays.com\/ro\/wp-json\/wp\/v2\/media?parent=287078"}],"wp:term":[{"taxonomy":"category","embeddable":true,"href":"https:\/\/www.europesays.com\/ro\/wp-json\/wp\/v2\/categories?post=287078"},{"taxonomy":"post_tag","embeddable":true,"href":"https:\/\/www.europesays.com\/ro\/wp-json\/wp\/v2\/tags?post=287078"}],"curies":[{"name":"wp","href":"https:\/\/api.w.org\/{rel}","templated":true}]}}