{"id":287135,"date":"2026-09-03T19:58:11","date_gmt":"2026-09-03T19:58:11","guid":{"rendered":"https:\/\/www.europesays.com\/ro\/287135\/"},"modified":"2026-09-03T19:58:11","modified_gmt":"2026-09-03T19:58:11","slug":"nota-lui-florin-tanase-dupa-ce-a-debutat-la-omonia-nicosia-in-fata-echipei-lui-vlad-dragomir","status":"publish","type":"post","link":"https:\/\/www.europesays.com\/ro\/287135\/","title":{"rendered":"Nota lui Florin T\u0103nase dup\u0103 ce a debutat la Omonia Nicosia \u00een fa\u021ba echipei lui Vlad Dragomir"},"content":{"rendered":"<p>\t    <img loading=\"lazy\" decoding=\"async\" class=\"mg-x-auto\" width=\"30\" height=\"30\" src=\"https:\/\/www.europesays.com\/ro\/wp-content\/uploads\/2026\/09\/1788465490_404_google-g.png\" alt=\"\"\/><\/p>\n<p id=\"p-0\">La doar dou\u0103 zile dup\u0103 ce a p\u0103r\u0103sit-o pe FCSB, Florin T\u0103nase a debutat pentru Omonia Nicosia, \u00een Supercupa Ciprului, \u00een \u00eenfr\u00e2ngerea pe care echipa lui a suferit-o \u00een fa\u021ba celor de la Pafos, scor 1-0.<\/p>\n<p id=\"p-1\">Experimentatul fotbalist a fost introdus \u00een teren \u00een minutul 46, dar nu a putut s\u0103 \u00ee\u0219i ajute echipa s\u0103 cucereasc\u0103 primul trofeu pus \u00een joc \u00een fotbalul cipriot \u00een noul sezon competi\u021bional.<\/p>\n<p id=\"p-2\">De altfel, ProSport a anun\u021bat \u00een exclusivitate \u00eenc\u0103 de pe 1 septembrie c\u0103 <a style=\"color: #0000ff;\" href=\"https:\/\/www.prosport.ro\/fotbal-extern\/florin-tanase-omonia-debut-nicosia-supercupa-decizie-lot-supercupa-ciprului-transfer-vlad-dragomir-20515511\" rel=\"nofollow noopener\" target=\"_blank\">antrenorul Henning Berg a decis s\u0103-l arunce \u00een lupt\u0103 pe T\u0103nase<\/a> chiar de la primul meci, de\u0219i avea doar dou\u0103 zile la echip\u0103.<\/p>\n<p>                <a href=\"https:\/\/www.prosport.ro\/poze\/ce-a-zis-antrenorul-lui-florin-tanase-despre-roman-dupa-ce-a-debutat-la-omonia-nicosia-in-fata-echipei-lui-vlad-dragomir-a-ratat-sansa-unui-trofeu-20517055\" rel=\"nofollow noopener\" target=\"_blank\">&#13;<br \/>\n                                            <img decoding=\"async\" loading=\"lazy\" fetchpriority=\"low\" src=\"https:\/\/www.europesays.com\/ro\/wp-content\/uploads\/2026\/09\/https:\/\/www.prosport.ro\/wp-content\/uploads\/2026\/09\/florin-tanase-mesaj-de-adio-dupa-ce-a-plecat-de-l.jpeg\" width=\"458\" height=\"305\"\/>&#13;<br \/>\n                                    <\/a><\/p>\n<p>                <a href=\"https:\/\/www.prosport.ro\/poze\/ce-a-zis-antrenorul-lui-florin-tanase-despre-roman-dupa-ce-a-debutat-la-omonia-nicosia-in-fata-echipei-lui-vlad-dragomir-a-ratat-sansa-unui-trofeu-20517055\" rel=\"nofollow noopener\" target=\"_blank\">&#13;<br \/>\n                                            <img decoding=\"async\" loading=\"lazy\" fetchpriority=\"low\" src=\"https:\/\/www.europesays.com\/ro\/wp-content\/uploads\/2026\/09\/https:\/\/www.prosport.ro\/wp-content\/uploads\/2026\/09\/ilie-dumitrescu-l-a-pus-la-punct-pe-florin-tanase.jpeg\" width=\"227\" height=\"151\"\/>&#13;<br \/>\n                                    <\/a><\/p>\n<p>Nota lui Florin T\u0103nase dup\u0103 \u00eenfr\u00e2ngerea cu Pafos<\/p>\n<p id=\"p-3\">Omonia Nicosia \u0219i Pafos s-au \u00eent\u00e2lnit joi, 3 septembrie 2026, \u00een Supercupa Ciprului, \u00eentr-o partid\u0103 pe care echipa rom\u00e2nului Vlad Dragomir a c\u00e2\u0219tigat-o la limit\u0103, scor 1-0.<\/p>\n<p id=\"p-4\">La doar dou\u0103 zile dup\u0103 ce a p\u0103r\u0103sit-o pe FCSB, <a style=\"color: #0000ff;\" href=\"https:\/\/www.prosport.ro\/fotbal-intern\/ce-se-intampla-cu-florin-tanase-la-doua-zile-dupa-transferul-in-cipru-decizia-luata-de-antrenor-20516949\" rel=\"nofollow noopener\" target=\"_blank\">Florin T\u0103nase a debutat pentru Omonia Nicosia<\/a>. Fotbalistul \u00een v\u00e2rst\u0103 de 31 de ani a fost introdus \u00een teren \u00een minutul 46, dar nu a putut s\u0103 \u00ee\u0219i ajute echipa s\u0103 cucereasc\u0103 primul trofeu pus \u00een joc \u00een fotbalul cipriot \u00een noul sezon competi\u021bional.<\/p>\n<p id=\"p-5\">La finalul partidei, antrenorul Henning Berg s-a ar\u0103tat mul\u021bumit de felul \u00een care echipa lui a evoluat \u00een prima repriz\u0103, dar \u0219i dup\u0103 modific\u0103rile efectuate \u00een partea a doua a jocului.<\/p>\n<p id=\"p-6\">\u201eUn meci dificil, \u00eempotriva unei echipe bune. \u00cen prima repriz\u0103 am fost echipa mai bun\u0103, \u00een a doua repriz\u0103 nu am jucat la fel. A fost un meci dificil, \u00eempotriva unei echipe bune. Am fi putut mi\u0219ca mingea mai bine la \u00eenceputul reprizei secunde.<\/p>\n<p id=\"p-7\">Dup\u0103 schimb\u0103ri, am jucat mai bine. Perioada de transferuri r\u0103m\u00e2ne deschis\u0103 pentru \u00eenc\u0103 c\u00e2teva zile, nu m\u0103 a\u0219tept la nicio schimbare\u201d, a declarat Henning Berg, conform <a style=\"color: #000000;\" href=\"https:\/\/l.facebook.com\/l.php?u=https%3A%2F%2Fwww.kerkida.net%2Feidiseis%2Fa-katigoria%2Fomonoia%2Fdyskolo-paihnidi-kontra-se-mia-kali-omada-ti-eipe-gia-metagrafes%3Ffbclid%3DIwcGRvZgVleHRuA2FlbQIxMABicmlkETFpM2RxUFpQWTk2NUp1Q3o1c3J0YwZhcHBfaWQQMjIyMDM5MTc4ODIwMDg5MgABHtAi-vodydgoTMeJmEEVuTBEWJi7Na_d_S-3s5KoYvyxj4e9h5LXdeqXxISO_aem_9jG7e2O-Gt0xZygXu-Goog&amp;h=AUAqxlqW9J1YdRmR4TJY6M29u_-wu29Fzl5YFM_LXmXmM7yLhgInCpknk-LW1BPcSolww3-fKBu_ps0vydJTxZ_M7Q_RQotZ3YEBspEfTIp9dVi9QgYbF6lEmQNt-ODU7-k2yNRVowogPUJsKRDH3Q\" rel=\"nofollow noopener\" target=\"_blank\">presei cipriote<\/a>.<\/p>\n<p>Florin T\u0103nase, mesaj de adio pentru FCSB<\/p>\n<p id=\"p-8\"><a style=\"color: #0000ff;\" href=\"https:\/\/www.prosport.ro\/fotbal-intern\/superliga\/florin-tanase-mesaj-adio-plecat-fcsb-cuvinte-20516551\" rel=\"nofollow noopener\" target=\"_blank\">\u201eTase\u201d a \u021binut s\u0103 mul\u021bumeasc\u0103 tuturor colegilor <\/a>s\u0103i al\u0103turi de care a jucat de-a lungul timpului, antrenorilor, oamenilor din staff \u0219i conduc\u0103torilor din club.<\/p>\n<p id=\"p-9\">La final, mijloca\u0219ul care a semnat cu Omonia Nicosia face plec\u0103ciuni \u00een fa\u021ba suporterilor, fiindu-le pe deplin recunosc\u0103tor pentru sus\u021binere acordat\u0103.<\/p>\n<p id=\"p-10\">\u201eMul\u021bumesc, STEAUA!<\/p>\n<p id=\"p-11\">E greu s\u0103 g\u0103sesc cuvintele potrivite pentru a descrie tot ceea ce am tr\u0103it aici. Au fost ani cu victorii, trofee, bucurii, momente grele, emo\u021bii \u0219i amintiri pe care le voi purta cu mine toat\u0103 via\u021ba.<\/p>\n<p id=\"p-12\">Pentru mine, FCSB nu a fost niciodat\u0103 doar un club. A fost \u0219i va r\u0103m\u00e2ne echipa mea de suflet. A fost o onoare \u0219i o m\u00e2ndrie de fiecare dat\u0103 c\u00e2nd am \u00eembr\u0103cat acest tricou \u0219i am intrat pe teren pentru aceste culori.<\/p>\n<p id=\"p-13\">Le mul\u021bumesc tuturor colegilor al\u0103turi de care am luptat, antrenorilor, staff-ului \u0219i tuturor oamenilor din club care mi-au fost al\u0103turi. Iar vou\u0103, suporterilor, v\u0103 mul\u021bumesc pentru sus\u021binere, pentru \u00eencredere \u0219i pentru toate momentele pe care le-am tr\u0103it \u00eempreun\u0103.<\/p>\n<p id=\"p-14\">Pentru mine \u00eencepe un nou capitol. Plec cu multe amintiri frumoase \u0219i cu recuno\u0219tin\u021b\u0103 pentru tot ce mi-a oferit acest club. O parte din mine va r\u0103m\u00e2ne mereu aici. Mul\u021bumesc pentru tot!!!\u201d, a scris \u201eTase\u201d pe Instagram.<\/p>\n","protected":false},"excerpt":{"rendered":"La doar dou\u0103 zile dup\u0103 ce a p\u0103r\u0103sit-o pe FCSB, Florin T\u0103nase a debutat pentru Omonia Nicosia, \u00een&hellip;\n","protected":false},"author":2,"featured_media":287136,"comment_status":"","ping_status":"","sticky":false,"template":"","format":"standard","meta":{"footnotes":"","_share_on_mastodon":"0"},"categories":[20],"tags":[6999,5701,4340,546,61743,4730,41,40,38,39,185,184,28152],"class_list":["post-287135","post","type-post","status-publish","format-standard","has-post-thumbnail","category-sport","tag-cipru","tag-debut","tag-florin-tanase","tag-nota","tag-omonia-nicosia","tag-pafos","tag-ro","tag-romana","tag-romania","tag-romanian","tag-sport","tag-sports","tag-supercupa"],"share_on_mastodon":{"url":"https:\/\/pubeurope.com\/@ro\/117208882409067164","error":""},"_links":{"self":[{"href":"https:\/\/www.europesays.com\/ro\/wp-json\/wp\/v2\/posts\/287135","targetHints":{"allow":["GET"]}}],"collection":[{"href":"https:\/\/www.europesays.com\/ro\/wp-json\/wp\/v2\/posts"}],"about":[{"href":"https:\/\/www.europesays.com\/ro\/wp-json\/wp\/v2\/types\/post"}],"author":[{"embeddable":true,"href":"https:\/\/www.europesays.com\/ro\/wp-json\/wp\/v2\/users\/2"}],"replies":[{"embeddable":true,"href":"https:\/\/www.europesays.com\/ro\/wp-json\/wp\/v2\/comments?post=287135"}],"version-history":[{"count":0,"href":"https:\/\/www.europesays.com\/ro\/wp-json\/wp\/v2\/posts\/287135\/revisions"}],"wp:featuredmedia":[{"embeddable":true,"href":"https:\/\/www.europesays.com\/ro\/wp-json\/wp\/v2\/media\/287136"}],"wp:attachment":[{"href":"https:\/\/www.europesays.com\/ro\/wp-json\/wp\/v2\/media?parent=287135"}],"wp:term":[{"taxonomy":"category","embeddable":true,"href":"https:\/\/www.europesays.com\/ro\/wp-json\/wp\/v2\/categories?post=287135"},{"taxonomy":"post_tag","embeddable":true,"href":"https:\/\/www.europesays.com\/ro\/wp-json\/wp\/v2\/tags?post=287135"}],"curies":[{"name":"wp","href":"https:\/\/api.w.org\/{rel}","templated":true}]}}