{"id":287141,"date":"2026-09-03T20:04:11","date_gmt":"2026-09-03T20:04:11","guid":{"rendered":"https:\/\/www.europesays.com\/ro\/287141\/"},"modified":"2026-09-03T20:04:11","modified_gmt":"2026-09-03T20:04:11","slug":"blestemat-s-a-operat-pentru-a-cincea-oara-cand-ii-mergea-cel-mai-bine-in-superliga-va-promit-ca-nu-renunt","status":"publish","type":"post","link":"https:\/\/www.europesays.com\/ro\/287141\/","title":{"rendered":"Blestemat! S-a operat pentru a cincea oar\u0103, c\u00e2nd \u00eei mergea cel mai bine \u00een Superliga: \u201eV\u0103 promit c\u0103 NU renun\u021b\u201d"},"content":{"rendered":"<p>\n            Articol de <a rel=\"author nofollow noopener\" href=\"https:\/\/www.gsp.ro\/autor\/remus-dinu-3857.html\" target=\"_blank\">Remus Dinu<\/a>, <a rel=\"author nofollow noopener\" href=\"https:\/\/www.gsp.ro\/autor\/maria-olteanu-3927.html\" target=\"_blank\">Maria Olteanu<\/a>            &#8211; Publicat joi, 03 septembrie 2026,  20:33            \/ Actualizat joi, 03 septembrie 2026 20:45                    <\/p>\n<p>Destin crunt pentru Robert\u00a0Moldoveanu (27 de ani), aripa st\u00e2ng\u0103 a celor de la <a class=\"autolink-enabled\" data-resource-id=\"579\" data-resource-type=\"team\" data-sport=\"football\" href=\"https:\/\/www.gsp.ro\/rezultate-live\/echipa-teamname-579\" rel=\"nofollow noopener\" target=\"_blank\">FC<\/a> Arge\u0219, care a suferit o nou\u0103 interven\u021bie chirurgical\u0103 la genunchi. Acesta a avut probleme \u00een ultimele meciuri, a evoluat chiar \u0219i a\u0219a, dar p\u00e2n\u0103 la urm\u0103 nu a sc\u0103pat f\u0103r\u0103 opera\u021bie, motiv pentru care nu va mai reveni \u00een anul 2026 pe teren.<\/p>\n<p class=\"do-not-hide\">Unul dintre cei mai importan\u021bi juc\u0103tori ai lui Bogdan Andone a suferit a cincea opera\u021bie la genunchi. Din informa\u021biile GSP.ro, problemele au fost la menisc, iar perioada de indisponibilitate este estimat\u0103 la 3-4 luni.<\/p>\n<p class=\"do-not-hide\">\u201eBalon\u201d, asa cum e poreclit \u00eenc\u0103 din adolescen\u021b\u0103, a evoluat cu dureri \u00een ultimele meciuri. El a evoluat timp de 67 de minute \u0219i \u00een duelul cu Sepsi, fiind \u00eenlocuit cu Charpentier c\u00e2nd durerile s-au acutizat. P\u00e2n\u0103 la urm\u0103, opera\u021bia nu a mai putut fi evitat\u0103. <\/p>\n<p>Accidentarea vine \u00eentr-un moment bun al carierei pentru Robert. Ex-dinamovistul c\u0103p\u0103tase ritm la FC Arge\u0219, dup\u0103 al\u021bi c\u00e2\u021biva ani complica\u021bi, \u00een care a fost m\u0103cinat de grave probleme medicale.<\/p>\n<p>Robert Moldoveanu a fost operat la menisc<\/p>\n<p>\u201eVreau s\u0103 v\u0103 spun doar at\u00e2t: nu renun\u021b. Ast\u0103zi am avut parte de a 5-a opera\u021bie la genunchi \u0219i, chiar dac\u0103 nu este u\u0219or, \u0219tiu c\u0103 fiecare zi de recuperare m\u0103 va duce mai aproape de momentul \u00een care voi p\u0103\u0219i din nou pe teren.<\/p>\n<p>Am c\u0103zut de multe ori, dar m-am ridicat de fiecare dat\u0103. Ne vedem din nou pe teren. \u0218i promit c\u0103 voi reveni mai puternic ca niciodat\u0103\u201d, a transmis Robert Moldoveanu direct de pe patul de spital, dup\u0103 \u00eenc\u0103 o opera\u021bie. <\/p>\n<p><img decoding=\"async\" src=\"https:\/\/www.europesays.com\/ro\/wp-content\/uploads\/2026\/09\/42398c9a-5865-44e0-be8f-0ea9287519ba.jpg\" loading=\"lazy\" title=\"Robert Moldoveanu a fost operat la menisc\" alt=\"Blestemat! S-a operat pentru a cincea oar\u0103, c\u00e2nd \u00eei mergea cel mai bine \u00een Superliga: \u201eV\u0103 promit c\u0103 NU renun\u021b\u201d\" width=\"738\" height=\"502\"\/><\/p>\n<p>Robert Moldoveanu a fost operat la menisc<\/p>\n<p>Robert Moldoveanu \u0219i o carier\u0103 plin\u0103 de ghinioane<\/p>\n<p>Robert Moldoveanu a avut p\u00e2n\u0103 acum o carier\u0103 marcat\u0103 de un ghinion teribil. A fost promovat la prima echip\u0103 a lui Dinamo \u00een vara lui 2015, de c\u0103tre Mircea Rednic.\u00a0Avea doar 16 ani, iar oamenii din club vorbeau la superlativ despre calit\u0103\u021bile sale.<\/p>\n<p>A avut parte, \u00eens\u0103, de un \u201epotop\u201d de accident\u0103ri \u0219i opera\u021bii, care l-au dus mai apoi p\u00e2n\u0103 \u00een Liga 2, dar \u00een ultima perioad\u0103 a devenit om de baz\u0103 la Arge\u0219. \u00cen stagiunea curent\u0103, \u00een 7 meciuri, Moldoveanu marcase trei goluri. <\/p>\n<p>Trei dintre accident\u0103rile teribile care i-au marcat adolescen\u021ba lui Moldoveanu:<\/p>\n<ul>\n<li>\n<p>Ligamentele \u00eencruci\u0219ate \u0219i meniscul rupte la piciorul drept\u00a0&#8211; 7 luni de stat pe tu\u0219\u0103.<\/p>\n<\/li>\n<li>\n<p>Meniscul rupt la piciorul drept\u00a0&#8211; 4 luni de stat pe tu\u0219\u0103.<\/p>\n<\/li>\n<li>\n<p>Ligamentele \u00eencruci\u0219ate, anterior \u0219i posterior rupte, precum \u0219i meniscul de la piciorul st\u00e2ng\u00a0&#8211; 1 an \u0219i 2 luni de stat pe tu\u0219\u0103<\/p>\n<\/li>\n<\/ul>\n","protected":false},"excerpt":{"rendered":"Articol de Remus Dinu, Maria Olteanu &#8211; Publicat joi, 03 septembrie 2026, 20:33 \/ Actualizat joi, 03 septembrie&hellip;\n","protected":false},"author":2,"featured_media":287142,"comment_status":"","ping_status":"","sticky":false,"template":"","format":"standard","meta":{"footnotes":"","_share_on_mastodon":"0"},"categories":[5],"tags":[32,33,31,67,36,37,27,34,35,2517,25,2031,41,33295,40,38,39,26,55,28,29,30],"class_list":["post-287141","post","type-post","status-publish","format-standard","has-post-thumbnail","category-titluri","tag-breaking-news","tag-breakingnews","tag-cele-mai-populare-subiecte","tag-fc-arges","tag-featured-news","tag-featurednews","tag-headlines","tag-latest-news","tag-latestnews","tag-menisc","tag-news","tag-operatie","tag-ro","tag-robert-moldoveanu","tag-romana","tag-romania","tag-romanian","tag-stiri","tag-superliga","tag-titluri","tag-top-stories","tag-topstories"],"share_on_mastodon":{"url":"https:\/\/pubeurope.com\/@ro\/117208905927249748","error":""},"_links":{"self":[{"href":"https:\/\/www.europesays.com\/ro\/wp-json\/wp\/v2\/posts\/287141","targetHints":{"allow":["GET"]}}],"collection":[{"href":"https:\/\/www.europesays.com\/ro\/wp-json\/wp\/v2\/posts"}],"about":[{"href":"https:\/\/www.europesays.com\/ro\/wp-json\/wp\/v2\/types\/post"}],"author":[{"embeddable":true,"href":"https:\/\/www.europesays.com\/ro\/wp-json\/wp\/v2\/users\/2"}],"replies":[{"embeddable":true,"href":"https:\/\/www.europesays.com\/ro\/wp-json\/wp\/v2\/comments?post=287141"}],"version-history":[{"count":0,"href":"https:\/\/www.europesays.com\/ro\/wp-json\/wp\/v2\/posts\/287141\/revisions"}],"wp:featuredmedia":[{"embeddable":true,"href":"https:\/\/www.europesays.com\/ro\/wp-json\/wp\/v2\/media\/287142"}],"wp:attachment":[{"href":"https:\/\/www.europesays.com\/ro\/wp-json\/wp\/v2\/media?parent=287141"}],"wp:term":[{"taxonomy":"category","embeddable":true,"href":"https:\/\/www.europesays.com\/ro\/wp-json\/wp\/v2\/categories?post=287141"},{"taxonomy":"post_tag","embeddable":true,"href":"https:\/\/www.europesays.com\/ro\/wp-json\/wp\/v2\/tags?post=287141"}],"curies":[{"name":"wp","href":"https:\/\/api.w.org\/{rel}","templated":true}]}}