{"id":287269,"date":"2026-09-03T22:25:15","date_gmt":"2026-09-03T22:25:15","guid":{"rendered":"https:\/\/www.europesays.com\/ro\/287269\/"},"modified":"2026-09-03T22:25:15","modified_gmt":"2026-09-03T22:25:15","slug":"fjord-filmul-lui-cristian-mungiu-cu-sebastian-stan-este-propunerea-romaniei-pentru-oscar-2027-productia-a-castigat-palme-dor","status":"publish","type":"post","link":"https:\/\/www.europesays.com\/ro\/287269\/","title":{"rendered":"\u201eFjord\u201d, filmul lui Cristian Mungiu cu Sebastian Stan, este propunerea Rom\u00e2niei pentru Oscar 2027. Produc\u021bia a c\u00e2\u0219tigat Palme d\u2019Or"},"content":{"rendered":"<p class=\"isSelectedEnd\">\u201eFjord\u201d, filmul scris \u0219i regizat de Cristian Mungiu, a fost ales drept propunerea Rom\u00e2niei pentru Premiile Oscar 2027, la categoria \u201eCel mai bun lungmetraj interna\u021bional\u201d. Produc\u021bia, \u00een care rolurile principale sunt interpretate de Sebastian Stan \u0219i Renate Reinsve, a c\u00e2\u0219tigat \u00een acest an Palme d\u2019Or la Festivalul de Film de la Cannes.<\/p>\n<p class=\"isSelectedEnd\">Filmul lui Cristian Mungiu a fost ales \u00een unanimitate de comisia de selec\u021bie, potrivit unui anun\u021b f\u0103cut de Consiliul Na\u021bional al Cinematografiei.<\/p>\n<p class=\"isSelectedEnd\">Nominalizarea Rom\u00e2niei nu \u00eenseamn\u0103 \u00eens\u0103 c\u0103 produc\u021bia se afl\u0103 deja printre filmele nominalizate la Oscar. \u201eFjord\u201d urmeaz\u0103 s\u0103 intre \u00een procesul de selec\u021bie al Academiei Americane de Film \u0219i va concura pentru un loc pe lista scurt\u0103 a categoriei \u201eCel mai bun lungmetraj interna\u021bional\u201d.<\/p>\n<p><img decoding=\"async\" src=\"https:\/\/www.europesays.com\/ro\/wp-content\/uploads\/2026\/09\/MTYwOWMyZWI0MWUzMWM5ZTM3ODdhMDIwN2M=.thumb.jpg\" alt=\"Cannes, France. 23rd May, 2026. CANNES, FRANCE. May 23, 2026: Cristian Mungiu, director, Fjord, Palme d'Or at the photocall for Palme d'Or Awards Photocall at the 79th Festival de Cannes. Picture Credit: Paul Smith\/Alamy Live News\" data-skip-htmlfix=\"1\" style=\"\"\/>   Surs\u0103 foto: Profimedia Images \u201eFjord\u201d a c\u00e2\u0219tigat Palme d\u2019Or la Cannes<\/p>\n<p class=\"isSelectedEnd\">\u201eFjord\u201d a avut premiera mondial\u0103 \u00een Competi\u021bia Oficial\u0103 a Festivalului de Film de la Cannes, unde a primit cel mai important trofeu al evenimentului, Palme d\u2019Or pentru cel mai bun film.<\/p>\n<p class=\"isSelectedEnd\">Produc\u021bia a mai c\u00e2\u0219tigat Premiul FIPRESCI, Premiul juriului ecumenic, Prix de la Citoyennet\u00e9 \u0219i Premiul Fran\u00e7ois Chalais. Succesul marcheaz\u0103 al doilea Palme d\u2019Or din cariera lui Cristian Mungiu, dup\u0103 cel primit \u00een 2007 pentru filmul \u201e4 luni, 3 s\u0103pt\u0103m\u00e2ni \u0219i 2 zile\u201d.<\/p>\n<p class=\"isSelectedEnd\">\u00cen rolurile principale apar Sebastian Stan \u0219i Renate Reinsve. Imaginea este semnat\u0103 de Tudor Vladimir Panduru, montajul de Mircea Olteanu, iar scenografia de Simona P\u0103dure\u021bu.<\/p>\n<p class=\"isSelectedEnd\">Povestea urm\u0103re\u0219te un cuplu rom\u00e2no-norvegian care se mut\u0103 \u00eempreun\u0103 cu familia \u00eentr-un sat aflat \u00een apropierea unui fiord. Vie\u021bile personajelor se schimb\u0103 dup\u0103 ce o profesoar\u0103 observ\u0103 mai multe v\u00e2n\u0103t\u0103i pe corpul unuia dintre copii, iar comunitatea \u00eencepe s\u0103 pun\u0103 sub semnul \u00eentreb\u0103rii modul tradi\u021bional \u00een care acesta este crescut.<\/p>\n<p class=\"isSelectedEnd\">Filmul este o coproduc\u021bie european\u0103 realizat\u0103 de Mobra Films, al\u0103turi de mai multe companii din Fran\u021ba, Norvegia, Suedia, Danemarca \u0219i Finlanda. \u201eFjord\u201d a fost lansat pe 19 august \u00een cinematografele din Fran\u021ba \u0219i urmeaz\u0103 s\u0103 ajung\u0103 \u00een Rom\u00e2nia \u00een aceast\u0103 iarn\u0103.<\/p>\n<p><img decoding=\"async\" src=\"https:\/\/www.europesays.com\/ro\/wp-content\/uploads\/2026\/09\/LmpwZyZ3PTgwMCZoYXNoPWY2NjBiNDZjMWQxYzdkMWIyNDU3MWUyZjdhY2IzNGI0.thumb.jpg\" alt=\"79th Cannes Film FestivalExits after the screening of the movie -Fjord-Palais des Festivals - Cannes, France\" data-skip-htmlfix=\"1\" style=\"\"\/>   Sebastian Stan \u0219i Cristian Mungiu \/\/ Surs\u0103 foto: Profimedia Images C\u00e2nd afl\u0103m dac\u0103 \u201eFjord\u201d va fi nominalizat la Oscar<\/p>\n<p class=\"isSelectedEnd\">Lista scurt\u0103 pentru Premiile Oscar 2027 va fi anun\u021bat\u0103 pe 15 decembrie 2026. Ulterior, dintre produc\u021biile r\u0103mase \u00een competi\u021bie vor fi alese cele cinci filme nominalizate la categoria \u201eCel mai bun lungmetraj interna\u021bional\u201d.<\/p>\n<p class=\"isSelectedEnd\">Nominaliz\u0103rile oficiale vor fi anun\u021bate pe 21 ianuarie 2027, iar cea de-a 99-a gal\u0103 a Premiilor Oscar este programat\u0103 pentru 14 martie 2027, la Los Angeles.<\/p>\n<p>Cristian Mungiu are unul dintre cele mai importante parcursuri interna\u021bionale din cinematografia rom\u00e2neasc\u0103. Pe l\u00e2ng\u0103 cele dou\u0103 trofee Palme d\u2019Or, regizorul a primit la Cannes premiul pentru cel mai bun scenariu cu \u201eDup\u0103 dealuri\u201d \u0219i premiul pentru cel mai bun regizor cu \u201eBacalaureat\u201d.<\/p>\n<p><img decoding=\"async\" src=\"https:\/\/www.europesays.com\/ro\/wp-content\/uploads\/2026\/09\/LmpwZyZ3PTgwMCZoYXNoPTA4OThkMTA4Yzk2ZjMxMThlYTE3MWI1OWY3ZGM4MjI3.thumb.jpg\" alt=\"79\u010dme Festival International du Film de Cannes. Mont\u00e9e des marches du film Fjord. VAUTIER\" data-skip-htmlfix=\"1\" style=\"\"\/>   Sebastian Stan \u0219i Cristian Mungiu \/\/ Surs\u0103 foto: Profimedia Images <\/p>\n<p>Pute\u0163i urm\u0103ri \u0218tirile UTV \u015fi pe<br \/>\n                            <a href=\"https:\/\/news.google.com\/publications\/CAAqBwgKMPzSpgww4uDsAg?ceid=RO:ro&amp;oc=3\" target=\"_blank\" rel=\"nofollow noopener\">Google News<\/a>!\n                        <\/p>\n","protected":false},"excerpt":{"rendered":"\u201eFjord\u201d, filmul scris \u0219i regizat de Cristian Mungiu, a fost ales drept propunerea Rom\u00e2niei pentru Premiile Oscar 2027,&hellip;\n","protected":false},"author":2,"featured_media":287270,"comment_status":"","ping_status":"","sticky":false,"template":"","format":"standard","meta":{"footnotes":"","_share_on_mastodon":"0"},"categories":[5],"tags":[52554,32,33,31,2521,36,37,27,34,35,25,41,40,38,39,29149,26,28,29,30],"class_list":["post-287269","post","type-post","status-publish","format-standard","has-post-thumbnail","category-titluri","tag-actori-romani","tag-breaking-news","tag-breakingnews","tag-cele-mai-populare-subiecte","tag-cristian-mungiu","tag-featured-news","tag-featurednews","tag-headlines","tag-latest-news","tag-latestnews","tag-news","tag-ro","tag-romana","tag-romania","tag-romanian","tag-sebastian-stan","tag-stiri","tag-titluri","tag-top-stories","tag-topstories"],"share_on_mastodon":{"url":"https:\/\/pubeurope.com\/@ro\/117209460596234955","error":""},"_links":{"self":[{"href":"https:\/\/www.europesays.com\/ro\/wp-json\/wp\/v2\/posts\/287269","targetHints":{"allow":["GET"]}}],"collection":[{"href":"https:\/\/www.europesays.com\/ro\/wp-json\/wp\/v2\/posts"}],"about":[{"href":"https:\/\/www.europesays.com\/ro\/wp-json\/wp\/v2\/types\/post"}],"author":[{"embeddable":true,"href":"https:\/\/www.europesays.com\/ro\/wp-json\/wp\/v2\/users\/2"}],"replies":[{"embeddable":true,"href":"https:\/\/www.europesays.com\/ro\/wp-json\/wp\/v2\/comments?post=287269"}],"version-history":[{"count":0,"href":"https:\/\/www.europesays.com\/ro\/wp-json\/wp\/v2\/posts\/287269\/revisions"}],"wp:featuredmedia":[{"embeddable":true,"href":"https:\/\/www.europesays.com\/ro\/wp-json\/wp\/v2\/media\/287270"}],"wp:attachment":[{"href":"https:\/\/www.europesays.com\/ro\/wp-json\/wp\/v2\/media?parent=287269"}],"wp:term":[{"taxonomy":"category","embeddable":true,"href":"https:\/\/www.europesays.com\/ro\/wp-json\/wp\/v2\/categories?post=287269"},{"taxonomy":"post_tag","embeddable":true,"href":"https:\/\/www.europesays.com\/ro\/wp-json\/wp\/v2\/tags?post=287269"}],"curies":[{"name":"wp","href":"https:\/\/api.w.org\/{rel}","templated":true}]}}