{"id":287275,"date":"2026-09-03T22:33:15","date_gmt":"2026-09-03T22:33:15","guid":{"rendered":"https:\/\/www.europesays.com\/ro\/287275\/"},"modified":"2026-09-03T22:33:15","modified_gmt":"2026-09-03T22:33:15","slug":"mircea-rednic-inainte-de-dinamo-fcsb-nu-i-inteleg-ce-a-spus-despre-gigi-becali","status":"publish","type":"post","link":"https:\/\/www.europesays.com\/ro\/287275\/","title":{"rendered":"Mircea Rednic, \u00eenainte de Dinamo \u2013 FCSB: \u201cNu-i \u00een\u021beleg\u201d. Ce a spus despre Gigi Becali"},"content":{"rendered":"\n<ul class=\"bullets\">\n<li>\n<p>SuperLiga: CFR &#8211; Farul, vineri, 20:30, DGS 1<\/p>\n<\/li>\n<li>\n<p>Liga 2: Slatina &#8211; Chindia, vineri, 17:30, DGS 1<\/p>\n<\/li>\n<\/ul>\n<p>De asemenea, abona\u021bii Digi Rom\u00e2nia vor mai putea urm\u0103ri jocul pe site-ul digisport.ro, dar \u0219i \u00een\u00a0<a href=\"https:\/\/www.digisport.ro\/app\" target=\"_blank\" rel=\"noopener nofollow\" data-skip-linkfix=\"1\">aplica\u021bia Digi Sport<\/a>.<\/p>\n<p>Mircea Rednic nu vede o favorit\u0103 la derby, dar vrea ca Dinamo s\u0103 c\u00e2\u0219tige<\/p>\n<p>Mircea Rednic a stat pe banca lui Dinamo \u00eentre iulie 2006 &#8211; septembrie 2007, iulie 2008 &#8211; iunie 2009, mai 2015 &#8211; mai 2016, octombrie 2018 &#8211; iunie 2019 \u0219i octombrie &#8211; decembrie 2021. Antrenorul a reu\u0219it s\u0103 c\u00e2\u0219tige titlul de campion al Rom\u00e2niei \u00een primul mandat.<\/p>\n<p>\u00cen s\u0103pt\u0103m\u00e2na derby-ului, Mircea Rednic le-a analizat pe Dinamo \u0219i FCSB. Tehnicianul a ajuns la concluzia c\u0103 nu exist\u0103 o favorit\u0103, \u00eens\u0103 a recunoscut faptul c\u0103 trupa lui Nuno Campos are un avantaj, din cauza agita\u021biei de la clubul patronat de Gigi Becali.<\/p>\n<p>&#8222;Dinamo are un parcurs bun, se descurc\u0103 foarte bine cu echipele care le creeaz\u0103 spa\u021bii. A\u021bi v\u0103zut, punctele pierdute au fost cu forma\u021biile care s-au ap\u0103rat \u0219i s-au \u00eenchis foarte bine. Vorbim aici de Petrolul, O\u021belul, Corvinul. Au probleme, pentru c\u0103 nu au juc\u0103tori care pot face diferen\u021ba unu contra unu \u0219i care au nevoie de culoare, spa\u021bii mai mari.<\/p>\n<p>La ceea ce se \u00eent\u00e2mpl\u0103 la FCSB acum, nu putem vorbi despre o echip\u0103 cu preten\u021bii. Nu este organizare, juc\u0103tori care vin \u0219i care nu sunt nici de play-out. Nu-i \u00een\u021beleg, ce gre\u0219eli se pot face acolo. Antrenorul nu are putere, autoritate \u0219i juc\u0103torii din ziua de azi cam profit\u0103 de situa\u021bia creat\u0103. <\/p>\n<p>Nu se g\u00e2ndesc la faptul c\u0103 sunt la un club cu preten\u021bii, cu condi\u021bii foarte bune de toate felurile. Gigi Becali ofer\u0103 condi\u021bii \u0219i nici nu ar trebui s\u0103 fie antrenor acolo, spun asta \u00eentre ghilimele. Sunt antrenori \u0219i antrenori, unii se bucur\u0103 c\u0103 au aceast\u0103 \u0219ans\u0103.<\/p>\n<p>Ca echip\u0103, FCSB nu prea a ar\u0103tat nimic, dar asta nu \u00eenseamn\u0103 c\u0103 Dinamo este c\u00e2\u0219tig\u0103toare. Sunt meciuri care pot schimba totul, la ce rivalitate este. O s\u0103 fie un meci interesant, dar Dinamo s\u0103 nu cread\u0103 c\u0103 va avea un meci u\u0219or. Va fi un interes foarte mare pentru acest derby. Ambele echipe au \u0219anse, nu pot s\u0103 numesc o favorit\u0103. To\u021bi juc\u0103torii se mobilizeaz\u0103 \u0219i ui\u021bi de momentele proaste.<\/p>\n<p>Normal c\u0103 eu \u00eemi doresc ca Dinamo s\u0103 c\u00e2\u0219tige, asta e clar&#8221;, a spus Mircea Rednic, pentru digisport.ro.<\/p>\n<p>\u00cen cariera sa de antrenor, Mircea Rednic le-a preg\u0103tit pe: Rapid, FCM Bac\u0103u, Al-Nasr, Universitatea Craiova, FC Vaslui, Dinamo, Alania Vladikavkaz, Khazar Lankaran, Astra, Petrolul, Standard Liege, CFR Cluj, Gent, Mouscron, Al-Faisaly, Poli Ia\u0219i, Viitorul (actuala Farul) \u0219i UTA.<\/p>\n<p>Cum vede Mircea Rednic plecarea lui Mirel R\u0103doi de la Gaziantep, dup\u0103 doar 4 luni<\/p>\n<p>Dup\u0103 aproximativ 4 luni la Gaziantep,\u00a0<a href=\"https:\/\/www.digisport.ro\/fotbal\/super-lig\/adio-gaziantep-mirel-radoi-este-liber-de-contract-4460485\" data-skip-linkfix=\"1\" rel=\"nofollow noopener\" target=\"_blank\">Mirel R\u0103doi s-a desp\u0103r\u021bit de clubul din Turcia.<\/a>\u00a0<\/p>\n<p>Mircea Rednic este recunoscut \u0219i el pentru faptul c\u0103 are personalitate \u0219i nu tolereaz\u0103 multe lucruri. Antrenorul a vorbit acum despre situa\u021bia lui Mirel R\u0103doi \u0219i i-a dat un sfat important fostului tehnician de la Gaziantep.<\/p>\n<p>\u00cen opinia lui Mircea Rednic, Mirel R\u0103doi ia decizii la cald \u0219i se gr\u0103be\u0219te \u00een momentul \u00een care face c\u00e2te un pas.<\/p>\n<p>&#8222;Chiar \u00eemi pare r\u0103u pentru R\u0103doi. Eu spun c\u0103 nici nu are \u0219ans\u0103 \u0219i nici nu-\u0219i alege bine echipele. Din ce am vorbit \u0219i eu \u0219i din ce informa\u021bii am, el \u0219i-a dorit s\u0103 plece a doua oar\u0103 de la Craiova. Cei de acolo chiar \u00eel apreciau \u0219i nu se g\u00e2ndeau ca el s\u0103 plece. El se precipit\u0103, poate \u0219i din dorin\u021ba de a antrena. Ia decizii mult prea rapide.<\/p>\n<p>\u0218i eu am f\u0103cut a\u0219a o perioad\u0103, dar acum mi-a venit mintea la cap. Nu pot s\u0103 m\u0103 duc doar de dragul de a antrena. R\u0103doi s-a dus la Gaziantep, echipa avea interdic\u021bie la transferuri \u0219i probleme cu banii. A fost greu pentru el. R\u0103doi are personalitate, principii, dar c\u00e2teodat\u0103 nu te ajut\u0103 asta.<\/p>\n<p>\u00cen fotbalul de azi, trebuie s\u0103 faci ni\u0219te concesii. El e t\u00e2n\u0103r \u0219i ar trebui s\u0103 fie mai atent. Eu, la v\u00e2rsta mea, nu mai puteam. Eu \u0219i ast\u0103zi eram la Standard Liege, dac\u0103 acceptam anumite lucruri. Dar nu am putut, mie nu-mi place s\u0103 fiu acolo doar a\u0219a&#8230;&#8221;, a spus Mircea Rednic, pentru digisport.ro.<\/p>\n<p>  Etichete:  <a href=\"https:\/\/www.digisport.ro\/eticheta\/dinamo\" rel=\"nofollow noopener\" target=\"_blank\">dinamo<\/a> , <a href=\"https:\/\/www.digisport.ro\/eticheta\/mircea-rednic\" rel=\"nofollow noopener\" target=\"_blank\">mircea rednic<\/a> , <a href=\"https:\/\/www.digisport.ro\/eticheta\/superliga\" rel=\"nofollow noopener\" target=\"_blank\">superliga<\/a> , <a href=\"https:\/\/www.digisport.ro\/eticheta\/fcsb\" rel=\"nofollow noopener\" target=\"_blank\">fcsb<\/a>   <\/p>\n<p>Urm\u0103re\u0219te \u0219tirile digisport.ro \u0219i pe <a href=\"https:\/\/news.google.com\/publications\/CAAiENr1L9HFNMG5hpp5zTfVtpsqFAgKIhDa9S_RxTTBuYaaec031bab?ceid=RO:ro&amp;oc=3\" target=\"_blank\" rel=\"external nofollow noopener\">Google News<\/a><\/p>\n<p>   Noua Aplica\u0163ie Digi Sport poate fi desc\u0103rcat\u0103 din   <\/p>\n","protected":false},"excerpt":{"rendered":"SuperLiga: CFR &#8211; Farul, vineri, 20:30, DGS 1 Liga 2: Slatina &#8211; Chindia, vineri, 17:30, DGS 1 De&hellip;\n","protected":false},"author":2,"featured_media":287276,"comment_status":"","ping_status":"","sticky":false,"template":"","format":"standard","meta":{"footnotes":"","_share_on_mastodon":"0"},"categories":[20],"tags":[49,269,2736,41,40,38,39,185,184,55],"class_list":["post-287275","post","type-post","status-publish","format-standard","has-post-thumbnail","category-sport","tag-dinamo","tag-fcsb","tag-mircea-rednic","tag-ro","tag-romana","tag-romania","tag-romanian","tag-sport","tag-sports","tag-superliga"],"share_on_mastodon":{"url":"https:\/\/pubeurope.com\/@ro\/117209491199627897","error":""},"_links":{"self":[{"href":"https:\/\/www.europesays.com\/ro\/wp-json\/wp\/v2\/posts\/287275","targetHints":{"allow":["GET"]}}],"collection":[{"href":"https:\/\/www.europesays.com\/ro\/wp-json\/wp\/v2\/posts"}],"about":[{"href":"https:\/\/www.europesays.com\/ro\/wp-json\/wp\/v2\/types\/post"}],"author":[{"embeddable":true,"href":"https:\/\/www.europesays.com\/ro\/wp-json\/wp\/v2\/users\/2"}],"replies":[{"embeddable":true,"href":"https:\/\/www.europesays.com\/ro\/wp-json\/wp\/v2\/comments?post=287275"}],"version-history":[{"count":0,"href":"https:\/\/www.europesays.com\/ro\/wp-json\/wp\/v2\/posts\/287275\/revisions"}],"wp:featuredmedia":[{"embeddable":true,"href":"https:\/\/www.europesays.com\/ro\/wp-json\/wp\/v2\/media\/287276"}],"wp:attachment":[{"href":"https:\/\/www.europesays.com\/ro\/wp-json\/wp\/v2\/media?parent=287275"}],"wp:term":[{"taxonomy":"category","embeddable":true,"href":"https:\/\/www.europesays.com\/ro\/wp-json\/wp\/v2\/categories?post=287275"},{"taxonomy":"post_tag","embeddable":true,"href":"https:\/\/www.europesays.com\/ro\/wp-json\/wp\/v2\/tags?post=287275"}],"curies":[{"name":"wp","href":"https:\/\/api.w.org\/{rel}","templated":true}]}}