{"id":287291,"date":"2026-09-03T22:57:16","date_gmt":"2026-09-03T22:57:16","guid":{"rendered":"https:\/\/www.europesays.com\/ro\/287291\/"},"modified":"2026-09-03T22:57:16","modified_gmt":"2026-09-03T22:57:16","slug":"iphone-18-pro-va-fi-disponibil-in-curand-3-culori-noi-dezvaluite-in-mod-neasteptat-prin-fotografiile-componentelor","status":"publish","type":"post","link":"https:\/\/www.europesays.com\/ro\/287291\/","title":{"rendered":"iPhone 18 Pro va fi disponibil \u00een cur\u00e2nd: 3 culori noi dezv\u0103luite \u00een mod nea\u0219teptat prin fotografiile componentelor."},"content":{"rendered":"<p>Au fost lansate trei culori noi.<\/p>\n<p> iPhone 18 Pro \u0219i <a class=\"data-link\" data-org-href=\"https:\/\/www.vietnam.vn\/ro\/tag\/iphone-18-pro-max\" href=\"https:\/\/www.vietnam.vn\/ro\/tag\/iphone-18-pro-max\" title=\"iPhone 18 Pro Max\" target=\"_blank\" rel=\"nofollow noopener\">iPhone 18 Pro Max<\/a> , \u00eempreun\u0103 cu modelul pliabil <a class=\"data-link\" data-org-href=\"https:\/\/www.vietnam.vn\/ro\/tag\/iphone-ultra\" href=\"https:\/\/www.vietnam.vn\/ro\/tag\/iphone-ultra\" title=\"iPhone Ultra\" target=\"_blank\" rel=\"nofollow noopener\">iPhone Ultra<\/a> , sunt la doar c\u00e2teva zile distan\u021b\u0103 de lansarea oficial\u0103.<\/p>\n<p> \u00cen timp ce utilizatorii a\u0219teapt\u0103 marele eveniment <a class=\"data-link\" data-org-href=\"https:\/\/www.vietnam.vn\/ro\/tag\/apple\" href=\"https:\/\/www.vietnam.vn\/ro\/tag\/apple\" title=\"M\u0103r\" target=\"_blank\" rel=\"nofollow noopener\">Apple<\/a> , o nou\u0103 imagine a ap\u0103rut online, care arat\u0103 suportul pentru cartela SIM al iPhone 18 Pro \u00een toate cele trei culori a\u0219teptate. <\/p>\n<p><img style=\"cursor:pointer\" data-original=\"https:\/\/static-images.vnncdn.net\/vps_images_publish\/000001\/000003\/2026\/9\/3\/iphone-18-pro-max-mau-moi-5-3081.png?width=0&amp;s=92cGK77v3PfmVHuFLHlOqw\" class=\"lazy \"  alt=\"iPhone 18 Pro Max culori noi 5.png\" data-thumb-small-src=\"https:\/\/www.europesays.com\/ro\/wp-content\/uploads\/2026\/09\/iphone-18-pro-max-mau-moi-5-3081.png\"\/> Imaginile scurse arat\u0103 suportul pentru cartela SIM al iPhone 18 Pro \u00een culori noi. Fotografie: Sonny Dickson<\/p>\n<p> Pe baza acestei imagini, se pare c\u0103 Apple va oferi c\u00e2teva op\u021biuni de culoare destul de interesante pentru gama iPhone Pro din acest an. Desigur, nu va fi prea dificil s\u0103 alegi cea mai atr\u0103g\u0103toare culoare.<\/p>\n<p> Scurgerile anterioare au indicat c\u0103 iPhone 18 Pro va veni \u00een trei culori principale: o versiune neagr\u0103 sau gri, albastru cer \u0219i cire\u0219 \u00eenchis.<\/p>\n<p> O surs\u0103 extrem de fiabil\u0103 din industrie a confirmat recent aceste informa\u021bii prin distribuirea unei imagini cu o persoan\u0103 care \u021bine trei t\u0103vi SIM corespunz\u0103toare noilor culori.<\/p>\n<p> \u00cen mod special, \u00een prezent nu exist\u0103 informa\u021bii similare cu privire la iPhone 18 standard sau modelul iPhone Air 2. Conform rapoartelor anterioare, aceste dou\u0103 dispozitive nu vor fi lansate odat\u0103 cu iPhone 18 Pro, ci vor fi lansate de Apple la \u00eenceputul anului viitor, \u00eempreun\u0103 cu iPhone 18e.<\/p>\n<p> Ar putea negrul s\u0103 revin\u0103 pe iPhone 18 Pro?<\/p>\n<p> Dintre cele trei culori dezv\u0103luite, op\u021biunea care atrage cea mai mult\u0103 aten\u021bie este probabil negrul.<\/p>\n<p>S-ar putea s\u0103 v\u0103 plac\u0103 \u0219i<\/p>\n<p> Aceasta a fost odat\u0103 una dintre cele mai populare culori printre utilizatorii <a class=\"data-link\" data-org-href=\"https:\/\/www.vietnam.vn\/ro\/tag\/smartphone\" href=\"https:\/\/www.vietnam.vn\/ro\/tag\/smartphone\" title=\"smartphone\" target=\"_blank\" rel=\"nofollow noopener\">de smartphone-uri<\/a> din \u00eentreaga lume, dar Apple a eliminat op\u021biunea neagr\u0103 din gama iPhone 17 Pro lansat\u0103 anul trecut.<\/p>\n<p> Dac\u0103 Apple va readuce op\u021biunea de culoare neagr\u0103 pe iPhone 18 Pro, va fi cu siguran\u021b\u0103 o revenire binevenit\u0103 pentru mul\u021bi utilizatori.<\/p>\n<p> Totu\u0219i, privind tava SIM din extrema st\u00e2ng\u0103 \u00een imaginea scurs\u0103, aceasta pare a fi gri \u00een loc de neagr\u0103.<\/p>\n<p> Este posibil ca Apple s\u0103 foloseasc\u0103 o op\u021biune de culoare argintie. Cu toate acestea, unele surse au sugerat anterior c\u0103 op\u021biunea argintie a fost eliminat\u0103 din planurile pentru iPhone 18 Pro .<\/p>\n<p> Totu\u0219i, faptul c\u0103 iPhone 17 Pro nu este disponibil \u00een culoarea neagr\u0103 nu pare s\u0103 afecteze semnificativ atractivitatea liniei de produse.<\/p>\n<p> Se a\u0219teapt\u0103 ca iPhone 17 s\u0103 fie \u00een continuare una dintre cele mai bine v\u00e2ndute linii de smartphone-uri \u00een 2026 \u0219i chiar \u00eenainte de asta, continu\u00e2nd s\u0103 men\u021bin\u0103 v\u00e2nz\u0103ri puternice \u00een al doilea trimestru al acestui an, c\u00e2nd linia Galaxy S26 de la <a class=\"data-link\" data-org-href=\"https:\/\/www.vietnam.vn\/ro\/tag\/samsung\" href=\"https:\/\/www.vietnam.vn\/ro\/tag\/samsung\" title=\"Samsung\" target=\"_blank\" rel=\"nofollow noopener\">Samsung<\/a> a ap\u0103rut pe pia\u021b\u0103.<\/p>\n<p> Va deveni Dark Cherry culoarea oficial\u0103 pentru iPhone 18 Pro?<\/p>\n<p> \u00cen timp ce negrul sau griul ofer\u0103 un aspect familiar, iar Sky Blue se simte tineresc, Dark Cherry iese cu adev\u0103rat \u00een eviden\u021b\u0103 ca o alegere distinctiv\u0103 pentru iPhone 18 Pro din acest an.<\/p>\n<p> Conform informa\u021biilor scurse, Dark Cherry este numele dat noii culori ro\u0219u-cire\u0219 intens. Aceasta este considerat\u0103 o versiune mai bl\u00e2nd\u0103 \u0219i mai restr\u00e2ns\u0103 \u00een compara\u021bie cu Cosmic Orange, culoarea portocalie izbitoare care a st\u00e2rnit multe dezbateri pe tema iPhone 17 Pro.<\/p>\n<p> Reac\u021biile utilizatorilor la Dark Cherry sunt \u00een prezent destul de mixte. Unii consider\u0103 culoarea prea izbitoare, \u00een timp ce al\u021bii o consider\u0103 una dintre cele mai frumoase culori pe care Apple le-a folosit vreodat\u0103 pentru linia iPhone Pro.<\/p>\n<p> Totu\u0219i, la fel ca noul design al iPhone 17 Pro, este posibil ca utilizatorii s\u0103 aib\u0103 nevoie de ceva timp pentru a se obi\u0219nui cu nuan\u021ba Dark Cherry.<\/p>\n<p>S-ar putea s\u0103 v\u0103 plac\u0103 \u0219i<\/p>\n<p> Culorile care ini\u021bial erau controversate devin uneori mai atr\u0103g\u0103toare atunci c\u00e2nd apar \u00een m\u00e2inile utilizatorului.<\/p>\n<p> Comparativ cu culorile anterioare frapante, precum Cosmic Orange sau Desert Titanium, Dark Cherry are un atractiv mai mare \u0219i ofer\u0103 o senza\u021bie premium f\u0103r\u0103 a fi excesiv de ostentativ\u0103.<\/p>\n<p> Aceast\u0103 culoare este suficient de distinctiv\u0103 pentru a face noul iPhone s\u0103 ias\u0103 \u00een eviden\u021b\u0103, dar nu la fel de strident\u0103 ca unele dintre op\u021biunile speciale de culoare anterioare.<\/p>\n<p> Desigur, imaginile scurse nu pot confirma pe deplin culoarea final\u0103 a iPhone 18 Pro. Apple ar putea totu\u0219i schimba numele sau finisajul suprafe\u021bei \u00eenainte ca produsul s\u0103 apar\u0103 oficial.<\/p>\n<p> (Conform PhoneArena) <\/p>\n<p class=\"mb-0\"> Surs\u0103: https:\/\/vietnamnet.vn\/iphone-18-pro-sap-ra-mat-3-mau-moi-bat-ngo-lo-dien-qua-anh-linh-kien-2551609.html<\/p>\n","protected":false},"excerpt":{"rendered":"Au fost lansate trei culori noi. iPhone 18 Pro \u0219i iPhone 18 Pro Max , \u00eempreun\u0103 cu modelul&hellip;\n","protected":false},"author":2,"featured_media":287292,"comment_status":"","ping_status":"","sticky":false,"template":"","format":"standard","meta":{"footnotes":"","_share_on_mastodon":"0"},"categories":[16],"tags":[30909,17335,68431,41,40,38,39,141,124],"class_list":["post-287291","post","type-post","status-publish","format-standard","has-post-thumbnail","category-tehnologie","tag-iphone-18-pro","tag-iphone-18-pro-max","tag-mar","tag-ro","tag-romana","tag-romania","tag-romanian","tag-technology","tag-tehnologie"],"share_on_mastodon":{"url":"https:\/\/pubeurope.com\/@ro\/117209585620489424","error":""},"_links":{"self":[{"href":"https:\/\/www.europesays.com\/ro\/wp-json\/wp\/v2\/posts\/287291","targetHints":{"allow":["GET"]}}],"collection":[{"href":"https:\/\/www.europesays.com\/ro\/wp-json\/wp\/v2\/posts"}],"about":[{"href":"https:\/\/www.europesays.com\/ro\/wp-json\/wp\/v2\/types\/post"}],"author":[{"embeddable":true,"href":"https:\/\/www.europesays.com\/ro\/wp-json\/wp\/v2\/users\/2"}],"replies":[{"embeddable":true,"href":"https:\/\/www.europesays.com\/ro\/wp-json\/wp\/v2\/comments?post=287291"}],"version-history":[{"count":0,"href":"https:\/\/www.europesays.com\/ro\/wp-json\/wp\/v2\/posts\/287291\/revisions"}],"wp:featuredmedia":[{"embeddable":true,"href":"https:\/\/www.europesays.com\/ro\/wp-json\/wp\/v2\/media\/287292"}],"wp:attachment":[{"href":"https:\/\/www.europesays.com\/ro\/wp-json\/wp\/v2\/media?parent=287291"}],"wp:term":[{"taxonomy":"category","embeddable":true,"href":"https:\/\/www.europesays.com\/ro\/wp-json\/wp\/v2\/categories?post=287291"},{"taxonomy":"post_tag","embeddable":true,"href":"https:\/\/www.europesays.com\/ro\/wp-json\/wp\/v2\/tags?post=287291"}],"curies":[{"name":"wp","href":"https:\/\/api.w.org\/{rel}","templated":true}]}}