{"id":287319,"date":"2026-09-03T23:44:16","date_gmt":"2026-09-03T23:44:16","guid":{"rendered":"https:\/\/www.europesays.com\/ro\/287319\/"},"modified":"2026-09-03T23:44:16","modified_gmt":"2026-09-03T23:44:16","slug":"de-ce-costa-atat-de-mult-microbistii-au-reactionat-dupa-anuntul-primariei-bucuresti-privind-arena-nationala-atat-au-platit-in-total-echipele","status":"publish","type":"post","link":"https:\/\/www.europesays.com\/ro\/287319\/","title":{"rendered":"\u201eDe ce cost\u0103 at\u00e2t de mult?\u201d.\u00a0Microbi\u0219tii au reac\u021bionat dup\u0103 anun\u021bul Prim\u0103riei Bucure\u0219ti privind Arena Na\u021bional\u0103: \u201eAt\u00e2t au pl\u0103tit \u00een total echipele\u201d"},"content":{"rendered":"<ul class=\"bullets\">&#13;<\/p>\n<li>Dup\u0103 ce Prim\u0103ria Municipiului Bucure\u0219ti a anun\u021bat c\u0103 a \u00eenceput schimbarea gazonului pe Arena Na\u021bional\u0103, fanii \u0219i-au exprimat nemul\u021bumirea cu privire la situa\u021bia din ultimele luni a celui mai mare stadion al \u021b\u0103rii.<\/li>\n<p>&#13;<br \/>\n&#13;<\/p>\n<li>Ce au transmis ace\u0219tia \u0219i care a fost r\u0103spunsul Prim\u0103riei, mai jos.<\/li>\n<p>&#13;\n<\/ul>\n<p><a id=\"google-source-button\" class=\"google-favorite\" target=\"_blank\" href=\"https:\/\/www.google.com\/preferences\/source?q=golazo.ro\" rel=\"nofollow noopener\"><\/p>\n<p>        <img loading=\"lazy\" decoding=\"async\" src=\"https:\/\/golazo.ro\/images\/google-logo.svg\" alt=\"\" width=\"24\" height=\"24\"\/><br \/>\n        <img loading=\"lazy\" decoding=\"async\" src=\"https:\/\/golazo.ro\/images\/check-icon-2.svg\" alt=\"\" width=\"24\" height=\"24\"\/><\/p>\n<p>    Adaug\u0103 GOLAZO.ro la favorite<\/p>\n<p><\/a><\/p>\n<p class=\"\"><a target=\"_blank\" href=\"https:\/\/golazo.ro\/arena-nationala-schimbare-gazon-liga-1-185235\" rel=\"nofollow noopener\">Fotbalul pe Arena Na\u021bional\u0103 va reveni de pe 14 septembrie<\/a>, dup\u0103 4 luni \u00een care stadionul din Bucure\u0219ti a fost indisponibil pentru c\u0103 a g\u0103zduit mai multe evenimente extrasportive.<\/p>\n<p>Fanii \u0219i-au exprimat nemul\u021bumirea: \u201ePe stadion, fotbalul trebuie s\u0103 aib\u0103 prioritate\u201d<\/p>\n<p class=\"\">\u00cen cadrul post\u0103rii Prim\u0103riei Municipiului Bucure\u0219ti \u00een care a anun\u021bat ultimele detalii despre Arena Na\u021bional\u0103, fanii au luat cu asalt sec\u021biunea de comentarii, unde au adresat mai multe \u00eentreb\u0103ri.<\/p>\n<p class=\"question\">&#13;<br \/>\nComentariu: Zona din promenada stadionului c\u00e2nd o deschide\u021bi? C\u0103 st\u0103 degeaba \u00eenchis\u0103, f\u0103r\u0103 nicio explica\u021bie.&#13;\n<\/p>\n<p class=\"answer\">&#13;<br \/>\nR\u0103spunsul Prim\u0103riei: Imediat ce atribuim contractul pentru paz\u0103. Licita\u021bia este \u00een desf\u0103\u0219urare. F\u0103r\u0103 paz\u0103 promenada ar fi vandalizat\u0103 \u0219i s-ar intra \u0219i \u00een interiorul Arenei. &#13;\n<\/p>\n<p class=\"question\">&#13;<br \/>\nComentariu: Evenimentele s\u0103 fie programate exclusiv \u00een a 2-a parte a lunii mai \u0219i \u00een toat\u0103 luna iunie, c\u00e2t fotbalul este \u00een vacan\u021b\u0103. Pe stadion fotbalul trebuie s\u0103 aib\u0103 prioritate. De ex. \u0219i la Amsterdam se organizeaz\u0103 concerte dar Ajax NICIODAT\u0102 nu joac\u0103 pe alt teren!!!&#13;\n<\/p>\n<p class=\"answer\">&#13;<br \/>\nR\u0103spunsul Prim\u0103riei: Depinde c\u00e2t pl\u0103te\u0219te echipa. \u00cen Rom\u00e2nia, echipele de fotbal nu-\u0219i permit s\u0103 sus\u021bin\u0103 cheltuielile anuale ale Arenei Na\u021bionale, pentru c\u0103 \u00eencas\u0103rile din bilete nu sunt mari. Dup\u0103 cum vede\u021bi, tariful este de 10 ori mai mic pentru fotbal fa\u021b\u0103 de un concert sau festival.&#13;\n<\/p>\n<p class=\"question\">&#13;<br \/>\nComentariu: De ce cost\u0103 at\u00e2t de mult (n.r. gazonul)? 2.000.000 lei?&#13;\n<\/p>\n<p class=\"answer\">&#13;<br \/>\nR\u0103spunsul Prim\u0103riei: Acesta este pre\u021bul real la suprafa\u021ba dat\u0103 \u0219i este gazon de fotbal. Este special deoarece este proiectat printr-o tehnologie complex\u0103 care ofer\u0103 o suprafa\u021b\u0103 perfect plan\u0103, rezisten\u021b\u0103 la trafic intens \u0219i protec\u021bie \u00eempotriva accident\u0103rilor.&#13;\n<\/p>\n<p class=\"question\">&#13;<br \/>\nComentariu: Totu\u0219i echipele de fotbal pl\u0103tesc cred \u00eentre 750.000 &#8211; 1 mil. euro anual pentru meciurile disputate, dac\u0103 nu mai mult. Ave\u021bi o surs\u0103 de venit mai bun\u0103 dec\u00e2t echipele de fotbal? Totu\u0219i mi se pare un pic de lips\u0103 de respect s\u0103 \u00eenchide\u021bi Arena aproape 5 luni pentru scopul pentru care a fost construit\u0103. \u0218i stadioanele nu au fost f\u0103cute exclusiv pentru profit. Sunt destule stadioane noi construite care sunt sigur c\u0103 au pierderi la fel de mari.&#13;\n<\/p>\n<p class=\"answer\">&#13;<br \/>\nR\u0103spunsul Prim\u0103riei: 253.000 de euro au pl\u0103tit \u00een total echipele de fotbal pentru meciurile disputate pe Aren\u0103. Bugetul Prim\u0103riei Capitalei nu-\u0219i permite s\u0103 sus\u021bin\u0103 costurile.&#13;\n<\/p>\n<p>    <img decoding=\"async\" src=\"https:\/\/www.europesays.com\/ro\/wp-content\/uploads\/2026\/09\/gazonul-de-pe-arena-nationala-este-schimbat-12.jpg\" alt=\"Gazonul de pe Arena Na\u021bional\u0103 este schimbat. Foto: captur\u0103 video\/Prim\u0103ria Municipiului Bucure\u0219ti\" data-blur=\"https:\/\/www.europesays.com\/ro\/wp-content\/uploads\/2026\/09\/gazonul-de-pe-arena-nationala-este-schimbat-12.jpg\" width=\"684\" height=\"456\" class=\"blur\" loading=\"lazy\"\/><\/p>\n<p>            <img decoding=\"async\" src=\"https:\/\/www.europesays.com\/ro\/wp-content\/uploads\/2026\/09\/1788479056_986_gazonul-de-pe-arena-nationala-este-schimbat-12.jpg\" loading=\"lazy\" alt=\"Gazonul de pe Arena Na\u021bional\u0103 este schimbat. Foto: captur\u0103 video\/Prim\u0103ria Municipiului Bucure\u0219ti\" width=\"684\" height=\"456\"\/><\/p>\n<p>        Galerie foto (14 imagini)<\/p>\n<p>                    <a href=\"https:\/\/golazo.ro\/gazonul-de-pe-arena-nationala-este-schimbat-185234-g1?articleSource=185239\" class=\"gallery-link\" aria-label=\"Show gallery\" rel=\"nofollow noopener\" target=\"_blank\"><\/p>\n<p>                +14 Foto<br \/>\n            <\/a><\/p>\n<p>    <a href=\"https:\/\/golazo.ro\/gazonul-de-pe-arena-nationala-este-schimbat-185234-g1\/gazonul-de-pe-arena-nationala-este-schimbat-foto-captura-videoprimaria-municipiului-bucuresti-487386?articleSource=185239\" class=\"link\" rel=\"nofollow noopener\" target=\"_blank\">labels.photo-gallery<\/a><\/p>\n<p class=\"question\">&#13;<br \/>\nComentariu: Cubul c\u00e2nd o s\u0103 fie reparat? (n.r. Tabela Arenei avea multe leduri lips\u0103, de ani de zile, \u0219i nu se vedeau bine imaginile proiectate pe ea)&#13;\n<\/p>\n<p class=\"answer\">&#13;<br \/>\nR\u0103spunsul Prim\u0103riei: L-am reparat in iulie.&#13;\n<\/p>\n<p class=\"question\">&#13;<br \/>\nComentariu: Poate face\u021bi ceva si cu spa\u021biul verde din jurul Arenei.&#13;\n<\/p>\n<p class=\"answer\">&#13;<br \/>\nR\u0103spunsul Prim\u0103riei: Da, se va ocupa Prim\u0103ria Sectorului 2 Bucure\u0219ti. Am dat zona \u00een administrare.&#13;\n<\/p>\n<p class=\"question\">&#13;<br \/>\nComentariu: Pute\u021bi face o analiz\u0103 s\u0103 vede\u021bi c\u00e2t ar costa s\u0103 facem precum pe stadionul lui Real Madrid cu terenul de joc retractabil? Acolo se pot organiza concerte s\u00e2mb\u0103ta \u0219i meci duminica pentru ca exist\u0103 2 suprafe\u021be, una cu iarb\u0103 pentru fotbal \u0219i una pentru concerte.&#13;\n<\/p>\n<p class=\"answer\">&#13;<br \/>\nR\u0103spunsul Prim\u0103riei: Nu ne permitem asemenea investi\u021bii, c\u00e2nd costurile anuale de mentenan\u021b\u0103 \u0219i func\u021bionare ajung la 30 de milioane de lei \u0219i avem pierderi de 20 de milioane de lei.&#13;\n<\/p>\n<p class=\"\">Evenimentele care au blocat disputarea meciurilor de fotbal pe Arena Na\u021bional\u0103:<\/p>\n<ul class=\"\">&#13;<\/p>\n<li>13 mai 2026 &#8211; concert Metallica<\/li>\n<p>&#13;<br \/>\n&#13;<\/p>\n<li>23 mai 2026 &#8211; concert Max Korzh<\/li>\n<p>&#13;<br \/>\n&#13;<\/p>\n<li>28 mai 2026 \u2013 concert Iron Maiden<\/li>\n<p>&#13;<br \/>\n&#13;<\/p>\n<li>19-21 iunie 2026 \u2013 Congresul interna\u021bional al Martorilor lui Iehova<\/li>\n<p>&#13;<br \/>\n&#13;<\/p>\n<li>17-19 iulie 2026 \u2013 Bucharest Town Charity Run<\/li>\n<p>&#13;<br \/>\n&#13;<\/p>\n<li>21-23 august 2026 \u2013 SAGA Festival<\/li>\n<p>&#13;<br \/>\n&#13;<\/p>\n<li>4-6 septembrie &#8211; Asia Fest<\/li>\n<p>&#13;<br \/>\n&#13;<\/p>\n<li>11-13 septembrie 2026 \u2013 East European Comic Con<\/li>\n<p>&#13;\n<\/ul>\n<p>Cite\u0219te \u0219i<\/p>\n<p>VIDEO: cele mai noi imagini din sport<\/p>\n","protected":false},"excerpt":{"rendered":"&#13; Dup\u0103 ce Prim\u0103ria Municipiului Bucure\u0219ti a anun\u021bat c\u0103 a \u00eenceput schimbarea gazonului pe Arena Na\u021bional\u0103, fanii \u0219i-au&hellip;\n","protected":false},"author":2,"featured_media":287320,"comment_status":"","ping_status":"","sticky":false,"template":"","format":"standard","meta":{"footnotes":"","_share_on_mastodon":"0"},"categories":[20],"tags":[3780,518,6276,60143,5170,41,40,38,39,185,184],"class_list":["post-287319","post","type-post","status-publish","format-standard","has-post-thumbnail","category-sport","tag-arena-nationala","tag-bucuresti","tag-fani","tag-nemultumire","tag-primarie","tag-ro","tag-romana","tag-romania","tag-romanian","tag-sport","tag-sports"],"share_on_mastodon":{"url":"https:\/\/pubeurope.com\/@ro\/117209770802768645","error":""},"_links":{"self":[{"href":"https:\/\/www.europesays.com\/ro\/wp-json\/wp\/v2\/posts\/287319","targetHints":{"allow":["GET"]}}],"collection":[{"href":"https:\/\/www.europesays.com\/ro\/wp-json\/wp\/v2\/posts"}],"about":[{"href":"https:\/\/www.europesays.com\/ro\/wp-json\/wp\/v2\/types\/post"}],"author":[{"embeddable":true,"href":"https:\/\/www.europesays.com\/ro\/wp-json\/wp\/v2\/users\/2"}],"replies":[{"embeddable":true,"href":"https:\/\/www.europesays.com\/ro\/wp-json\/wp\/v2\/comments?post=287319"}],"version-history":[{"count":0,"href":"https:\/\/www.europesays.com\/ro\/wp-json\/wp\/v2\/posts\/287319\/revisions"}],"wp:featuredmedia":[{"embeddable":true,"href":"https:\/\/www.europesays.com\/ro\/wp-json\/wp\/v2\/media\/287320"}],"wp:attachment":[{"href":"https:\/\/www.europesays.com\/ro\/wp-json\/wp\/v2\/media?parent=287319"}],"wp:term":[{"taxonomy":"category","embeddable":true,"href":"https:\/\/www.europesays.com\/ro\/wp-json\/wp\/v2\/categories?post=287319"},{"taxonomy":"post_tag","embeddable":true,"href":"https:\/\/www.europesays.com\/ro\/wp-json\/wp\/v2\/tags?post=287319"}],"curies":[{"name":"wp","href":"https:\/\/api.w.org\/{rel}","templated":true}]}}