{"id":287331,"date":"2026-09-04T00:44:13","date_gmt":"2026-09-04T00:44:13","guid":{"rendered":"https:\/\/www.europesays.com\/ro\/287331\/"},"modified":"2026-09-04T00:44:13","modified_gmt":"2026-09-04T00:44:13","slug":"o-femeie-angajata-la-un-hotel-de-lux-a-fost-pusa-sa-lucreze-intr-o-debara-a-castigat-200-000-de-lire-in-instanta","status":"publish","type":"post","link":"https:\/\/www.europesays.com\/ro\/287331\/","title":{"rendered":"O femeie angajat\u0103 la un hotel de lux a fost pus\u0103 s\u0103 lucreze \u00eentr-o debara. A c\u00e2\u0219tigat 200.000 de lire \u00een instan\u021b\u0103"},"content":{"rendered":"<p>O angajat\u0103 a unui hotel de lux de cinci stele a primit peste 200.000 de lire sterline dup\u0103 ce a fost obligat\u0103 s\u0103 se ocupe de salarizarea companiei dintr-o debara veche. Un tribunal al muncii a aflat c\u0103 Robertei Ghiotto, care sufer\u0103 de ADHD, i s-a spus s\u0103 \u00eendeplineasc\u0103 o serie de atribu\u021bii \u00een trei zile, \u201esub presiune\u201d. Femeia fusese obligat\u0103 s\u0103 \u00eendeplineasc\u0103, f\u0103r\u0103 instruire, sarcini complexe de salarizare dintr-un spa\u021biu impropriu.<\/p>\n<p>A \u00eezbucnit \u00een \u201epl\u00e2ns\u201d dup\u0103 ce a fost informat\u0103 c\u0103 nu va putea fi angajat\u0103 dac\u0103 nu va \u00eendeplini sarcinile din perioada de prob\u0103 la un hotel de tip boutique din Oxford, scrie The Independent.<\/p>\n<p>Ghiotto a fost concediat\u0103 \u00een ciuda faptului c\u0103 i-a explicat angajatorului c\u0103 ADHD-ul de care sufer\u0103 \u00eei \u00eengreuneaz\u0103 foarte mult munca unde este nevoie de aten\u021bie la detalii, scrie <a href=\"https:\/\/www.independent.co.uk\/news\/uk\/home-news\/adhd-employment-tribunal-roberta-ghiotto-b3042646.html\" target=\"_blank\" rel=\"nofollow noopener\">The Independent<\/a>.<\/p>\n<p>Tribunalul Muncii din Reading a decis c\u0103 sarcina a fost \u201ef\u0103cut\u0103 special s\u0103 nu fie \u00eendeplinit\u0103\u201d.<\/p>\n<p>Ea a c\u00e2\u0219tigat o ac\u021biune pentru discriminare pe motive de dizabilitate \u0219i neefectuarea unor ajust\u0103ri rezonabile la locul de munc\u0103, primind o desp\u0103gubire de 200.252 de lire sterline.<\/p>\n<p>Ghiotto a lucrat ca \u0219i coordonator de talente \u0219i cultur\u0103 la hotelul de cinci stele Hawkwell House din Iffley, Oxford, din octombrie 2023 p\u00e2n\u0103 la concedierea sa \u00een martie 2024. Hotelul este administrat de Grupul Accor, care opereaz\u0103 aproximativ 6.000 de hoteluri la nivel global.<\/p>\n<p>Ghiotto a fost angajat\u0103 ca asistent\u0103 de maternitate, iar c\u00e2nd a fost angajat\u0103, nu exista o fi\u0219\u0103 a postului pentru rolul ei, de\u0219i era denumit\u0103 resurse umane (HR), a aflat tribunalul. Femeia nu de\u021binea nicio calificare sau experien\u021b\u0103 formal\u0103 \u00een HR \u0219i a fost supus\u0103 unei perioade de prob\u0103 de trei luni.<\/p>\n<p>O parte din responsabilit\u0103\u021bile sale includea wellness-ul, \u00een timp ce aproximativ 25% implicau efectuarea de sarcini legate de salarizare, lucru pe care, a spus ea, l-a considerat considerabil mai dificil.<\/p>\n<p>Ghiotto \u0219i-a informat angajatorii c\u0103 sufer\u0103 de ADHD \u0219i c\u0103 are dificult\u0103\u021bi \u00een a se concentra \u00eentr-un birou aglomerat \u00een timp ce \u00eendeplinea sarcini axate pe detalii.<\/p>\n<p>Ghiotto spune c\u0103 imediat ce s-a al\u0103turat hotelului, Anuj Sagar, noul director general, a \u00eenceput imediat s\u0103 o antipatizeze \u0219i s\u0103 aib\u0103 \u201eprejudec\u0103\u021bi\u201d fa\u021b\u0103 de ea.<\/p>\n<p>Ea l-a informat despre problemele ei de concentrare, dar el a recunoscut c\u0103 a crezut c\u0103 \u00eencerca s\u0103 fie \u201e\u00een mod deliberat insubordonat\u0103\u201d, sustine tribunalul.<\/p>\n<p>Sagar a decis s\u0103-i prelungeasc\u0103 perioada de prob\u0103 cu \u00eenc\u0103 trei luni, deoarece f\u0103cuse erori \u00een sarcinile de salarizare. El a spus c\u0103 ar trebui s\u0103 se concentreze exclusiv pe sarcinile de salarizare timp de trei zile \u00een februarie 2024, \u00eentr-o camer\u0103 separat\u0103, care era un fost dulap f\u0103r\u0103 telefon sau fereastr\u0103, a aflat tribunalul.<\/p>\n<p>Ghiotto i-a spus c\u0103 are pu\u021bin\u0103 experien\u021b\u0103 \u0219i nu are calific\u0103ri sau instruire \u00een domeniul salariz\u0103rii \u0219i c\u0103 a considerat acest aspect al rolului deosebit de dificil din cauza nevoilor sale suplimentare.<\/p>\n<p>\u00cen cele trei zile, Ghiotto a considerat sarcina foarte stresant\u0103 \u0219i a cerut ajutorul unuia dintre contabili \u0219i o zi suplimentar\u0103 pentru a o \u00eendeplini. Ea era \u00eengrijorat\u0103 c\u0103 nu va trece de perioada de prob\u0103 dac\u0103 nu putea \u00eendeplini sarcina.<\/p>\n<p>Dup\u0103 o \u00eent\u00e2lnire cu Sagar pentru a discuta durata de timp necesar\u0103 pentru plata salariilor, ea i-a spus c\u0103 are ADHD, iar c\u00e2nd acesta a \u00eentrebat-o ulterior dac\u0103 fusese diagnosticat\u0103, ea a r\u0103spuns c\u0103 nu fusese diagnosticat\u0103 oficial.<\/p>\n<p>El a spus c\u0103 a primit sfaturi de la consultan\u021bii Croner c\u0103 o poate concedia \u0219i i-a trimis o scrisoare de concediere \u00een martie 2024, pe baza faptului c\u0103 nu a \u00eendeplinit standardele cerute \u00een perioada de prob\u0103.<\/p>\n<p>Judec\u0103torul de Munc\u0103 Akua Reindorf a decis c\u0103 Ghiotto are \u00eentr-adev\u0103r ADHD, \u00een ciuda faptului c\u0103 nu avea un diagnostic, iar Sagar era con\u0219tient de acest lucru.<\/p>\n<p>Ea a spus c\u0103 el a cerut sfaturi despre ADHD \u0219i a decis c\u0103, deoarece ea nu avea un diagnostic, o poate concedia.<\/p>\n<p>Judec\u0103torul Reindorf a declarat: \u201eConsider\u0103m c\u0103 este probabil ca concedierea s\u0103 se fi bazat pe interpretarea eronat\u0103 a faptului c\u0103 un diagnostic este necesar \u00eenainte ca o afec\u021biune s\u0103 poat\u0103 fi clasificat\u0103 drept dizabilitate \u00een temeiul EqA [Legea egalit\u0103\u021bii]\u201d, sus\u021bine instan\u021ba.<\/p>\n<p>\u201ePrin urmare, inten\u021bia a fost de a o concedia pentru c\u0103 avea ADHD, crez\u00e2nd c\u0103 nu era protejat\u0103 de EqA. Mai mult, domnul Sagar \u0219tia c\u0103 sfatul a fost dat din aceste motive.\u201d<\/p>\n<p>Judec\u0103torul a declarat c\u0103 sarcina de a completa salarizarea a fost pus\u0103 la punct de Sagar pentru a o face pe doamna Ghiotto s\u0103 \u201ee\u0219ueze\u201d, deoarece debaraua nu era un \u201espa\u021biu de lucru potrivit\u201d.<\/p>\n<p>Ea a spus: \u201eSuntem de acord cu [doamna Ghiotto] c\u0103, limit\u00e2ndu-i atribu\u021biile la salarizare doar pe parcursul acestei perioade de trei zile, Sagar a preg\u0103tit-o s\u0103 e\u0219ueze. Respingem dovezile sale conform c\u0103rora \u00eencerca s\u0103 o sprijine. Mai degrab\u0103, credem c\u0103 \u00eencerca s\u0103 g\u0103seasc\u0103 dovezi care s\u0103-\u0219i sus\u021bin\u0103 opinia c\u0103 nu era capabil\u0103 de acest loc de munc\u0103. I-a privat de toate aspectele locului de munc\u0103 de care se bucura \u0219i \u00een care avea succes \u0219i a pus-o s\u0103 lucreze doar la sarcina cu care se chinuia cel mai mult\u201d, a mai spus instan\u021ba..<\/p>\n<p>\u201eNu a aranjat instruire sau sprijin suplimentar, \u00een afar\u0103 de a o plasa singur\u0103 \u00eentr-o camer\u0103 mic\u0103, izolat\u0103, f\u0103r\u0103 ferestre, se presupune c\u0103 pentru a o ajuta s\u0103 se concentreze.\u201d \u201eDe asemenea, constat\u0103m c\u0103 a fost distras\u0103 de la sarcin\u0103 de presiunea sub care o plasase domnul Sagar. \u00cen opinia noastr\u0103, problemele pe care le-a \u00eent\u00e2mpinat \u00een aceast\u0103 perioad\u0103 s-au datorat unei combina\u021bii de dificult\u0103\u021bi cu acest tip de munc\u0103 din cauza ADHD-ului, presiunii sub care fusese plasat\u0103 de domnul Sagar, lipsei sale de preg\u0103tire \u0219i experien\u021b\u0103 \u0219i faptului c\u0103 sarcina nu era deosebit de simpl\u0103 din cauza datelor lips\u0103 \u0219i incomplete \u0219i a confuziei cu privire la procese\u201d, a mai spus judecatoarea.<\/p>\n<p>Ghiotto a declarat c\u0103, fiind concediat\u0103, a c\u0103zut \u00eentr-o \u201edepresie profund\u0103\u201d \u0219i a trebuit s\u0103 mearg\u0103 la medic pentru medica\u021bie.<\/p>\n<p>Ea a spus: \u201eImagineaz\u0103-\u021bi c\u0103 \u0219tii c\u0103 ai ceva special, ceva diferit, pentru care ai nevoie de sprijin, \u0219i \u00eei comunici acest lucru managerului t\u0103u direct, cer\u00e2ndu-i ajutor, dar \u00een loc s\u0103-\u021bi ofere ajutor sau sprijin, managerul t\u0103u direct folose\u0219te exact acel lucru ca motiv pentru a te concedia\u201d.<\/p>\n<p>\u201eSentimentul de tr\u0103dare absolut\u0103 pe care \u00eel sim\u021bi din acel moment este \u00eengrozitor, distruge sufletul, \u00ee\u021bi sec\u0103tuie\u0219te \u00eencrederea \u0219i \u00ee\u021bi afecteaz\u0103 cu adev\u0103rat imaginea de sine \u0219i stima de sine.\u201d<\/p>\n<p>\u021ai-a pl\u0103cut articolul?<\/p>\n<p> Vrem s\u0103 producem mai multe, \u00eens\u0103 avem nevoie de sus\u021binerea ta. Orice dona\u021bie conteaz\u0103 pentru jurnalismul independent <\/p>\n","protected":false},"excerpt":{"rendered":"O angajat\u0103 a unui hotel de lux de cinci stele a primit peste 200.000 de lire sterline dup\u0103&hellip;\n","protected":false},"author":2,"featured_media":287332,"comment_status":"","ping_status":"","sticky":false,"template":"","format":"standard","meta":{"footnotes":"","_share_on_mastodon":"0"},"categories":[12],"tags":[73205,32,33,31,65384,79122,79121,8280,50979,36,37,27,14990,74,34,35,93,25,47809,41,40,38,39,26,28,29,30,71,72,73],"class_list":["post-287331","post","type-post","status-publish","format-standard","has-post-thumbnail","category-international","tag-adhd","tag-breaking-news","tag-breakingnews","tag-cele-mai-populare-subiecte","tag-concediere-abuziva","tag-conditii-munca","tag-despagubiri-angajator","tag-discriminare","tag-dizabilitati","tag-featured-news","tag-featurednews","tag-headlines","tag-hotel-lux","tag-international","tag-latest-news","tag-latestnews","tag-marea-britanie","tag-news","tag-oxford","tag-ro","tag-romana","tag-romania","tag-romanian","tag-stiri","tag-titluri","tag-top-stories","tag-topstories","tag-world","tag-world-news","tag-worldnews"],"share_on_mastodon":{"url":"https:\/\/pubeurope.com\/@ro\/117210006353830030","error":""},"_links":{"self":[{"href":"https:\/\/www.europesays.com\/ro\/wp-json\/wp\/v2\/posts\/287331","targetHints":{"allow":["GET"]}}],"collection":[{"href":"https:\/\/www.europesays.com\/ro\/wp-json\/wp\/v2\/posts"}],"about":[{"href":"https:\/\/www.europesays.com\/ro\/wp-json\/wp\/v2\/types\/post"}],"author":[{"embeddable":true,"href":"https:\/\/www.europesays.com\/ro\/wp-json\/wp\/v2\/users\/2"}],"replies":[{"embeddable":true,"href":"https:\/\/www.europesays.com\/ro\/wp-json\/wp\/v2\/comments?post=287331"}],"version-history":[{"count":0,"href":"https:\/\/www.europesays.com\/ro\/wp-json\/wp\/v2\/posts\/287331\/revisions"}],"wp:featuredmedia":[{"embeddable":true,"href":"https:\/\/www.europesays.com\/ro\/wp-json\/wp\/v2\/media\/287332"}],"wp:attachment":[{"href":"https:\/\/www.europesays.com\/ro\/wp-json\/wp\/v2\/media?parent=287331"}],"wp:term":[{"taxonomy":"category","embeddable":true,"href":"https:\/\/www.europesays.com\/ro\/wp-json\/wp\/v2\/categories?post=287331"},{"taxonomy":"post_tag","embeddable":true,"href":"https:\/\/www.europesays.com\/ro\/wp-json\/wp\/v2\/tags?post=287331"}],"curies":[{"name":"wp","href":"https:\/\/api.w.org\/{rel}","templated":true}]}}