{"id":287341,"date":"2026-09-04T01:42:28","date_gmt":"2026-09-04T01:42:28","guid":{"rendered":"https:\/\/www.europesays.com\/ro\/287341\/"},"modified":"2026-09-04T01:42:28","modified_gmt":"2026-09-04T01:42:28","slug":"u-cluj-a-raspuns-la-oferta-lui-gigi-becali-pentru-jovo-lukic","status":"publish","type":"post","link":"https:\/\/www.europesays.com\/ro\/287341\/","title":{"rendered":"U Cluj a r\u0103spuns la oferta lui Gigi Becali pentru Jovo Lukic"},"content":{"rendered":"<p>\n            Articol de <a rel=\"author nofollow noopener\" href=\"https:\/\/www.gsp.ro\/autor\/tudor-belivaca-3989.html\" target=\"_blank\">Tudor Belivac\u0103<\/a>            &#8211; Publicat joi, 03 septembrie 2026 10:51            \/ Actualizat joi, 03 septembrie 2026 11:14                    <\/p>\n<p>Radu Constantea, pre\u0219edintele celor de la <a class=\"autolink-enabled\" data-resource-id=\"598\" data-resource-type=\"team\" data-sport=\"football\" href=\"https:\/\/www.gsp.ro\/rezultate-live\/echipa-teamname-598\" rel=\"nofollow noopener\" target=\"_blank\">U Cluj<\/a>, a r\u0103spuns dup\u0103 ce Gigi Becali, patronul celor de la <a class=\"autolink-enabled\" data-resource-id=\"576\" data-resource-type=\"team\" data-sport=\"football\" href=\"https:\/\/www.gsp.ro\/rezultate-live\/echipa-teamname-576\" rel=\"nofollow noopener\" target=\"_blank\">FCSB<\/a>, a anun\u021bat c\u0103 ofer\u0103 \u201e2 milioane \u0219i niciun ban \u00een plus\u201d pentru Jovo Lukic (27 de ani).<\/p>\n<p class=\"do-not-hide\">Dup\u0103 ce Gigi Becali a transmis c\u0103 a rezolvat transferurile lui Muhar, Dr\u0103gu\u0219 \u0219i Korenica, a zis c\u0103 mai dore\u0219te un atacant. Variantele sunt un norvegian \u0219i Jovo Lukic. U Cluj nu va renun\u021ba u\u0219or la golgheterul ei.<\/p>\n<p>Radu Constantea: \u201eAu existat oferte peste aceast\u0103 sum\u0103 2 de milioane de euro\u201d<\/p>\n<p>\u201eAu existat oferte peste aceast\u0103 sum\u0103 2 de milioane de euro pe care le-am avut pentru Jovo Lukic \u00een aceast\u0103 var\u0103, iar din motive tehnice, s\u0103 spunem a\u0219a, nu s-a realizat transferul. Nu discut despre sume \u00een spa\u021biul public, dar e clar c\u0103 o propunere de 2 milioane de euro nu ne-ar satisface.<\/p>\n<p>Nu o s\u0103 fie v\u00e2ndut pentru aceast\u0103 sum\u0103. Juc\u0103torul nu are clauz\u0103 de reziliere, nu. Despre Macalou nu are rost s\u0103 discut\u0103m, au fost doar supozi\u021bii \u0219i nimic concret\u201d, a transmis pre\u0219edintele \u201e\u0219epcilor ro\u0219ii\u201d, Radu Constantea, conform <a target=\"_self\" class=\"editor-link\" href=\"https:\/\/as.ro\/fotbal\/liga-1\/u-cluj-raspuns-pentru-fcsb-dupa-ce-gigi-becali-a-spus-ca-plateste-2-000-000-de-euro-pentru-jovo-lukic-683740.html\" rel=\"nofollow noopener\">as.ro.<\/a><\/p>\n<ul>\n<li>\n<p>Jovo Lukic a fost golgheterul sezonului precedent din Superliga. \u00cen campionatul intern, \u00een primul s\u0103u an la forma\u021bia din Ardeal, bosniacul a marcat 18 goluri<\/p>\n<\/li>\n<li>\n<p>A fost prezent la Campionatul Mondial, \u00een lotul Bosniei \u0219i Her\u021begovinei, iar \u00een startul noului sezon competi\u021bional a bifat 6 meciuri, 4 goluri \u0219i o pas\u0103 decisiv\u0103. Este cotat de site-urile de specialitate la 2,2 milioane de euro.<\/p>\n<\/li>\n<\/ul>\n<p>Anun\u021bul lui Gigi Becali: Jovo Lukic sau un norvegian de 1,98 metri<\/p>\n<p>\u201eCei 3 (n.r. &#8211; Korenica, Muhar \u0219i Dr\u0103gu\u0219) au semnat. Eu l-am luat pe Dr\u0103gu\u0219 ca atacant st\u00e2nga, a\u0219a mi-a pl\u0103cut mie. Vine din band\u0103 ca un buldozer.<\/p>\n<p>Momentan, poate fi \u0219i \u00een centru. Eu trebuie s\u0103 mai iau un atacant zilele astea. O s\u0103 mai iau un atacant, c\u0103 vreau s\u0103 joc a\u0219a: David Miculescu, un atacant, Dr\u0103gu\u0219.<\/p>\n<p>\u00cen dou\u0103 zile dac\u0103 nu g\u0103sesc atacant, m\u0103 uit eu la meciuri \u00eentregi, nu la filmule\u021be, pac, ofert\u0103 de 2 milioane pentru Lukic, niciun ban \u00een plus. Iau un norvegian atacant, care are 1,98m, sau pe Lukic, s\u0103 vedem\u201d<a target=\"_self\" class=\"editor-link\" href=\"https:\/\/www.gsp.ro\/fotbal\/liga-1\/fcsb-transfer-gigi-becali-atacant-jovo-lukic-denis-dragus-975932.html\" rel=\"nofollow noopener\">, a spus Becali, la Prima Sport 1.<\/a><\/p>\n","protected":false},"excerpt":{"rendered":"Articol de Tudor Belivac\u0103 &#8211; Publicat joi, 03 septembrie 2026 10:51 \/ Actualizat joi, 03 septembrie 2026 11:14&hellip;\n","protected":false},"author":2,"featured_media":287342,"comment_status":"","ping_status":"","sticky":false,"template":"","format":"standard","meta":{"footnotes":"","_share_on_mastodon":"0"},"categories":[5],"tags":[32,33,31,269,36,37,27,19378,34,35,25,6381,41,40,38,39,26,28,29,30,440],"class_list":["post-287341","post","type-post","status-publish","format-standard","has-post-thumbnail","category-titluri","tag-breaking-news","tag-breakingnews","tag-cele-mai-populare-subiecte","tag-fcsb","tag-featured-news","tag-featurednews","tag-headlines","tag-jovo-lukic","tag-latest-news","tag-latestnews","tag-news","tag-radu-constantea","tag-ro","tag-romana","tag-romania","tag-romanian","tag-stiri","tag-titluri","tag-top-stories","tag-topstories","tag-u-cluj"],"share_on_mastodon":{"url":"https:\/\/pubeurope.com\/@ro\/117210234391698799","error":""},"_links":{"self":[{"href":"https:\/\/www.europesays.com\/ro\/wp-json\/wp\/v2\/posts\/287341","targetHints":{"allow":["GET"]}}],"collection":[{"href":"https:\/\/www.europesays.com\/ro\/wp-json\/wp\/v2\/posts"}],"about":[{"href":"https:\/\/www.europesays.com\/ro\/wp-json\/wp\/v2\/types\/post"}],"author":[{"embeddable":true,"href":"https:\/\/www.europesays.com\/ro\/wp-json\/wp\/v2\/users\/2"}],"replies":[{"embeddable":true,"href":"https:\/\/www.europesays.com\/ro\/wp-json\/wp\/v2\/comments?post=287341"}],"version-history":[{"count":0,"href":"https:\/\/www.europesays.com\/ro\/wp-json\/wp\/v2\/posts\/287341\/revisions"}],"wp:featuredmedia":[{"embeddable":true,"href":"https:\/\/www.europesays.com\/ro\/wp-json\/wp\/v2\/media\/287342"}],"wp:attachment":[{"href":"https:\/\/www.europesays.com\/ro\/wp-json\/wp\/v2\/media?parent=287341"}],"wp:term":[{"taxonomy":"category","embeddable":true,"href":"https:\/\/www.europesays.com\/ro\/wp-json\/wp\/v2\/categories?post=287341"},{"taxonomy":"post_tag","embeddable":true,"href":"https:\/\/www.europesays.com\/ro\/wp-json\/wp\/v2\/tags?post=287341"}],"curies":[{"name":"wp","href":"https:\/\/api.w.org\/{rel}","templated":true}]}}