{"id":287349,"date":"2026-09-04T02:38:08","date_gmt":"2026-09-04T02:38:08","guid":{"rendered":"https:\/\/www.europesays.com\/ro\/287349\/"},"modified":"2026-09-04T02:38:08","modified_gmt":"2026-09-04T02:38:08","slug":"ghinion-teribil-jucatorul-de-la-fc-arges-a-suferit-a-cincea-operatie-la-genunchi-nu-renunt","status":"publish","type":"post","link":"https:\/\/www.europesays.com\/ro\/287349\/","title":{"rendered":"Ghinion teribil.\u00a0Juc\u0103torul de la FC Arge\u0219 a suferit a cincea opera\u021bie la genunchi: \u201eNu renun\u021b!\u201d"},"content":{"rendered":"<ul class=\"bullets\">&#13;<\/p>\n<li>Robert Moldoveanu (27 de ani), juc\u0103torul celor de la FC Arge\u0219, a suferit a cincea opera\u021bie la genunchi din carier\u0103<\/li>\n<p>&#13;<br \/>\n&#13;<\/p>\n<li>Totul la o zi dup\u0103 \u00eenfr\u00e2ngerea categoric\u0103 suferit\u0103 cu FCSB, scor 0-5, \u00een grupa C a Cupei Rom\u00e2niei.<\/li>\n<p>&#13;\n<\/ul>\n<p><a id=\"google-source-button\" class=\"google-favorite\" target=\"_blank\" href=\"https:\/\/www.google.com\/preferences\/source?q=golazo.ro\" rel=\"nofollow noopener\"><\/p>\n<p>        <img loading=\"lazy\" decoding=\"async\" src=\"https:\/\/golazo.ro\/images\/google-logo.svg\" alt=\"\" width=\"24\" height=\"24\"\/><br \/>\n        <img loading=\"lazy\" decoding=\"async\" src=\"https:\/\/golazo.ro\/images\/check-icon-2.svg\" alt=\"\" width=\"24\" height=\"24\"\/><\/p>\n<p>    Adaug\u0103 GOLAZO.ro la favorite<\/p>\n<p><\/a><\/p>\n<p class=\"\">La finalul partidei de miercuri, antrenorul <a target=\"_blank\" href=\"https:\/\/golazo.ro\/bogdan-andone-fc-arges-cupa-romaniei-infrangere-fcsb-185175\" rel=\"nofollow noopener\">Bogdan Andone a anun\u021bat c\u0103 Moldoveanu se va opera<\/a>, din cauza problemelor la menisc.<\/p>\n<p>Robert Moldoveanu a suferit a cincea interven\u021bie chirurgical\u0103 din carier\u0103<\/p>\n<p class=\"\">Robert Moldoveanu, unul dintre cei mai importan\u021bi juc\u0103tori de la FC Arge\u0219, a \u00eent\u00e2mpinat mai multe probleme medicale \u00een ultimele meciuri, care l-au \u00eempiedicat s\u0103 evolueze la capacitate maxim\u0103.<\/p>\n<p class=\"\">Cu FCSB, Moldoveanu a fost schimbat la pauz\u0103. Ast\u0103zi, extrema st\u00e2ng\u0103 a pite\u0219tenilor s-a operat pentru a cincea oar\u0103 \u00een carier\u0103 la genunchi \u0219i a transmis un mesaj motiva\u021bional.<\/p>\n<p class=\"\">\u201eVreau s\u0103 v\u0103 spun doar at\u00e2t: nu renun\u021b. Ast\u0103zi am avut parte de a 5-a opera\u021bie la genunchi \u0219i, chiar dac\u0103 nu este u\u0219or, \u0219tiu c\u0103 fiecare zi de recuperare m\u0103 va duce mai aproape de momentul \u00een care voi p\u0103\u0219i din nou pe teren.<\/p>\n<p class=\"\">Am c\u0103zut de multe ori, dar m-am ridicat de fiecare dat\u0103.<\/p>\n<p class=\"\">Ne vedem din nou pe teren. \u0218i promit c\u0103 voi reveni mai puternic ca niciodat\u0103\u201d, a scris Robert Moldoveanu pe Instagram. <\/p>\n<p class=\"\">Sosit \u00een vara anului 2024 la FC Arge\u0219 de la Chindia, Robert Moldoveanu a devenit treptat unul dintre cei mai importan\u021bi juc\u0103tori ai echipei.<\/p>\n<p class=\"\">Fotbalistul \u00een v\u00e2rst\u0103 de 27 de ani traversa o perioad\u0103 foarte bun\u0103 a carierei. Dup\u0103 ce a jucat \u00een play-off cu FC Arge\u0219 \u00een sezonul trecut, Moldoveanu a avut un start promi\u021b\u0103tor de campionat, cu 3 goluri marcate \u00een 7 meciuri.<\/p>\n<p class=\"\">Nu se \u0219tie \u00eenc\u0103 exact c\u00e2t va lipsi de pe gazon, dar fotbalistul va avea nevoie de un timp mai lung de recuperare, dup\u0103 opera\u021bia suferit\u0103.<\/p>\n<p>700.000 de euro<\/p>\n<p>este cota de pia\u021b\u0103 a lui Robert Moldoveanu, conform Transfermarkt<\/p>\n<ul class=\"\">&#13;<\/p>\n<li>Dinamo, FC Bra\u0219ov, Petrolul \u0219i Farul sunt celelalte echipe pentru care a mai jucat Robert Moldoveanu.<\/li>\n<p>&#13;\n<\/ul>\n<p class=\"\">\u00cen sezonul trecut, acesta a jucat 38 de meciuri pentru FC Arge\u0219 \u00een toate competi\u021biile, reu\u0219ind s\u0103 \u00eenscrie 7 goluri \u0219i s\u0103 livreze trei pase decisive.<\/p>\n<p>Cite\u0219te \u0219i<\/p>\n<p>VIDEO: cele mai noi imagini din sport<\/p>\n","protected":false},"excerpt":{"rendered":"&#13; Robert Moldoveanu (27 de ani), juc\u0103torul celor de la FC Arge\u0219, a suferit a cincea opera\u021bie la&hellip;\n","protected":false},"author":2,"featured_media":287350,"comment_status":"","ping_status":"","sticky":false,"template":"","format":"standard","meta":{"footnotes":"","_share_on_mastodon":"0"},"categories":[5],"tags":[32,33,31,67,36,37,27,34,35,51,25,2031,41,33295,40,38,39,26,28,29,30],"class_list":["post-287349","post","type-post","status-publish","format-standard","has-post-thumbnail","category-titluri","tag-breaking-news","tag-breakingnews","tag-cele-mai-populare-subiecte","tag-fc-arges","tag-featured-news","tag-featurednews","tag-headlines","tag-latest-news","tag-latestnews","tag-liga-1","tag-news","tag-operatie","tag-ro","tag-robert-moldoveanu","tag-romana","tag-romania","tag-romanian","tag-stiri","tag-titluri","tag-top-stories","tag-topstories"],"share_on_mastodon":{"url":"https:\/\/pubeurope.com\/@ro\/117210455108707506","error":""},"_links":{"self":[{"href":"https:\/\/www.europesays.com\/ro\/wp-json\/wp\/v2\/posts\/287349","targetHints":{"allow":["GET"]}}],"collection":[{"href":"https:\/\/www.europesays.com\/ro\/wp-json\/wp\/v2\/posts"}],"about":[{"href":"https:\/\/www.europesays.com\/ro\/wp-json\/wp\/v2\/types\/post"}],"author":[{"embeddable":true,"href":"https:\/\/www.europesays.com\/ro\/wp-json\/wp\/v2\/users\/2"}],"replies":[{"embeddable":true,"href":"https:\/\/www.europesays.com\/ro\/wp-json\/wp\/v2\/comments?post=287349"}],"version-history":[{"count":0,"href":"https:\/\/www.europesays.com\/ro\/wp-json\/wp\/v2\/posts\/287349\/revisions"}],"wp:featuredmedia":[{"embeddable":true,"href":"https:\/\/www.europesays.com\/ro\/wp-json\/wp\/v2\/media\/287350"}],"wp:attachment":[{"href":"https:\/\/www.europesays.com\/ro\/wp-json\/wp\/v2\/media?parent=287349"}],"wp:term":[{"taxonomy":"category","embeddable":true,"href":"https:\/\/www.europesays.com\/ro\/wp-json\/wp\/v2\/categories?post=287349"},{"taxonomy":"post_tag","embeddable":true,"href":"https:\/\/www.europesays.com\/ro\/wp-json\/wp\/v2\/tags?post=287349"}],"curies":[{"name":"wp","href":"https:\/\/api.w.org\/{rel}","templated":true}]}}